{"id":6249,"date":"2014-09-23T08:22:51","date_gmt":"2014-09-23T07:22:51","guid":{"rendered":"https:\/\/www.jocelyne-lopez.de\/blog\/?p=6249"},"modified":"2015-03-05T12:21:59","modified_gmt":"2015-03-05T11:21:59","slug":"primatenversuche-in-tuebingen-demonstration-des-entsetzens-und-der-wut","status":"publish","type":"post","link":"https:\/\/www.jocelyne-lopez.de\/blog\/2014\/09\/primatenversuche-in-tuebingen-demonstration-des-entsetzens-und-der-wut\/","title":{"rendered":"Primatenversuche in T\u00fcbingen: Demonstration des Entsetzens und der Wut!"},"content":{"rendered":"<p style=\"text-align: justify;\">Wegen den jahrzehntenlangen, sinnlosen und pseudowissenschaftlichen Primaten-versuchen haben zahlreiche B\u00fcrger ihr Entsetzen und ihre Wut wieder einmal auf die Stra\u00dfe verlagert, wie am 20. September 2014 nach den neuesten Undercover-Aufnahmen eines Tiersch\u00fctzers im Hochburg des Folters und des Mordens T\u00fcbingen,<\/p>\n<p>&nbsp;<\/p>\n<p style=\"text-align: left; padding-left: 30px;\"><a href=\"http:\/\/www.stern.de\/tv\/sterntv\/aufnahmen-eines-tierschuetzers-bilder-aus-dem-tierversuchslabor-des-max-planck-instituts-in-tuebingen-2137030.html\" target=\"_blank\">09.09.2014 &#8211; Bilder aus dem Tierversuchslabor des Max Planck Instituts, ver\u00f6ffentlicht\u00a0von STERN<\/a><\/p>\n<p style=\"text-align: justify; padding-left: 30px;\">Unertr\u00e4glich. Die Kultur der Gewalt, des Gr\u00e4uels,\u00a0der Barbarei,\u00a0der Ignoranz, der gezielten Irref\u00fchrung der \u00d6ffentlichkeit, des wissenschaftlichen Betruges, der\u00a0Feigheit, des\u00a0ethischen Zerfalles\u00a0und der Unmenschlichkeit. Und solche Typen nennen sich selbst &#8222;Wissenschaftler&#8220;.<\/p>\n<p style=\"padding-left: 30px;\"><span style=\"color: #ffffff;\">.<\/span><\/p>\n<p style=\"padding-left: 30px;\"><a href=\"http:\/\/www.stern.de\/tv\/sterntv\/aufnahmen-eines-tierschuetzers-bilder-aus-dem-tierversuchslabor-des-max-planck-instituts-in-tuebingen-2137030.html\" target=\"_blank\">20.09.2014 &#8211; Tagesblatt.de\u00a0&#8211;\u00a0 <strong>Bis zu 1200 Teilnehmer bei der Kundgebung gegen Tierversuche<\/strong><\/a>\u00a0&#8211; &#8222;<em>Zeitweise bis zu 1200 Teilnehmer haben an der Demonstration gegen Tierversuche in T\u00fcbingen teilgenommen, zu der der Verein &#8222;Soko Tierschutz&#8220; auf Samstagnachmittag aufgerufen hatte. Laut Polizei verlief die Demo friedlich und ohne Zwischenf\u00e4lle<\/em>.&#8220;<\/p>\n<p style=\"padding-left: 30px;\"><span style=\"color: #ffffff;\">.<\/span><\/p>\n<p style=\"padding-left: 30px;\"><a href=\"http:\/\/www.swr.de\/swr4\/bw\/region-aktuell\/nach-kritik-am-max-planck-institut-demo-gegen-tierversuche-in-tuebingen\/-\/id=258368\/nid=258368\/did=14206936\/17s2fv\/index.html\" target=\"_blank\">20.09.2014 &#8211; SRW 4 &#8211; Kurzes Video der Demo mit Rede des Tiersch\u00fctzers und Tierrechtlers Friedrich M\u00fclln (der die Undercover-Aufnahmen 2004\u00a0im Affenlabor COVANCE in M\u00fcnster f\u00fcr ZDF Frontal gedreht hatte):<\/a><\/p>\n<p style=\"padding-left: 30px;\"><span style=\"color: #ffffff;\">.<\/span><\/p>\n<p style=\"padding-left: 30px;\"><script>\/\/ < ![CDATA[\n\/\/ < ![CDATA[\n\/\/ < ![CDATA[\n\/\/ < ![CDATA[\n\/\/ < ![CDATA[\n\/\/ < ![CDATA[\n\/\/ < ![CDATA[\n\/\/ < ![CDATA[\n\/\/ < ![CDATA[\n\/\/ < ![CDATA[\n\/\/ < ![CDATA[\n\/\/ < ![CDATA[\n\/\/ < ![CDATA[\n\/\/ < ![CDATA[\n\/\/ < ![CDATA[\n\/\/ < ![CDATA[\n\/\/ < ![CDATA[\n\/\/ < ![CDATA[\n\/\/ < ![CDATA[\n\/\/ < ![CDATA[\n\/\/ < ![CDATA[\n\/\/ < ![CDATA[\n\/\/ < ![CDATA[\n\/\/ < ![CDATA[\n\/\/ < ![CDATA[\n\/\/ < ![CDATA[\n\/\/ < ![CDATA[\n\/\/ < ![CDATA[\n\/\/ < ![CDATA[\n\/\/ < ![CDATA[\n\/\/ < ![CDATA[\n\/\/ < ![CDATA[ (function(d, s, id) { var js, fjs = d.getElementsByTagName(s)[0]; if (d.getElementById(id)) return; js = d.createElement(s); js.id = id; js.src = \"\/\/connect.facebook.net\/de_DE\/all.js#xfbml=1\"; fjs.parentNode.insertBefore(js, fjs); }(document, 'script', 'facebook-jssdk'));\n\/\/ ]]><\/script><\/p>\n<p style=\"text-align: left;\">\n<p style=\"text-align: left;\">\u2014\u2014\u2014\u2014\u2014\u2013<br \/>\nSiehe auch in diesem Gesamtkontext:<\/p>\n<p style=\"text-align: left;\"><a href=\"https:\/\/www.jocelyne-lopez.de\/blog\/2014\/05\/andreas-kreiter-sehen-sie-sich-diese-leute-an\/\" target=\"_blank\">Andreas Kreiter, sehen Sie sich \u201cdiese Leute\u201d an.<\/a><\/p>\n<p style=\"text-align: left;\"><a href=\"https:\/\/www.jocelyne-lopez.de\/blog\/2014\/09\/das-zombie-parlament-des-lands-nordrhein-westfalen\/\" target=\"_blank\">Das Zombie-Parlament des Lands Nordrhein-Westfalen<\/a><\/p>\n<p><a href=\"https:\/\/www.jocelyne-lopez.de\/blog\/2014\/09\/das-zombie-parlament-des-landes-nordrhein-westfalen-die-zweite\/\" target=\"_blank\">Das Zombie-Parlament des Lands Nordrhein-Westfalen: Die zweite.<\/a><\/p>\n<p style=\"text-align: left;\"><a href=\"https:\/\/www.jocelyne-lopez.de\/blog\/2014\/09\/das-zombie-parlament-des-landes-nordrhein-westfalen-die-dritte\/\" target=\"_blank\">Das Zombie-Parlament des Landes Nordrhein-Westfalen: Die dritte <\/a><\/p>\n<p style=\"text-align: left;\"><a href=\"https:\/\/www.jocelyne-lopez.de\/blog\/2014\/09\/im-land-nrw-werden-die-rechte-der-buerger-missachtet-klageerzwingungsverfahren-gegen-die-behoerde-lanuv-nrw\/\" target=\"_blank\">Im Land NRW werden die Rechte der B\u00fcrger missachtet: Klageerzwingungsverfahren gegen die Beh\u00f6rde LANUV NRW <\/a><\/p>\n<p style=\"text-align: left;\"><a href=\"https:\/\/www.jocelyne-lopez.de\/blog\/2014\/09\/der-totalitaere-staat-nrw-der-hannelore-kraft-hat-wieder-zugeschlagen\/\" target=\"_blank\">Der totalit\u00e4re Staat NRW der Hannelore Kraft hat wieder zugeschlagen <\/a><\/p>\n<p><a href=\"https:\/\/www.jocelyne-lopez.de\/blog\/2014\/07\/das-land-nrw-ist-kein-rechtsstaat-fallbeispiel-der-tierversuche-an-der-uni-bochum\/\" target=\"_blank\">Das Land NRW ist kein Rechtsstaat: Fallbeispiel der Tierversuche an der Uni Bochum <\/a><\/p>\n<p><a href=\"https:\/\/www.jocelyne-lopez.de\/blog\/2014\/08\/ministerpraesidentin-hannelore-kraft-muss-die-frage-klaeren-ob-das-land-nordrhein-westfalen-ein-rechtsstaat-oder-ein-totalitaerer-staat-ist-2\/\" target=\"_blank\">Ministerpr\u00e4sidentin Hannelore Kraft muss die Frage kl\u00e4ren, ob das Land Nordrhein Westfalen ein Rechtsstaat oder ein totalit\u00e4rer Staat ist<\/a><\/p>\n<p><a href=\"https:\/\/www.jocelyne-lopez.de\/blog\/2014\/07\/beschwerde-an-die-ministerpraesidentin-hannelore-kraft-wegen-missachtung-von-gesetzen-im-land-nrw\" target=\"_blank\">B<\/a><a href=\"https:\/\/www.jocelyne-lopez.de\/blog\/2014\/07\/beschwerde-an-die-ministerpraesidentin-hannelore-kraft-wegen-missachtung-von-gesetzen-im-land-nrw\" target=\"_blank\">eschwerde an die Ministerpr\u00e4sidentin Hannelore Kraft wegen Missachtung von Gesetzen im Land NRW<\/a><\/p>\n<p><a href=\"http:\/\/www.abgeordnetenwatch.de\/frage-928-49950--f424798.html\" target=\"_blank\">Frage an Hannelore Kraft im Abgeordneten-Watch \u2013 Demokratie und B\u00fcrgerrechte<\/a><\/p>\n<p><a href=\"https:\/\/www.jocelyne-lopez.de\/blog\/2014\/05\/umweltminister-johannes-remmel-opfert-50-makaken-fuer-2-fussballtore\/\" target=\"_blank\">Umweltminister Johannes Remmel opfert 50 Makaken f\u00fcr 2 Fu\u00dfballtore <\/a><\/p>\n<p><a href=\"https:\/\/www.jocelyne-lopez.de\/blog\/2014\/08\/strafanzeige-gegen-lanuv-nrw-wegen-affenlabor-covance-in-muenster\/\" target=\"_blank\">Strafanzeige gegen LANUV NRW wegen Affenlabor COVANCE<\/a><\/p>\n<p><a href=\"https:\/\/www.jocelyne-lopez.de\/blog\/2014\/08\/strafanzeige-gegen-lanuv-nrw-wegen-primatenversuchen-an-der-uni-bochum\/\" target=\"_blank\">Strafanzeige gegen LANUV NRW wegen Primatenversuchen an der Uni Bochum<\/a><\/p>\n<p><a href=\"https:\/\/www.jocelyne-lopez.de\/blog\/2014\/08\/alle-tierversuche-des-nrw-umweltministers-johannes-remmel-sind-gesetzwidrig\/\" target=\"_blank\">Alle Tierversuche des NRW-Umweltministers Johannes Remmel sind gesetzwidrig<\/a><\/p>\n<p><a href=\"https:\/\/www.jocelyne-lopez.de\/blog\/2014\/08\/hat-lanuv-nrw-die-tierhaltung-im-affenlabor-covance-blind-genehmigt\/\" target=\"_blank\">Hat LANUV NRW die Tierhaltung im Affenlabor COVANCE blind genehmigt?<\/a><\/p>\n<p><a title=\"https:\/\/www.jocelyne-lopez.de\/blog\/2014\/05\/uebertragbarkeit-der-tierversuche-auf-menschen-wir-werden-belogen-auch-im-fall-andreas-kreiter\/&lt;br \/&gt;&lt;br \/&gt;&lt;br \/&gt;&lt;br \/&gt;&lt;br \/&gt;&lt;br \/&gt;&lt;br \/&gt; STRG + Klicken, um Verkn\u00fcpfung zu folgen\" href=\"https:\/\/www.jocelyne-lopez.de\/blog\/2014\/05\/uebertragbarkeit-der-tierversuche-auf-menschen-wir-werden-belogen-auch-im-fall-andreas-kreiter\/\" target=\"_blank\">\u00dcbertragbarkeit der Ergebnisse der Tierversuche auf Menschen: Wir werden belogen \u2013 auch im Fall Andreas Kreiter <\/a><\/p>\n<p><a href=\"https:\/\/www.jocelyne-lopez.de\/blog\/2014\/05\/tierversuche-erschreckender-ethischer-zerfall-und-verhoehnung-der-verfassung-beispiel-tierexperimentator-wolf-singer\/\" target=\"_blank\">Tierversuche: Erschreckender ethischer Zerfall und Verh\u00f6hnung der Verfassung-Beispiel Tierexperimentator Wolf Singer <\/a><\/p>\n<p><a href=\"https:\/\/www.jocelyne-lopez.de\/blog\/2014\/06\/tierversuche-als-scharlatanerie-und-abzockesytem\/\" target=\"_blank\">Tierversuche als Scharlatanerie und Abzockesytem <\/a><\/p>\n<p><a href=\"https:\/\/www.jocelyne-lopez.de\/blog\/2014\/06\/wolf-singer-andreas-kreiter-co-die-tierexperimentatoren-beluegen-uns-dass-sich-die-balken-biegen\/\" target=\"_blank\">Wolf Singer, Andreas Kreiter &amp; Co: Die Tierexperimentatoren bel\u00fcgen uns, dass sich die Balken biegen!<\/a><\/p>\n<p><a href=\"https:\/\/www.jocelyne-lopez.de\/blog\/2014\/06\/tierversuche-des-wolf-singer-was-fuer-einen-nutzen-seit-40-jahren\/\" target=\"_blank\">Tierversuche des Wolf Singer: Was f\u00fcr einen Nutzen seit 40 Jahren? <\/a><\/p>\n<p><a href=\"https:\/\/www.jocelyne-lopez.de\/blog\/2014\/06\/die-tierversuche-des-wolf-singer-wie-krank-ist-das-forschungssystem\/\" target=\"_blank\">Die Tierversuche des Wolf Singer: Wie krank ist das Forschungssystem?<\/a><\/p>\n<p><a href=\"https:\/\/www.jocelyne-lopez.de\/blog\/2014\/06\/tierversuche-des-wolf-singer-wie-viel-wird-geschwindelt-und-betrogen\/\" target=\"_blank\">Tierversuche des Wolf Singer: Wie viel wird \u201c<em>geschwindelt<\/em>\u201d und \u201c<em>betrogen<\/em>\u201d?<\/a><\/p>\n<p><a href=\"https:\/\/www.jocelyne-lopez.de\/blog\/2014\/05\/wie-kam-der-beruechtigte-tierexperimentator-wolf-singer-zu-einem-bundesverdienstkreuz\/\" target=\"_blank\">Wie kam der ber\u00fcchtigte Tierexperimentator Wolf Singer zu einem Bundesverdienstkreuz? <\/a><\/p>\n<p><a href=\"https:\/\/www.jocelyne-lopez.de\/blog\/2014\/05\/tierversuche-und-die-gigantische-abzocke-der-pharma-lobby\/\" target=\"_blank\">Tierversuche und die gigantische Abzocke der Pharma-Lobby<\/a><\/p>\n<p><a href=\"https:\/\/www.jocelyne-lopez.de\/blog\/2011\/12\/ehemaliger-gesundheitsminister-horst-seehofer-uber-abzocke-der-pharma-industrie\/\" target=\"_blank\">Ehemaliger Gesundheitsminister Horst Seehofer \u00fcber Abzocke der Pharma-Industrie <\/a><\/p>\n<p><a href=\"https:\/\/www.jocelyne-lopez.de\/blog\/2014\/08\/in-gedenken-an-den-tierschuetzer-und-tierrechtler-gerhard-oesterreich\/\" target=\"_blank\">In Gedenken an den Tiersch\u00fctzer und Tierrechtler Gerhard Oesterreich<\/a><span style=\"color: #ffffff;\">.<\/span><\/p>\n","protected":false},"excerpt":{"rendered":"<p>Wegen den jahrzehntenlangen, sinnlosen und pseudowissenschaftlichen Primaten-versuchen haben zahlreiche B\u00fcrger ihr Entsetzen und ihre Wut wieder einmal auf die Stra\u00dfe verlagert, wie am 20. September 2014 nach den neuesten Undercover-Aufnahmen eines Tiersch\u00fctzers im Hochburg des Folters und des Mordens T\u00fcbingen, &nbsp; 09.09.2014 &#8211; Bilder aus dem Tierversuchslabor des Max Planck Instituts, ver\u00f6ffentlicht\u00a0von STERN Unertr\u00e4glich. Die [&hellip;]<\/p>\n","protected":false},"author":3,"featured_media":0,"comment_status":"closed","ping_status":"open","sticky":false,"template":"","format":"standard","meta":{"om_disable_all_campaigns":false,"_monsterinsights_skip_tracking":false,"_monsterinsights_sitenote_active":false,"_monsterinsights_sitenote_note":"","_monsterinsights_sitenote_category":0,"ngg_post_thumbnail":0,"footnotes":""},"categories":[9],"tags":[830,473,311,312,1149,924,869,754,831,8,7,1334,185],"class_list":["post-6249","post","type-post","status-publish","format-standard","hentry","category-tierversuche-abschaffen","tag-affenversuche","tag-andreas-kreiter","tag-covance","tag-friedrich-mulln","tag-hannelore-kraft","tag-johannes-remmel","tag-lanuv-nrw","tag-max-planck-institut-fur-hirnforschung","tag-primatenversuche","tag-tierrechte","tag-tierschutz","tag-tierversuche-abschaffen","tag-wolf-singer"],"aioseo_notices":[],"_links":{"self":[{"href":"https:\/\/www.jocelyne-lopez.de\/blog\/wp-json\/wp\/v2\/posts\/6249"}],"collection":[{"href":"https:\/\/www.jocelyne-lopez.de\/blog\/wp-json\/wp\/v2\/posts"}],"about":[{"href":"https:\/\/www.jocelyne-lopez.de\/blog\/wp-json\/wp\/v2\/types\/post"}],"author":[{"embeddable":true,"href":"https:\/\/www.jocelyne-lopez.de\/blog\/wp-json\/wp\/v2\/users\/3"}],"replies":[{"embeddable":true,"href":"https:\/\/www.jocelyne-lopez.de\/blog\/wp-json\/wp\/v2\/comments?post=6249"}],"version-history":[{"count":0,"href":"https:\/\/www.jocelyne-lopez.de\/blog\/wp-json\/wp\/v2\/posts\/6249\/revisions"}],"wp:attachment":[{"href":"https:\/\/www.jocelyne-lopez.de\/blog\/wp-json\/wp\/v2\/media?parent=6249"}],"wp:term":[{"taxonomy":"category","embeddable":true,"href":"https:\/\/www.jocelyne-lopez.de\/blog\/wp-json\/wp\/v2\/categories?post=6249"},{"taxonomy":"post_tag","embeddable":true,"href":"https:\/\/www.jocelyne-lopez.de\/blog\/wp-json\/wp\/v2\/tags?post=6249"}],"curies":[{"name":"wp","href":"https:\/\/api.w.org\/{rel}","templated":true}]}}