{"id":6247,"date":"2014-09-22T10:18:23","date_gmt":"2014-09-22T09:18:23","guid":{"rendered":"https:\/\/www.jocelyne-lopez.de\/blog\/?p=6247"},"modified":"2015-03-05T12:22:31","modified_gmt":"2015-03-05T11:22:31","slug":"das-zombie-parlament-des-landes-nordrhein-westfalen-die-dritte","status":"publish","type":"post","link":"https:\/\/www.jocelyne-lopez.de\/blog\/2014\/09\/das-zombie-parlament-des-landes-nordrhein-westfalen-die-dritte\/","title":{"rendered":"Das Zombie-Parlament des Landes Nordrhein-Westfalen: Die dritte."},"content":{"rendered":"<p><img loading=\"lazy\" decoding=\"async\" class=\"alignleft\" src=\"http:\/\/www.landtag.nrw.de\/portal\/WWW\/GB_II\/II.1\/OeA\/Bildarchiv\/05_Gebaeude_Plenum\/SCHAELTEplenumhoch.jpg\" alt=\"\" width=\"169\" height=\"225\" \/>Ich verweise auf meine Blog-Eintr\u00e4ge<\/p>\n<p><a href=\"https:\/\/www.jocelyne-lopez.de\/blog\/2014\/09\/das-zombie-parlament-des-lands-nordrhein-westfalen\/\" target=\"_blank\">Das Zombie-Parlament des Lands Nordrhein-Westfalen<\/a><br \/>\nund<br \/>\n<a href=\"https:\/\/www.jocelyne-lopez.de\/blog\/2014\/09\/das-zombie-parlament-des-landes-nordrhein-westfalen-die-zweite\/\" target=\"_blank\">Das Zombie-Parlament des Lands Nordrhein-Westfalen: Die zweite.<\/a><\/p>\n<p style=\"text-align: justify;\">wo ich dar\u00fcber berichtet habe, dass das Parlament des Landes Nordrhein-Westfalen einstimmig durch alle politischen Fraktionen als legitimierte Volksvertreter beschlossen hat, es sei &#8222;<em>nicht vorgesehen<\/em>&#8222;, dass die B\u00fcrger einen Anspruch darauf haben, bei Vorw\u00fcrfen des Verto\u00dfes gegen geltende Gesetze durch den Staat, den Staat sich vor Gericht verantworten zu lassen. Nach Auffassung unserer Volksvertreter handeln also die\u00a0Staatsanwaltschaften\u00a0richtig, wenn sie unsere Strafanzeige gegen die Landesbeh\u00f6rde LANUV NRW willk\u00fcrlich einstellen, sich strikt weigern, die \u00f6ffentliche Klage im Interesse der Allgemeinheit zu erheben und somit den B\u00fcrgern den ordentlichen Rechtsweg zu einer gerichtlichen Pr\u00fcfung der Vorw\u00fcrfe wirksam versperren &#8211; der dagegen in der Verfassung sehr wohl vorgesehen ist.<\/p>\n<p style=\"text-align: justify;\">Es lohnt sich vielleicht kurz Revue passieren zu lassen, wie die Haltung der einzelnen Fraktionen bei diesem Sachverhalt zu beobachten war: Wir haben n\u00e4mlich parallel zu unserer Petition beim Landtag auch\u00a0mehrere Landesabgeordnete aller Fraktionen pers\u00f6nlich angesprochen (alle Fraktionsvorsitzende im Landtag und eine Auswahl von Abgeordneten aller Fraktionen im Landtag oder im Abgeordnetenwatch).\u00a0Ergebnis unserer Bem\u00fchungen:<\/p>\n<p style=\"text-align: justify;\"><span style=\"color: #ffffff;\">.<\/span><\/p>\n<p style=\"text-align: justify;\"><strong>SPD <\/strong>und<strong> CDU<\/strong> haben als\u00a0mehrheitlich vertretene Fraktionen im Parlament vor allem durch ihre Abwesenheit gegl\u00e4nzt: \u00a0Entweder haben sie nicht geantwortet oder haben ein nichtssagendes Kauderwelsch von sich gegeben, womit kein Mensch etwas anfangen konnte. Ich interessiere mich zwar allgemein sehr wenig f\u00fcr die Politik, aber ich habe den Verdacht, dass die\u00a0Abgeordnete der SPD und CDU\u00a0sich gar nicht im NRW-Parlament aufhalten. \u00a0Hat jemand welche dort je gesichtet? M\u00f6glicherweise haben sie sich Sprachroboter zugelegt, die die Beantwortung von etwaigen Ansprachen der B\u00fcrger \u00fcbernehmen, blabla&#8230; blub&#8230; blablabla&#8230; blub blub&#8230; und sind alle auf den Bahamas zum \u00dcberlebenstraining in einem 5-Sterne-Hotel gejettet, um sich vom Stress der Regierung zu erholen, man h\u00f6rt gelegentlich von so etwas.<\/p>\n<p style=\"text-align: justify;\"><span style=\"color: #ffffff;\">.<\/span><\/p>\n<p style=\"text-align: justify;\">Die <strong>FDP<\/strong>, die zwar bundesweit nur noch mit einem kleinen Zeh \u00fcberhaupt in Parlamenten vertreten ist, habe ich mal geh\u00f6rt, h\u00e4tte\u00a0jedoch fast eine Rolle bei unserem Anliegen gespielt, fast.\u00a0Es gibt n\u00e4mlich in dieser Partei einen Abgeordneter, der sich einmal\u00a0erfolgreich zum Schutz der B\u00fcrgerrechte wegen Fehlleistungen der Landesbeh\u00f6rde LANUV NRW\u00a0mit einer Abgeordnetenanfrage im Parlament eingebracht hatte, und zwar gegen die Abzocke vom\u00a0LANUV NRW mit der Erhebung von abschreckenden Geb\u00fchren bei\u00a0einem B\u00fcrger im Rahmen des Informations-freiheitsgesetzes. Gut, haben wir uns gedacht, das ist unser Mann! Wir wurden n\u00e4mlich auch vom LANUV NRW im Rahmen des Informationsfreiheitgesetzes bei unserer\u00a0B\u00fcrgeranfrage \u00fcber die Primatenversuche an der Uni Bochum reichlich abgezockt, mit dem Segen eines Richters am Verwaltungsgericht D\u00fcsseldorf. \u00a0Wir haben also diesen Abgeordneten ebenfalls um Schutz unserer Rechte gebeten; leider hat er bei der Beantwortung unserer Ansprachen wohl auch seinen Sprachroboter eingeschaltet &#8230;\u00a0blabla&#8230; blub&#8230; blalabla&#8230; blub blub. Pech. Das liegt wohl daran, dass der B\u00fcrger, dessen Rechte gegen\u00fcber LANUV NRW parlamentarisch erfolgreich durchgesetzt wurden, der Presse angeh\u00f6rte. Und Angeh\u00f6rige der Presse sind f\u00fcr die Politiker bekanntlich besonders wertvolle B\u00fcrger, B\u00fcrger der ersten Klasse,\u00a0man hofiert,\u00a0 man kuscht und man setzt sich ein, klar. Wozu sollte man sich f\u00fcr zwei bedeutungslose Tussis aus der Bev\u00f6lkerung einsetzen, frage ich Euch, die nichts zu bestellen haben, das w\u00e4re doch nicht effektiv,\u00a0oder?<\/p>\n<p style=\"text-align: justify;\"><span style=\"color: #ffffff;\">.<\/span><\/p>\n<p style=\"text-align: justify;\">Die <strong>PIRATEN<\/strong> h\u00e4tten auch fast eine Rolle bei unserem Anliegen gespielt, hatten wir uns zumindest gedacht, aber auch nur fast. Es gibt n\u00e4mlich bei den PIRATEN zwei Abgeordneten, die sich ma\u00dflos dar\u00fcber aufregen, dass die \u00fcberwiegende Mehrheit der Petitionen der B\u00fcrger von den Petitionsaussch\u00fcssen der Parlamenten abgeschmettert werden, es sei skandal\u00f6s und undemokratisch, bla, in was f\u00fcr einem Staat leben wir denn, blabla, das muss anders werden, blablabla, und\u00a0 die sogar\u00a0im Land NRW eine Aufkl\u00e4rungstour f\u00fcr die B\u00fcrger veranstaltet haben, um sie zu ermuntern, das Petitionsverfahren\u00a0mit ihrer Unterst\u00fctzung effektiv einzusetzen. Gut, haben wir uns gedacht, das sind unsere M\u00e4nner! \u00a0Wir sprechen also die beiden gezielt an und informieren sie \u00fcber die Einreichung unserer Petition beim Landtag NRW. Der eine hat nicht geantwortet, der andere hat uns lakonisch per E-Mail mitgeteilt, er denke nicht daran, unsere Petition zu unterst\u00fctzen. Ich interessiere mich wie gesagt sehr wenig f\u00fcr die Politik, jedoch bevor sie noch in ein Parlament eingezogen sind, standen die PIRATEN bei mir unter dem Verdacht, Spinner zu sein, was sich auch voll best\u00e4tigt hat.<\/p>\n<p>&nbsp;<\/p>\n<p style=\"text-align: justify;\">Die Partei\u00a0<strong>DIE GR\u00dcNEN<\/strong> verdient in dieser Angelegenheit ein besonderes Augenmerk: Die Landesbeh\u00f6rde LANUV NRW,\u00a0die Anla\u00df zu unseren Vorw\u00fcrfen des Versto\u00dfes gegen geltende Gesetze bei der Genehmigung der Primatenversuche\u00a0an der Uni Bochum gibt,\u00a0wird n\u00e4mlich gr\u00fcn gef\u00fchrt; ihre Aufsichtsbeh\u00f6rde, das Umwelt-ministerium NRW, steht unter der Leitung des gr\u00fcnen Umwelt- und Tierschutzministers Johannes Remmel. Wir hatten uns also gedacht, dass diese Partei ein besonderes Verantwortungsbewusstsein und eine besondere Sorgfalt bei der Pr\u00fcfung unserer Petition zeigen wird. Weit verfehlt. Ganz im Gegenteil wies diese Partei jegliche Verantwortung f\u00fcr die beklagten Fehlleistungen der Beh\u00f6rde LANUV NRW zur\u00fcck und beschwerte sich, dass wir falsche Zusammenh\u00e4ngen zwischen der Beh\u00f6rde LANUV und der Partei DIE GR\u00dcNEN ziehen w\u00fcrden. Was will uns der Dichter damit sagen? Will uns der Dichter damit sagen, dass LANUV nicht gr\u00fcn gef\u00fchrt ist? Ach. Oder dass der Umweltminister Johannes Remmel nicht gr\u00fcn ist? Ach. Oder dass sich die Beh\u00f6rde LANUV abgesetzt hat und ohne Aufsichtsbeh\u00f6rde Genehmigungen f\u00fcr Tierversuche im Land NRW vor sich hin t\u00fcchtig erteilt? Ach. Was jedoch bundesweit festzustellen ist und der Dichter nicht sagen will,\u00a0ist, dass die Partei DIE GR\u00dcNEN\u00a0in der politischen Landschaft bei Tierversuchen an Verlogenheit kaum zu \u00fcberbieten\u00a0ist. Nicht nur im Land NRW, sondern auch zum Beispiel im Land Baden-W\u00fcrttemberg, wo\u00a0DIE GR\u00dcNEN ihr Wahlversprechen zynisch gebrochen haben und\u00a0die entsetzlichen Primatenversuche in T\u00fcbingen im Gegenteil\u00a0hemmungslos unterst\u00fctzen, sondern auch zum Beispiel europaweit, wo\u00a0DIE GR\u00dcNEN\u00a0das Massaker von Millionen von Tieren f\u00fcr die sinnlosen REACH-Tierversuche ma\u00dfgeblich initiiert und durchgesetzt haben. Was der Dichter nicht sagen will, was man aber sehr wohl sagen darf: Die GR\u00dcNEN sind in Sachen Tierversuche die gr\u00f6\u00dften Verr\u00e4ter, die es in der politischen Landschaft gibt, und\u00a0verhalten sich hemmungslos auf Kosten der Tiere und der B\u00fcrger als \u00d6ko-Faschisten.<\/p>\n<p><img loading=\"lazy\" decoding=\"async\" class=\"aligncenter\" src=\"https:\/\/www.jocelyne-lopez.de\/blog\/wp-content\/uploads\/2014\/09\/Affe_Max-Planck_Tuebingen.jpg\" alt=\"\" width=\"480\" height=\"270\" \/><\/p>\n<p>&nbsp;<\/p>\n<p style=\"text-align: justify;\"><span style=\"color: #ffffff;\">.<\/span><\/p>\n<p style=\"text-align: justify;\">Wir versuchen jetzt im Falle der Primatenversuche an der Uni Bochum durch ein <a href=\"http:\/\/de.wikipedia.org\/wiki\/Klageerzwingungsverfahren\" target=\"_blank\">Klageerzwingungsverfahren<\/a>, unsere Rechte selbst zu vertreten und unsere Verfassung selbst zu verteidigen, da die Damen und Herren Volksvertreter des Zombie-Parlaments NRW es nicht \u201c<em>vorgesehen haben<\/em>\u201c:<\/p>\n<p style=\"text-align: left; padding-left: 30px;\"><a href=\"https:\/\/www.jocelyne-lopez.de\/pdfDateien\/Vorschaltebeschwerde_Staatsanwaltschaft_Bochum_wegen%20LANUV_17_09_14_o.pdf\" target=\"_blank\">17.09.2014 \u2013 Unsere Einleitung eines Klageerzwingungsverfahrens gegen die Beh\u00f6rde LANUV NRW bei der Staatsanwaltschaft Bochum<\/a><\/p>\n<p style=\"text-align: justify;\"><span style=\"color: #ffffff;\">.<\/span><\/p>\n<p style=\"text-align: justify;\">Wir werden \u00fcber weitere Entwicklungen berichten.<\/p>\n<p style=\"text-align: justify;\"><span style=\"color: #ffffff;\">.<\/span><\/p>\n<p style=\"text-align: left;\">\u2014\u2014\u2014\u2014\u2014\u2014\u2014\u2014\u2014\u2014\u2014\u2014\u2014\u2014\u2014\u2013<br \/>\nSiehe auch in diesem Gesamtkontext:<\/p>\n<p style=\"text-align: left;\"><a href=\"https:\/\/www.jocelyne-lopez.de\/blog\/2014\/09\/im-land-nrw-werden-die-rechte-der-buerger-missachtet-klageerzwingungsverfahren-gegen-die-behoerde-lanuv-nrw\/\" target=\"_blank\">Im Land NRW werden die Rechte der B\u00fcrger missachtet: Klageerzwingungsverfahren gegen die Beh\u00f6rde LANUV NRW <\/a><\/p>\n<p style=\"text-align: left;\"><a href=\"https:\/\/www.jocelyne-lopez.de\/blog\/2014\/09\/der-totalitaere-staat-nrw-der-hannelore-kraft-hat-wieder-zugeschlagen\/\" target=\"_blank\">Der totalit\u00e4re Staat NRW der Hannelore Kraft hat wieder zugeschlagen <\/a><\/p>\n<p><a href=\"https:\/\/www.jocelyne-lopez.de\/blog\/2014\/07\/das-land-nrw-ist-kein-rechtsstaat-fallbeispiel-der-tierversuche-an-der-uni-bochum\/\" target=\"_blank\">Das Land NRW ist kein Rechtsstaat: Fallbeispiel der Tierversuche an der Uni Bochum <\/a><\/p>\n<p><a href=\"https:\/\/www.jocelyne-lopez.de\/blog\/2014\/08\/ministerpraesidentin-hannelore-kraft-muss-die-frage-klaeren-ob-das-land-nordrhein-westfalen-ein-rechtsstaat-oder-ein-totalitaerer-staat-ist-2\/\" target=\"_blank\">Ministerpr\u00e4sidentin Hannelore Kraft muss die Frage kl\u00e4ren, ob das Land Nordrhein Westfalen ein Rechtsstaat oder ein totalit\u00e4rer Staat ist<\/a><\/p>\n<p><a href=\"https:\/\/www.jocelyne-lopez.de\/blog\/2014\/07\/beschwerde-an-die-ministerpraesidentin-hannelore-kraft-wegen-missachtung-von-gesetzen-im-land-nrw\" target=\"_blank\">B<\/a><a href=\"https:\/\/www.jocelyne-lopez.de\/blog\/2014\/07\/beschwerde-an-die-ministerpraesidentin-hannelore-kraft-wegen-missachtung-von-gesetzen-im-land-nrw\" target=\"_blank\">eschwerde an die Ministerpr\u00e4sidentin Hannelore Kraft wegen Missachtung von Gesetzen im Land NRW<\/a><\/p>\n<p><a href=\"http:\/\/www.abgeordnetenwatch.de\/frage-928-49950--f424798.html\" target=\"_blank\">Frage an Hannelore Kraft im Abgeordneten-Watch \u2013 Demokratie und B\u00fcrgerrechte<\/a><\/p>\n<p><a href=\"https:\/\/www.jocelyne-lopez.de\/blog\/2014\/05\/umweltminister-johannes-remmel-opfert-50-makaken-fuer-2-fussballtore\/\" target=\"_blank\">Umweltminister Johannes Remmel opfert 50 Makaken f\u00fcr 2 Fu\u00dfballtore <\/a><\/p>\n<p><a href=\"https:\/\/www.jocelyne-lopez.de\/blog\/2014\/08\/strafanzeige-gegen-lanuv-nrw-wegen-affenlabor-covance-in-muenster\/\" target=\"_blank\">Strafanzeige gegen LANUV NRW wegen Affenlabor COVANCE<\/a><\/p>\n<p><a href=\"https:\/\/www.jocelyne-lopez.de\/blog\/2014\/08\/strafanzeige-gegen-lanuv-nrw-wegen-primatenversuchen-an-der-uni-bochum\/\" target=\"_blank\">Strafanzeige gegen LANUV NRW wegen Primatenversuchen an der Uni Bochum<\/a><\/p>\n<p><a href=\"https:\/\/www.jocelyne-lopez.de\/blog\/2014\/08\/alle-tierversuche-des-nrw-umweltministers-johannes-remmel-sind-gesetzwidrig\/\" target=\"_blank\">Alle Tierversuche des NRW-Umweltministers Johannes Remmel sind gesetzwidrig<\/a><\/p>\n<p><a href=\"https:\/\/www.jocelyne-lopez.de\/blog\/2014\/08\/hat-lanuv-nrw-die-tierhaltung-im-affenlabor-covance-blind-genehmigt\/\" target=\"_blank\">Hat LANUV NRW die Tierhaltung im Affenlabor COVANCE blind genehmigt?<\/a><\/p>\n<p><a title=\"https:\/\/www.jocelyne-lopez.de\/blog\/2014\/05\/uebertragbarkeit-der-tierversuche-auf-menschen-wir-werden-belogen-auch-im-fall-andreas-kreiter\/&lt;br \/&gt;&lt;br \/&gt;&lt;br \/&gt;&lt;br \/&gt;&lt;br \/&gt;&lt;br \/&gt;&lt;br \/&gt; STRG + Klicken, um Verkn\u00fcpfung zu folgen\" href=\"https:\/\/www.jocelyne-lopez.de\/blog\/2014\/05\/uebertragbarkeit-der-tierversuche-auf-menschen-wir-werden-belogen-auch-im-fall-andreas-kreiter\/\" target=\"_blank\">\u00dcbertragbarkeit der Ergebnisse der Tierversuche auf Menschen: Wir werden belogen \u2013 auch im Fall Andreas Kreiter <\/a><\/p>\n<p><a href=\"https:\/\/www.jocelyne-lopez.de\/blog\/2014\/05\/tierversuche-erschreckender-ethischer-zerfall-und-verhoehnung-der-verfassung-beispiel-tierexperimentator-wolf-singer\/\" target=\"_blank\">Tierversuche: Erschreckender ethischer Zerfall und Verh\u00f6hnung der Verfassung-Beispiel Tierexperimentator Wolf Singer <\/a><\/p>\n<p><a href=\"https:\/\/www.jocelyne-lopez.de\/blog\/2014\/06\/tierversuche-als-scharlatanerie-und-abzockesytem\/\" target=\"_blank\">Tierversuche als Scharlatanerie und Abzockesytem <\/a><\/p>\n<p><a href=\"https:\/\/www.jocelyne-lopez.de\/blog\/2014\/06\/wolf-singer-andreas-kreiter-co-die-tierexperimentatoren-beluegen-uns-dass-sich-die-balken-biegen\/\" target=\"_blank\">Wolf Singer, Andreas Kreiter &amp; Co: Die Tierexperimentatoren bel\u00fcgen uns, dass sich die Balken biegen!<\/a><\/p>\n<p><a href=\"https:\/\/www.jocelyne-lopez.de\/blog\/2014\/06\/tierversuche-des-wolf-singer-was-fuer-einen-nutzen-seit-40-jahren\/\" target=\"_blank\">Tierversuche des Wolf Singer: Was f\u00fcr einen Nutzen seit 40 Jahren? <\/a><\/p>\n<p><a href=\"https:\/\/www.jocelyne-lopez.de\/blog\/2014\/06\/die-tierversuche-des-wolf-singer-wie-krank-ist-das-forschungssystem\/\" target=\"_blank\">Die Tierversuche des Wolf Singer: Wie krank ist das Forschungssystem?<\/a><\/p>\n<p><a href=\"https:\/\/www.jocelyne-lopez.de\/blog\/2014\/06\/tierversuche-des-wolf-singer-wie-viel-wird-geschwindelt-und-betrogen\/\" target=\"_blank\">Tierversuche des Wolf Singer: Wie viel wird \u201c<em>geschwindelt<\/em>\u201d und \u201c<em>betrogen<\/em>\u201d?<\/a><\/p>\n<p><a href=\"https:\/\/www.jocelyne-lopez.de\/blog\/2014\/05\/wie-kam-der-beruechtigte-tierexperimentator-wolf-singer-zu-einem-bundesverdienstkreuz\/\" target=\"_blank\">Wie kam der ber\u00fcchtigte Tierexperimentator Wolf Singer zu einem Bundesverdienstkreuz? <\/a><\/p>\n<p><a href=\"https:\/\/www.jocelyne-lopez.de\/blog\/2014\/05\/tierversuche-und-die-gigantische-abzocke-der-pharma-lobby\/\" target=\"_blank\">Tierversuche und die gigantische Abzocke der Pharma-Lobby<\/a><\/p>\n<p><a href=\"https:\/\/www.jocelyne-lopez.de\/blog\/2011\/12\/ehemaliger-gesundheitsminister-horst-seehofer-uber-abzocke-der-pharma-industrie\/\" target=\"_blank\">Ehemaliger Gesundheitsminister Horst Seehofer \u00fcber Abzocke der Pharma-Industrie <\/a><\/p>\n<p><a href=\"https:\/\/www.jocelyne-lopez.de\/blog\/2014\/08\/in-gedenken-an-den-tierschuetzer-und-tierrechtler-gerhard-oesterreich\/\" target=\"_blank\">In Gedenken an den Tiersch\u00fctzer und Tierrechtler Gerhard Oesterreich<\/a><span style=\"color: #ffffff;\">.<\/span><\/p>\n<p><span style=\"color: #ffffff;\">.<\/span><\/p>\n<p style=\"text-align: justify;\"><span style=\"color: #ffffff;\">.<\/span><\/p>\n<h6>\u00a9 Bildarchiv des Landtags Nordrhein-Westfalen &#8211; Fotograf Bernd Sch\u00e4lte<\/h6>\n<p style=\"text-align: justify;\"><span style=\"color: #ffffff;\">.<\/span><\/p>\n","protected":false},"excerpt":{"rendered":"<p>Ich verweise auf meine Blog-Eintr\u00e4ge Das Zombie-Parlament des Lands Nordrhein-Westfalen und Das Zombie-Parlament des Lands Nordrhein-Westfalen: Die zweite. wo ich dar\u00fcber berichtet habe, dass das Parlament des Landes Nordrhein-Westfalen einstimmig durch alle politischen Fraktionen als legitimierte Volksvertreter beschlossen hat, es sei &#8222;nicht vorgesehen&#8222;, dass die B\u00fcrger einen Anspruch darauf haben, bei Vorw\u00fcrfen des Verto\u00dfes gegen [&hellip;]<\/p>\n","protected":false},"author":3,"featured_media":0,"comment_status":"closed","ping_status":"open","sticky":false,"template":"","format":"standard","meta":{"om_disable_all_campaigns":false,"_monsterinsights_skip_tracking":false,"_monsterinsights_sitenote_active":false,"_monsterinsights_sitenote_note":"","_monsterinsights_sitenote_category":0,"ngg_post_thumbnail":0,"footnotes":""},"categories":[9],"tags":[830,473,311,1149,924,869,831,8,7,1334,185],"class_list":["post-6247","post","type-post","status-publish","format-standard","hentry","category-tierversuche-abschaffen","tag-affenversuche","tag-andreas-kreiter","tag-covance","tag-hannelore-kraft","tag-johannes-remmel","tag-lanuv-nrw","tag-primatenversuche","tag-tierrechte","tag-tierschutz","tag-tierversuche-abschaffen","tag-wolf-singer"],"aioseo_notices":[],"_links":{"self":[{"href":"https:\/\/www.jocelyne-lopez.de\/blog\/wp-json\/wp\/v2\/posts\/6247"}],"collection":[{"href":"https:\/\/www.jocelyne-lopez.de\/blog\/wp-json\/wp\/v2\/posts"}],"about":[{"href":"https:\/\/www.jocelyne-lopez.de\/blog\/wp-json\/wp\/v2\/types\/post"}],"author":[{"embeddable":true,"href":"https:\/\/www.jocelyne-lopez.de\/blog\/wp-json\/wp\/v2\/users\/3"}],"replies":[{"embeddable":true,"href":"https:\/\/www.jocelyne-lopez.de\/blog\/wp-json\/wp\/v2\/comments?post=6247"}],"version-history":[{"count":0,"href":"https:\/\/www.jocelyne-lopez.de\/blog\/wp-json\/wp\/v2\/posts\/6247\/revisions"}],"wp:attachment":[{"href":"https:\/\/www.jocelyne-lopez.de\/blog\/wp-json\/wp\/v2\/media?parent=6247"}],"wp:term":[{"taxonomy":"category","embeddable":true,"href":"https:\/\/www.jocelyne-lopez.de\/blog\/wp-json\/wp\/v2\/categories?post=6247"},{"taxonomy":"post_tag","embeddable":true,"href":"https:\/\/www.jocelyne-lopez.de\/blog\/wp-json\/wp\/v2\/tags?post=6247"}],"curies":[{"name":"wp","href":"https:\/\/api.w.org\/{rel}","templated":true}]}}