{"id":6241,"date":"2014-09-19T08:23:29","date_gmt":"2014-09-19T07:23:29","guid":{"rendered":"https:\/\/www.jocelyne-lopez.de\/blog\/?p=6241"},"modified":"2014-09-30T17:24:52","modified_gmt":"2014-09-30T16:24:52","slug":"das-zombie-parlament-des-lands-nordrhein-westfalen","status":"publish","type":"post","link":"https:\/\/www.jocelyne-lopez.de\/blog\/2014\/09\/das-zombie-parlament-des-lands-nordrhein-westfalen\/","title":{"rendered":"Das Zombie-Parlament des Lands Nordrhein-Westfalen"},"content":{"rendered":"<p style=\"text-align: justify;\">Wir haben als eine Gruppe von Tiersch\u00fctzern im Rahmen von\u00a0Strafanzeigen gegen die\u00a0Landesbeh\u00f6rde LANUV NRW \u00a0seit 2012 die Frage an die Ministerpr\u00e4sidentin Hannelore Kraft gestellt, warum in ihrem Land Nordrhein-Westfalen die B\u00fcrger keinen Anspruch darauf haben, dass Vorw\u00fcrfe der Verst\u00f6\u00dfe durch den Staat gegen geltende Gesetze<span class=\"text_exposed_show\"> gerichtlich gepr\u00fcft werden und warum ihr Justizminister Thomas Kutschaty den B\u00fcrgern den Weg zu einer gerichtlichen Pr\u00fcfung willk\u00fcrlich versperrt,\u00a0 und zwar\u00a0 bei Vorw\u00fcrfen der Verst\u00f6\u00dfe gegen das Tierschutzgesetz im Fall der\u00a0 Genehmigung\u00a0der Primatenversuchen an der Uni Bochum, siehe: <\/span><\/p>\n<p><img loading=\"lazy\" decoding=\"async\" class=\"alignleft\" src=\"http:\/\/www.abgeordnetenwatch.de\/images\/abgeordnete\/upload\/49950\/hannelore_kraft.jpg\" alt=\"\" width=\"148\" height=\"214\" \/><\/p>\n<p><a href=\"https:\/\/www.jocelyne-lopez.de\/blog\/2014\/07\/das-land-nrw-ist-kein-rechtsstaat-fallbeispiel-der-tierversuche-an-der-uni-bochum\/\" target=\"_blank\">Das Land NRW ist kein Rechtsstaat: Fallbeispiel der Tierversuche an der Uni Bochum <\/a><\/p>\n<p><a href=\"https:\/\/www.jocelyne-lopez.de\/blog\/2014\/08\/ministerpraesidentin-hannelore-kraft-muss-die-frage-klaeren-ob-das-land-nordrhein-westfalen-ein-rechtsstaat-oder-ein-totalitaerer-staat-ist-2\/\" target=\"_blank\">Ministerpr\u00e4sidentin Hannelore Kraft muss die Frage kl\u00e4ren, ob das Land Nordrhein Westfalen ein Rechtsstaat oder ein totalit\u00e4rer Staat ist<\/a><\/p>\n<p><a href=\"https:\/\/www.jocelyne-lopez.de\/blog\/2014\/07\/beschwerde-an-die-ministerpraesidentin-hannelore-kraft-wegen-missachtung-von-gesetzen-im-land-nrw\" target=\"_blank\">B<\/a><a href=\"https:\/\/www.jocelyne-lopez.de\/blog\/2014\/07\/beschwerde-an-die-ministerpraesidentin-hannelore-kraft-wegen-missachtung-von-gesetzen-im-land-nrw\" target=\"_blank\">eschwerde an die Ministerpr\u00e4sidentin Hannelore Kraft wegen Missachtung von Gesetzen im Land NRW<\/a><\/p>\n<p><a href=\"http:\/\/www.abgeordnetenwatch.de\/frage-928-49950--f424798.html\" target=\"_blank\">Frage an Hannelore Kraft im Abgeordneten-Watch &#8211; Demokratie und B\u00fcrgerrechte<\/a><\/p>\n<p><span style=\"color: #ffffff;\">.<\/span> <span style=\"color: #ffffff;\">.<\/span> <span style=\"color: #ffffff;\">.<\/span><\/p>\n<p style=\"text-align: justify;\">Die Ministerpr\u00e4sidentin hat uns zwar informiert, dass sie eine <a href=\"https:\/\/www.jocelyne-lopez.de\/blog\/2014\/08\/nrw-ministerpraesidentin-hannelore-kraft-veranlasst-eine-pruefung-unserer-beschwerde-wegen-tierversuchen-an-der-uni-bochum\/\" target=\"_blank\">Pr\u00fcfung unserer Beschwerde<\/a>\u00a0 veranlasst hat, \u00a0jedoch haben wir bis jetzt weder die Ergebnisse einer Pr\u00fcfung noch eine Antwort auf unsere\u00a0Frage im Abgeordneten-Watch\u00a0\u00a0erhalten: Die Ministerpr\u00e4sidentin hat offensichtlich keine gro\u00dfe Eile pr\u00fcfen zu lassen bzw. selbst Position dazu zu beziehen, wie in ihrem Land mit den Gesetzen und den B\u00fcrgerrechten umgegangen wird, das hat wohl keine Priorit\u00e4t.<\/p>\n<p style=\"text-align: center;\">&#8212;&#8212;&#8212;&#8212;&#8212;&#8212;&#8212;&#8212;&#8212;&#8212;&#8212;&#8212;&#8212;&#8212;&#8212;-<\/p>\n<p style=\"text-align: center;\"><strong>Neue Entwicklung:<\/strong><\/p>\n<p style=\"text-align: justify;\">Inzwischen\u00a0hat jedoch\u00a0das Parlament NRW, das einstimmig durch alle politischen Fraktionen\u00a0 (SPD, CDU, FDP, DIE GR\u00dcNEN, PIRATEN) wie dressierte H\u00e4ndchenheber im Rahmen unserer Petition\u00a0beschlossen hatte, dass der Weg zu einer gerichtlichen Pr\u00fcfung der Vorw\u00fcrfe der Verst\u00f6\u00dfe gegen geltende Gesetze den B\u00fcrgern durch die Staatsanwaltschaft zu versperren sei, Stellung zu <a href=\"https:\/\/www.jocelyne-lopez.de\/blog\/2014\/07\/tierversuche-die-praesidentin-des-landtags-nrw-carina-goedecke-handelt-gesetzwidrig\/\" target=\"_blank\">unserer diesbez\u00fcglichen Beschwerde<\/a>\u00a0genommen:<\/p>\n<p style=\"text-align: justify; padding-left: 30px;\"><a href=\"https:\/\/www.jocelyne-lopez.de\/pdfDateien\/Stellungnahme%20vom Landtag NRW_5_9_2014063.pdf\" target=\"_blank\">05.09.2014 &#8211;\u00a0Stellungnahme des Petitionsausschusses des Landtags NRW zu unserer Beschwerde wegen Abschmetterung unserer Petition<\/a><\/p>\n<p style=\"text-align: justify;\"><span style=\"color: #ffffff;\">.<\/span><\/p>\n<p style=\"text-align: justify;\">Diese Stellungnahme des Landtages NRW ist ein Meisterwerk der Ignoranz, der Inkompetenz und der Verh\u00f6hnung der B\u00fcrger, der Gesetze und der Verfassung durch Politiker aller Fraktionen.<\/p>\n<p style=\"text-align: justify;\">Man muss sich die Situation in ihren einfachen Grundz\u00fcgen vorstellen:<br \/>\n<span style=\"color: #ffffff;\">.<\/span><\/p>\n<ol>\n<li>\n<div style=\"text-align: justify;\">B\u00fcrger\u00a0beschweren sich bei ihren legitimierten Volksvertretern, dass sie Verst\u00f6\u00dfe gegen geltende Gesetze durch den Staat festgestellt und sie\u00a0gesetzeskonform bei der Staatsanwaltschaft angezeigt haben, dass jedoch die Staatsanwaltschaft v\u00f6llig willk\u00fcrlich und mit unhaltbaren Totschlagsargumenten die Anzeige eingestellt hat und sich strikt weigert, die \u00f6ffentliche Klage im Interesse der Allgemeinheit gegen den Staat zu erheben,\u00a0um wirksam zu\u00a0verhindern, dass die Stichhaltigkeit der Vorw\u00fcrfe\u00a0 von dem zust\u00e4ndigen Gericht gepr\u00fcft wird.<br \/>\n<span style=\"color: #ffffff;\">.<\/span><\/div>\n<\/li>\n<li>\n<div style=\"text-align: justify;\">Die durch die\u00a0Staatsanwaltschaft von ihren Rechten wirksam entmachteten B\u00fcrger wenden sich an ihren Vertreter im Parlament, um sie zu bitten, in ihrer Funktion als Kontrollinstanz der Exekutive die notwendigen Ma\u00dfnahmen zu ergreifen, damit die Umsetzung von bestehenden Gesetzen garantiert und die Rechte der B\u00fcrger gesch\u00fctzt werden, indem\u00a0die \u00f6ffentliche Klage gegen den Staat im Interesse der Allgemeinheit erhoben wird.<\/div>\n<\/li>\n<\/ol>\n<p style=\"text-align: justify;\"><span style=\"color: #ffffff;\">.<\/span><\/p>\n<p style=\"text-align: justify;\">Und was antwortet das Zombie-Parlament NRW einstimmig durch alle politische Fraktionen?<\/p>\n<p style=\"text-align: justify;\">N\u00f6, die B\u00fcrger haben keinen Anspruch darauf, dass die \u00f6ffentliche Klage gegen den Staat durch die Staatsanwaltschaft erhoben wird und dass die\u00a0vorgebrachten Vorw\u00fcrfe der Verst\u00f6\u00dfe durch den Staat gegen geltende Gesetze von einem Gericht gepr\u00fcft werden, das w\u00e4re noch sch\u00f6ner:<br \/>\n<span style=\"color: #ffffff;\">.<\/span><\/p>\n<p style=\"text-align: justify; padding-left: 30px;\"><strong>05.09.2014 &#8211; Zitat Zombie-Parlament NRW:<\/strong><\/p>\n<p style=\"text-align: justify; padding-left: 30px;\"><em>&#8222;Ein Petent bzw. Petentin hat gem\u00e4\u00df Artikel 17 Grundgesetz im Petitionsverfahren Anspruch darauf, dass die Petition entgegengenommen, gepr\u00fcft, und beschieden wird. [&#8230;] Ein Anspruch auf eine bestimmte Beschlussfassung oder ein bestimmtes T\u00e4tigwerden des Parlaments im Sinne des Petenten bzw. der Petentin ist nicht vorgesehen.<\/em> &#8222;<\/p>\n<p style=\"text-align: justify;\"><span style=\"color: #ffffff;\">.<\/span><\/p>\n<p style=\"text-align: justify;\">Ach so? Es ist &#8222;<em>nicht vorgesehen<\/em>&#8222;,\u00a0 dass die legitimierten Volksvertreter die Rechte der B\u00fcrger vertreten, sch\u00fctzen und gegen staatliche Willk\u00fcr durchsetzen?\u00a0Ach so. Von wem soll das &#8222;<em>nicht vorgesehen<\/em>&#8220; sein, wenn\u00a0man fragen darf?\u00a0In der Verfassung zumindest ist es durchaus vorgesehen, aber es ist sehr daran zu zweifeln, dass die Damen und Herren des Zombie-Parlaments NRW je einen Blick in die Verfassung unseres Landes geworfen haben, sie haben wohl in ihrer politischen Karriere etwas Wichtigeres zu tun gehabt, zum Beispiel Phrasen \u00fcber B\u00fcrgerrechte\u00a0und Demokratie vor den Wahlen zu dreschen:<br \/>\n<span style=\"color: #ffffff;\">..<\/span><\/p>\n<p style=\"text-align: center; padding-left: 60px;\"><em><strong>Grundgesetz Art. 20:<br \/>\n<span style=\"color: #ffffff;\">.<\/span><\/strong><\/em><\/p>\n<p style=\"text-align: justify; padding-left: 60px;\"><em>(1) Die Bundesrepublik Deutschland ist ein demokratischer und sozialer Bundesstaat.<br \/>\n<span style=\"color: #ffffff;\">.<\/span><br \/>\n<\/em><em>(2) Alle Staatsgewalt geht vom Volke aus. Sie wird vom Volke in Wahlen und Abstimmungen und durch besondere Organe der Gesetzgebung, der vollziehenden Gewalt und der Rechtsprechung ausge\u00fcbt.<br \/>\n<span style=\"color: #ffffff;\">.<\/span><br \/>\n<\/em><em>(3) Die Gesetzgebung ist an die verfassungsm\u00e4\u00dfige Ordnung, die vollziehende Gewalt und die Rechtsprechung sind an Gesetz und Recht gebunden.<br \/>\n<span style=\"color: #ffffff;\">.<\/span><br \/>\n<\/em><em>(4) Gegen jeden, der es unternimmt, diese Ordnung zu beseitigen, haben alle Deutschen das Recht zum Widerstand, wenn andere Abhilfe nicht m\u00f6glich ist.<\/em><\/p>\n<p style=\"text-align: justify; padding-left: 60px;\"><span style=\"color: #ffffff;\">.<\/span><br \/>\n<b><i><\/i><\/b><\/p>\n<p style=\"text-align: center;\" align=\"LEFT\"><em><strong>Grundgesetz &#8211; Artikel 19 (4)<\/strong><\/em><\/p>\n<p style=\"text-align: justify; padding-left: 60px;\" align=\"LEFT\"><em>Wird jemand durch die \u00f6ffentliche Gewalt in seinen Rechten verletzt, so steht ihm der Rechtsweg offen. Soweit eine andere Zust\u00e4ndigkeit nicht begr\u00fcndet ist, ist der ordentliche Rechtsweg gegeben.<\/em><\/p>\n<p style=\"text-align: justify;\"><span style=\"color: #ffffff;\">.<\/span><\/p>\n<p style=\"text-align: justify;\">Da die Damen und Herren Abgeordnete des Landtags NRW durch alle politische Fraktionen &#8222;<em>nicht vorgesehen<\/em>&#8220; haben, die Rechte der B\u00fcrger zu vertreten und die Einhaltung der Gesetze und der Bestimmungen der Verfassung durch die erbetene\u00a0Klageerzwingung bei der Staatsanwaltschaft zu erlassen,\u00a0bleibt uns nichts Anderes \u00fcbrig als uns selbst zu vertreten und unsere Verfassung selbst zu verteidigen, ist nun mal so, wenn man ein Zombie-Parlament hat, hilft nichts:<\/p>\n<p style=\"text-align: left; padding-left: 30px;\"><a href=\"https:\/\/www.jocelyne-lopez.de\/pdfDateien\/Vorschaltebeschwerde_Staatsanwaltschaft_Bochum_wegen%20LANUV_17_09_14_o.pdf\" target=\"_blank\">17.09.2014 &#8211; Unsere Einleitung eines Klageerzwingungsverfahrens gegen die Beh\u00f6rde LANUV NRW bei der Staatsanwaltschaft Bochum<\/a><\/p>\n<p style=\"text-align: justify;\"><span style=\"color: #ffffff;\">.<\/span><\/p>\n<p style=\"text-align: justify;\">Wir werden \u00fcber weitere Entwicklungen berichten.<\/p>\n<p style=\"text-align: justify;\"><span style=\"color: #ffffff;\">&#8212;&#8211;.<\/span><\/p>\n<p style=\"text-align: justify;\">&#8212;&#8212;&#8212;&#8212;&#8212;&#8212;&#8212;&#8212;&#8212;&#8212;&#8212;&#8212;&#8212;&#8212;&#8212;&#8212;&#8212;&#8212;&#8212;<br \/>\nSiehe auch in diesem Zusammenhang:<\/p>\n<p style=\"text-align: left;\"><a href=\"https:\/\/www.jocelyne-lopez.de\/blog\/2014\/09\/das-zombie-parlament-des-landes-nordrhein-westfalen-die-zweite\/\" target=\"_blank\">Das Zombie-Parlament des Lands Nordrhein-Westfalen: Die zweite.<\/a><\/p>\n<p style=\"text-align: left;\"><a href=\"https:\/\/www.jocelyne-lopez.de\/blog\/2014\/09\/das-zombie-parlament-des-landes-nordrhein-westfalen-die-dritte\/\" target=\"_blank\">Das Zombie-Parlament des Landes Nordrhein-Westfalen: Die dritte <\/a><\/p>\n<p style=\"text-align: left;\"><a href=\"https:\/\/www.jocelyne-lopez.de\/blog\/2014\/09\/im-land-nrw-werden-die-rechte-der-buerger-missachtet-klageerzwingungsverfahren-gegen-die-behoerde-lanuv-nrw\/\" target=\"_blank\">Im Land NRW werden die Rechte der B\u00fcrger missachtet: Klageerzwingungsverfahren gegen die Beh\u00f6rde LANUV NRW<\/a><\/p>\n<p><a href=\"https:\/\/www.jocelyne-lopez.de\/blog\/2014\/07\/das-land-nrw-ist-kein-rechtsstaat-fallbeispiel-der-tierversuche-an-der-uni-bochum\/\" target=\"_blank\">Das Land NRW ist kein Rechtsstaat: Fallbeispiel der Tierversuche an der Uni Bochum <\/a><\/p>\n<p><a href=\"https:\/\/www.jocelyne-lopez.de\/blog\/2014\/08\/ministerpraesidentin-hannelore-kraft-muss-die-frage-klaeren-ob-das-land-nordrhein-westfalen-ein-rechtsstaat-oder-ein-totalitaerer-staat-ist-2\/\" target=\"_blank\">Ministerpr\u00e4sidentin Hannelore Kraft muss die Frage kl\u00e4ren, ob das Land Nordrhein Westfalen ein Rechtsstaat oder ein totalit\u00e4rer Staat ist<\/a><\/p>\n<p><a href=\"https:\/\/www.jocelyne-lopez.de\/blog\/2014\/07\/beschwerde-an-die-ministerpraesidentin-hannelore-kraft-wegen-missachtung-von-gesetzen-im-land-nrw\" target=\"_blank\">B<\/a><a href=\"https:\/\/www.jocelyne-lopez.de\/blog\/2014\/07\/beschwerde-an-die-ministerpraesidentin-hannelore-kraft-wegen-missachtung-von-gesetzen-im-land-nrw\" target=\"_blank\">eschwerde an die Ministerpr\u00e4sidentin Hannelore Kraft wegen Missachtung von Gesetzen im Land NRW<\/a><\/p>\n<p><a href=\"http:\/\/www.abgeordnetenwatch.de\/frage-928-49950--f424798.html\" target=\"_blank\">Frage an Hannelore Kraft im Abgeordneten-Watch \u2013 Demokratie und B\u00fcrgerrechte<\/a><\/p>\n<p><a href=\"https:\/\/www.jocelyne-lopez.de\/blog\/2014\/05\/umweltminister-johannes-remmel-opfert-50-makaken-fuer-2-fussballtore\/\" target=\"_blank\">Umweltminister Johannes Remmel opfert 50 Makaken f\u00fcr 2 Fu\u00dfballtore <\/a><\/p>\n<p><a title=\"https:\/\/www.jocelyne-lopez.de\/blog\/2014\/05\/uebertragbarkeit-der-tierversuche-auf-menschen-wir-werden-belogen-auch-im-fall-andreas-kreiter\/&lt;br \/&gt;&lt;br \/&gt;&lt;br \/&gt;&lt;br \/&gt;&lt;br \/&gt;&lt;br \/&gt;&lt;br \/&gt; STRG + Klicken, um Verkn\u00fcpfung zu folgen\" href=\"https:\/\/www.jocelyne-lopez.de\/blog\/2014\/05\/uebertragbarkeit-der-tierversuche-auf-menschen-wir-werden-belogen-auch-im-fall-andreas-kreiter\/\" target=\"_blank\">\u00dcbertragbarkeit der Ergebnisse der Tierversuche auf Menschen: Wir werden belogen \u2013 auch im Fall Andreas Kreiter <\/a><\/p>\n<p><a href=\"https:\/\/www.jocelyne-lopez.de\/blog\/2014\/05\/tierversuche-erschreckender-ethischer-zerfall-und-verhoehnung-der-verfassung-beispiel-tierexperimentator-wolf-singer\/\" target=\"_blank\">Tierversuche: Erschreckender ethischer Zerfall und Verh\u00f6hnung der Verfassung-Beispiel Tierexperimentator Wolf Singer <\/a><\/p>\n<p><a href=\"https:\/\/www.jocelyne-lopez.de\/blog\/2014\/06\/tierversuche-als-scharlatanerie-und-abzockesytem\/\" target=\"_blank\">Tierversuche als Scharlatanerie und Abzockesytem <\/a><\/p>\n<p><a href=\"https:\/\/www.jocelyne-lopez.de\/blog\/2014\/06\/wolf-singer-andreas-kreiter-co-die-tierexperimentatoren-beluegen-uns-dass-sich-die-balken-biegen\/\" target=\"_blank\">Wolf Singer, Andreas Kreiter &amp; Co: Die Tierexperimentatoren bel\u00fcgen uns, dass sich die Balken biegen!<\/a><\/p>\n<p><a href=\"https:\/\/www.jocelyne-lopez.de\/blog\/2014\/06\/tierversuche-des-wolf-singer-was-fuer-einen-nutzen-seit-40-jahren\/\" target=\"_blank\">Tierversuche des Wolf Singer: Was f\u00fcr einen Nutzen seit 40 Jahren? <\/a><\/p>\n<p><a href=\"https:\/\/www.jocelyne-lopez.de\/blog\/2014\/06\/die-tierversuche-des-wolf-singer-wie-krank-ist-das-forschungssystem\/\" target=\"_blank\">Die Tierversuche des Wolf Singer: Wie krank ist das Forschungssystem?<\/a><\/p>\n<p><a href=\"https:\/\/www.jocelyne-lopez.de\/blog\/2014\/06\/tierversuche-des-wolf-singer-wie-viel-wird-geschwindelt-und-betrogen\/\" target=\"_blank\">Tierversuche des Wolf Singer: Wie viel wird \u201c<em>geschwindelt<\/em>\u201d und \u201c<em>betrogen<\/em>\u201d?<\/a><\/p>\n<p><a href=\"https:\/\/www.jocelyne-lopez.de\/blog\/2014\/05\/wie-kam-der-beruechtigte-tierexperimentator-wolf-singer-zu-einem-bundesverdienstkreuz\/\" target=\"_blank\">Wie kam der ber\u00fcchtigte Tierexperimentator Wolf Singer zu einem Bundesverdienstkreuz? <\/a><\/p>\n<p><a href=\"https:\/\/www.jocelyne-lopez.de\/blog\/2014\/05\/tierversuche-und-die-gigantische-abzocke-der-pharma-lobby\/\" target=\"_blank\">Tierversuche und die gigantische Abzocke der Pharma-Lobby<\/a><\/p>\n<p><a href=\"https:\/\/www.jocelyne-lopez.de\/blog\/2011\/12\/ehemaliger-gesundheitsminister-horst-seehofer-uber-abzocke-der-pharma-industrie\/\" target=\"_blank\">Ehemaliger Gesundheitsminister Horst Seehofer \u00fcber Abzocke der Pharma-Industrie <\/a><\/p>\n<p><a href=\"https:\/\/www.jocelyne-lopez.de\/blog\/2014\/08\/strafanzeige-gegen-lanuv-nrw-wegen-affenlabor-covance-in-muenster\/\" target=\"_blank\">Strafanzeige gegen LANUV NRW wegen Affenlabor COVANCE<\/a><\/p>\n<p><a href=\"https:\/\/www.jocelyne-lopez.de\/blog\/2014\/08\/strafanzeige-gegen-lanuv-nrw-wegen-primatenversuchen-an-der-uni-bochum\/\" target=\"_blank\">Strafanzeige gegen LANUV NRW wegen Primatenversuchen an der Uni Bochum<\/a><\/p>\n<p><a href=\"https:\/\/www.jocelyne-lopez.de\/blog\/2014\/08\/alle-tierversuche-des-nrw-umweltministers-johannes-remmel-sind-gesetzwidrig\/\" target=\"_blank\">Alle Tierversuche des NRW-Umweltministers Johannes Remmel sind gesetzwidrig<\/a><\/p>\n<p><a href=\"https:\/\/www.jocelyne-lopez.de\/blog\/2014\/08\/hat-lanuv-nrw-die-tierhaltung-im-affenlabor-covance-blind-genehmigt\/\" target=\"_blank\">Hat LANUV NRW die Tierhaltung im Affenlabor COVANCE blind genehmigt?<\/a><\/p>\n<p><a href=\"https:\/\/www.jocelyne-lopez.de\/blog\/2014\/08\/in-gedenken-an-den-tierschuetzer-und-tierrechtler-gerhard-oesterreich\/\" target=\"_blank\">In Gedenken an den Tiersch\u00fctzer und Tierrechtler Gerhard Oesterreich<\/a><\/p>\n<p><span style=\"color: #ffffff;\">&#8211;<\/span><\/p>\n","protected":false},"excerpt":{"rendered":"<p>Wir haben als eine Gruppe von Tiersch\u00fctzern im Rahmen von\u00a0Strafanzeigen gegen die\u00a0Landesbeh\u00f6rde LANUV NRW \u00a0seit 2012 die Frage an die Ministerpr\u00e4sidentin Hannelore Kraft gestellt, warum in ihrem Land Nordrhein-Westfalen die B\u00fcrger keinen Anspruch darauf haben, dass Vorw\u00fcrfe der Verst\u00f6\u00dfe durch den Staat gegen geltende Gesetze gerichtlich gepr\u00fcft werden und warum ihr Justizminister Thomas Kutschaty den [&hellip;]<\/p>\n","protected":false},"author":3,"featured_media":0,"comment_status":"closed","ping_status":"open","sticky":false,"template":"","format":"standard","meta":{"om_disable_all_campaigns":false,"_monsterinsights_skip_tracking":false,"_monsterinsights_sitenote_active":false,"_monsterinsights_sitenote_note":"","_monsterinsights_sitenote_category":0,"ngg_post_thumbnail":0,"footnotes":""},"categories":[9],"tags":[830,473,1149,924,869,831,1043,8,7,1334,185],"class_list":["post-6241","post","type-post","status-publish","format-standard","hentry","category-tierversuche-abschaffen","tag-affenversuche","tag-andreas-kreiter","tag-hannelore-kraft","tag-johannes-remmel","tag-lanuv-nrw","tag-primatenversuche","tag-thomas-kutschaty","tag-tierrechte","tag-tierschutz","tag-tierversuche-abschaffen","tag-wolf-singer"],"aioseo_notices":[],"_links":{"self":[{"href":"https:\/\/www.jocelyne-lopez.de\/blog\/wp-json\/wp\/v2\/posts\/6241"}],"collection":[{"href":"https:\/\/www.jocelyne-lopez.de\/blog\/wp-json\/wp\/v2\/posts"}],"about":[{"href":"https:\/\/www.jocelyne-lopez.de\/blog\/wp-json\/wp\/v2\/types\/post"}],"author":[{"embeddable":true,"href":"https:\/\/www.jocelyne-lopez.de\/blog\/wp-json\/wp\/v2\/users\/3"}],"replies":[{"embeddable":true,"href":"https:\/\/www.jocelyne-lopez.de\/blog\/wp-json\/wp\/v2\/comments?post=6241"}],"version-history":[{"count":0,"href":"https:\/\/www.jocelyne-lopez.de\/blog\/wp-json\/wp\/v2\/posts\/6241\/revisions"}],"wp:attachment":[{"href":"https:\/\/www.jocelyne-lopez.de\/blog\/wp-json\/wp\/v2\/media?parent=6241"}],"wp:term":[{"taxonomy":"category","embeddable":true,"href":"https:\/\/www.jocelyne-lopez.de\/blog\/wp-json\/wp\/v2\/categories?post=6241"},{"taxonomy":"post_tag","embeddable":true,"href":"https:\/\/www.jocelyne-lopez.de\/blog\/wp-json\/wp\/v2\/tags?post=6241"}],"curies":[{"name":"wp","href":"https:\/\/api.w.org\/{rel}","templated":true}]}}