{"id":6032,"date":"2014-07-07T11:27:09","date_gmt":"2014-07-07T10:27:09","guid":{"rendered":"https:\/\/www.jocelyne-lopez.de\/blog\/?p=6032"},"modified":"2014-07-14T05:45:53","modified_gmt":"2014-07-14T04:45:53","slug":"lanuv-nrw-lehnt-einen-antrag-auf-gebuehrenbefreiung-fuer-auskuenfte-ueber-den-affenlabor-covance-ab","status":"publish","type":"post","link":"https:\/\/www.jocelyne-lopez.de\/blog\/2014\/07\/lanuv-nrw-lehnt-einen-antrag-auf-gebuehrenbefreiung-fuer-auskuenfte-ueber-den-affenlabor-covance-ab\/","title":{"rendered":"LANUV NRW lehnt einen Antrag auf Geb\u00fchrenbefreiung f\u00fcr Ausk\u00fcnfte \u00fcber den Affenlabor COVANCE ab"},"content":{"rendered":"<p style=\"text-align: justify;\">Als eine Gruppe von Tiersch\u00fctzern haben wir eine\u00a0B\u00fcrgeranfrage \u00fcber das\u00a0Umweltministerium NRW an die zust\u00e4ndige und verantwortliche Beh\u00f6rde LANUV NRW gerichtet, um Informationen im Rahmen des Informationsfreiheitgesetzes \u00fcber die Haltung der Tiere im Affenlabor Covance in M\u00fcnster zu erhalten, siehe:<\/p>\n<p style=\"padding-left: 30px;\"><a href=\"https:\/\/www.jocelyne-lopez.de\/blog\/2014\/06\/buergeranfrage-an-lanuv-nrw-wegen-affenlabor-covance-in-muenster\/\" target=\"_blank\">B\u00fcrgeranfrage an LANUV NRW wegen Affenlabor COVANCE in M\u00fcnster<\/a><\/p>\n<p style=\"text-align: justify;\">Wie wir schon berichtet haben, wurden wir mit der Ank\u00fcndigung von Geb\u00fchrenerhebung durch die Beh\u00f6rde konfrontiert und haben einen Antrag auf Geb\u00fchrenbefreiung aufgrund eines \u00f6ffentlichen Interesses eingereicht, siehe:<\/p>\n<p style=\"padding-left: 30px;\"><a href=\"https:\/\/www.jocelyne-lopez.de\/blog\/2014\/06\/buergeranfrage-an-lanuv-nrw-wegen-affenlabor-covance-und-gebuehrenerhebung\/\" target=\"_blank\">B\u00fcrgeranfrage an LANUV NRW wegen Affenlabor COVANCE und Geb\u00fchrenerhebung <\/a><\/p>\n<p style=\"text-align: justify;\">Die Beh\u00f6rde hat unseren Antrag auf Geb\u00fchrenbefreiung abgelehnt, wir berichten nachstehend \u00fcber die\u00a0weitere Entwicklung:<\/p>\n<p><span style=\"color: #ffffff;\">.<\/span><\/p>\n<p><span style=\"color: #800000;\"><strong>04.07.2014 &#8211; Ablehnung unseres Antrags auf Geb\u00fcrenbefreiung durch LANUV NRW:<\/strong><\/span><\/p>\n<p style=\"padding-left: 30px;\"><strong>Von:\u00a0Hauke Christian Hoyer &#8211; HaukeChristian.Hoyer@lanuv.nrw.de<\/strong><br \/>\n<strong> An: Gisela Urban<\/strong><br \/>\n<strong> Cc:\u00a0Fachbereich84@lanuv.nrw.de<\/strong><br \/>\n<strong> Betreff:\u00a0Tierversuche im Affenlabor Covance, M\u00fcnster<\/strong><br \/>\n<strong> Datum: 04. Juli 2014<\/strong><\/p>\n<p style=\"padding-left: 30px;\">Sehr geehrte Frau Urban,<\/p>\n<p style=\"text-align: justify; padding-left: 30px;\">die Argumente, die Sie auff\u00fchren, entsprechen weitestgehend jenen, die bereits Gegenstand des Gerichtsverfahrens am Verwaltungsgericht D\u00fcsseldorf unter dem Aktenzeichen 26 K 2277\/13 waren. Ich gehe davon aus, dass Ihnen das Urteil bekannt ist, bzw. zumindest Personen aus dem Kreis Ihrer Mitunterzeichner. (Andernfalls kann ich Ihnen gerne eine Kopie davon per Mail schicken).<\/p>\n<p style=\"text-align: justify; padding-left: 30px;\">Das Verwaltungsgericht hat sich in der Urteilsbegr\u00fcndung ausf\u00fchrlich mit Ihren Einw\u00e4nden auseinander gesetzt und gut nachvollziehbar dargelegt, warum sie nicht \u00fcberzeugen konnten. Zur Vermeidung von Wiederholungen verweise ich daher auf das besagte Urteil.<\/p>\n<p style=\"text-align: justify; padding-left: 30px;\">Bez\u00fcglich Ihrer Bef\u00fcrchtung, sich durch Nichteinholung von Informationen gem. IFG NRW (sei es geb\u00fchrenfrei oder geb\u00fchrenpflichtig) strafbar wegen Strafvereitelung machen zu k\u00f6nnen, sah sich das VG D\u00fcsseldorf allerdings nicht veranlasst, Ausf\u00fchrungen in dem Urteil zu machen. Dieser Aspekt mag in dem Gerichtsverfahren auch nicht er\u00f6rtert worden sein.<\/p>\n<p style=\"text-align: justify; padding-left: 30px;\">Hierzu darf ich Ihnen jedoch mit Gewissheit mitteilen, dass eine solche Strafbarkeit keinesfalls in Betracht kommt. Beispielsweise setzt das Gesetz Absicht oder Wissentlichkeit voraus. Sie haben jedoch, wie Sie selbst schreiben, nur Vermutungen; bereits aus diesem Grund scheidet eine Strafbarkeit aus.<\/p>\n<p style=\"text-align: justify; padding-left: 30px;\">Selbst wenn es f\u00fcr Sie eine (strafrechtliche oder sonstige) Pflicht g\u00e4be, entsprechende Sachverhalte amtlich oder staatsanwaltlich im Interesse der Allgemeinheit pr\u00fcfen zu lassen, so w\u00e4re dieser Pflicht bereits dadurch Gen\u00fcge getan, dass Sie Ihre Erkenntnisse gegen\u00fcber den zust\u00e4ndigen Beh\u00f6rden anzeigen. Die Beh\u00f6rden werden dann ihrerseits selbstst\u00e4ndig ermitteln. Es gibt keine Ermittlungspflicht f\u00fcr Privatpersonen. Die Wahrnehmung \u00f6ffentlicher Aufgaben obliegt grunds\u00e4tzlich den \u00f6ffentlichen Stellen.<\/p>\n<p style=\"text-align: justify; padding-left: 30px;\">Ich hoffe daher, dass ich Ihnen die Sorge vor etwaiger Strafverfolgung nehmen konnte und verbleibe<\/p>\n<p style=\"padding-left: 30px;\">Mit freundlichen Gr\u00fc\u00dfen<\/p>\n<p style=\"padding-left: 30px;\">Im Auftrag<br \/>\nHauke Christian Hoyer<br \/>\nLandesamt f\u00fcr Natur, Umwelt und Verbraucherschutz NRW<br \/>\n<i>FB 15 \u2013 Justiziariat<br \/>\n<\/i>Leibnizstra\u00dfe 10<br \/>\n45659 Recklinghausen<br \/>\n<a href=\"http:\/\/www.lanuv.nrw.de\/\" target=\"_blank\">www.lanuv.nrw.de<\/a><\/p>\n<p>&nbsp;<\/p>\n<p><span style=\"color: #800000;\"><strong>07.07.2014 &#8211; Unsere Antwort auf die Ablehnung des Antrages auf Geb\u00fchrenbefreiung:<\/strong><\/span><\/p>\n<p style=\"padding-left: 30px;\"><strong>Von Gisela Urban<\/strong><br \/>\n<strong>An Hauke Christian Hoyer,\u00a0LANUV NRW <i>FB 15 \u2013 Justiziariat<br \/>\n<\/i><\/strong><strong>Datum: 07.07.2014<\/strong><br \/>\n<strong>Betr. : Tierversuche im Affenlabor Covance, M\u00fcnster<br \/>\nMeine B\u00fcrgeranfrage vom 22.06.2014 im Rahmen des IFG<br \/>\nMein Antrag auf Geb\u00fchrenbefreiung w\/\u00f6ffentlichem Interesse v. 25.06.14<br \/>\nIhre E-Mail-Antwort vom 04.07.2014<br \/>\nHier: Antrag auf die Mindestgeb\u00fchr von 10 Euro<\/strong><\/p>\n<p style=\"text-align: justify; padding-left: 30px;\">Sehr geehrter Herr Hoyer,<\/p>\n<p style=\"text-align: justify; padding-left: 30px;\">mit Bedauern nehme ich davon Kenntnis, dass Sie das Urteil 26 K 2277\/13 des VG D\u00fcsseldorf bei der Klage einer Mitstreiterin in einem \u00e4hnlich gelagerten Fall heranziehen, um den B\u00fcrgern des Lands NRW sowohl den Anspruch auf ein \u00f6ffentliches Interesse abzusprechen, als auch deren bestehendes Recht auf Geb\u00fchrenbefreiung in den F\u00e4llen vom \u00f6ffentlichen Interesse gem\u00e4\u00df dem geltenden Geb\u00fchrengesetz NRW abzuschaffen.<\/p>\n<p style=\"text-align: justify; padding-left: 30px;\">Dieses bedenkliche Urteil ist wohl ohne Pr\u00e4zedenzfall und entsinnt eklatant die Absicht des Gesetzgebers des IFG, den B\u00fcrgern mit verbesserten Rechten einen freien Zugang zu vorhandenen amtlichen Informationen zu gew\u00e4hren: Nach der seltsamen Auffassung des Richters habe im Gegenteil eine Beh\u00f6rde\u00a0im Rahmen des IFG\u00a0das Recht,\u00a0nur dann den B\u00fcrgern die gew\u00fcnschten amtlichen Informationen zu erteilen, wenn sie selbst daran Interesse hat, es zu tun. Es steht Ihnen zwar zu, dieses Urteil als ma\u00dfgebend f\u00fcr die Haltung Ihrer Beh\u00f6rde gegen\u00fcber fragenden B\u00fcrgern zugrunde zu legen, jedoch\u00a0d\u00fcrfen die B\u00fcrger wiederum\u00a0\u00a0an die Rechtsm\u00e4\u00dfigkeit dieses Urteils zweifeln, das den Sinn und Zweck des Informationsfreiheitgesetzes aushebelt.\u00a0 Es bleibt offen, ob andere Richter\u00a0zuk\u00fcnftig in solchen\u00a0F\u00e4llen gleich\u00a0urteilen werden.<\/p>\n<p style=\"text-align: justify; padding-left: 30px;\">Zur\u00fcckkommend auf meine\u00a0B\u00fcrgeranfrage \u00fcber die Haltung der Tiere im\u00a0Affenlabor Covance, woran ich festhalte, beantrage ich\u00a0dann im Rahmen der\u00a0Geb\u00fchrenstaffelung f\u00fcr Verwaltungsaufwand gem\u00e4\u00df \u00a7 11 Abs. 1 IFG NRW die Mindestgeb\u00fchr von 10 Euro, da es sich lediglich um genehmigungsrelevante Fragen handelt, die dementsprechend bereits\u00a0in der Genehmigungsakte vorhanden sind und keine aufw\u00e4ndige Recherche bzw. Schw\u00e4rzen von personenbezogenen Daten erfordern.<\/p>\n<p style=\"text-align: justify; padding-left: 30px;\">Hier ziehe ich den Fall\u00a0eines B\u00fcrgers heran, der Anlass zu der <a href=\"http:\/\/www.landtag.nrw.de\/portal\/WWW\/dokumentenarchiv\/Dokument\/MMD16-1151.pdf\" target=\"_blank\">kleinen Anfrage Nr. 570 vom 17.10.2012<\/a> des Abgeordneten Ralf Witzel am Landtag NRW gegeben hat. Wie es aus\u00a0der\u00a0<a href=\"http:\/\/www.landtag.nrw.de\/portal\/WWW\/dokumentenarchiv\/Dokument\/MMD16-1465.pdf\" target=\"_blank\">Antwort der Landesregierung vom\u00a020.11.2012<\/a>\u00a0zu entnehmen ist,\u00a0hat LANUV NRW eine aufw\u00e4ndige Recherche, die sie dem B\u00fcrger urspr\u00fcnglich mit zwei Geb\u00fchrenbescheiden i.H. von je 1000 Euro f\u00fcr\u00a0 Verwaltungsaufwand in Rechnung gestellt hatte, auf die Mindestgeb\u00fchr von je 10 Euro zur\u00fcckgesetzt. Ich beanspruche Gleichbehandlung. Der\u00a0Landesbeauftragte f\u00fcr Datenschutz und Informationsfreiheit NRW erh\u00e4lt Kopie meines heutigen Antrags auf die Mindestgeb\u00fchr von 10 Euro, mit meiner ausdr\u00fccklichen Bitte, sich f\u00fcr die Annahme meines Antrages\u00a0bei Ihrer Beh\u00f6rde einzubringen.<\/p>\n<p style=\"text-align: justify; padding-left: 30px;\">Abschlie\u00dfend m\u00f6chte ich richtigstellen, dass die Erinnerung an\u00a0meine Verpflichtung und Verantwortung aufgrund \u00a7 258 StGB &#8222;Strafvereitelung&#8220; sich nicht auf meine Rechte im Rahmen des\u00a0Informationsfreiheitsgesetzes bezog, sondern auf die Haltung der Tiere im Affenlabor Covance, die ich aus der Presse entnommen habe, wonach die Tiere in kleinen K\u00e4figen und in Einzelhaltung (einschlie\u00dflich Babies), gehalten werden. Es handelt sich also nicht lediglich um Vermutungen, wie Sie es f\u00e4lschlicherweise anf\u00fchren, sondern vielmehr um die Feststellung eines strafrechtlich relevanten Vorganges.\u00a0Sollten die von mir wahrgenommenen Bilder aus der Presse authentisch sein und dem jetzigen Zustand der Haltung der Tiere entsprechen, w\u00fcrde es nicht nur den heutigen Standard des ethischen Empfindens der \u00fcberwiegenden Mehrheit der Bev\u00f6lkerung tiefgr\u00fcndig verprellen, sondern auch gegen \u00a7\u00a7 1, 2, 7 und 11 Tierschutzgesetz versto\u00dfen. Ich werde dementsprechend durch die blo\u00dfe Einreichung meiner B\u00fcrgeranfrage zur Einholung von amtlichen Informationen \u00fcber die Haltung der Tiere im Affenlabor Covance bei der zust\u00e4ndigen und verantwortlichen Beh\u00f6rde LANUV NRW von meiner Verantwortung und Verpflichtung aufgrund\u00a0 \u00a7 258 StGB &#8222;Strafvereitelung&#8220; nicht befreit.<\/p>\n<p style=\"text-align: justify; padding-left: 30px;\">Mit tiersch\u00fctzerischen Gr\u00fc\u00dfen<br \/>\nGisela Urban<\/p>\n<p style=\"padding-left: 30px;\"><span style=\"color: #ffffff;\">.<\/span><\/p>\n<p style=\"padding-left: 30px;\"><span style=\"color: #ffffff;\">.<\/span><\/p>\n<p>&#8212;&#8212;&#8212;&#8212;&#8212;&#8212;&#8212;&#8212;&#8212;&#8212;&#8212;<br \/>\nWir werden \u00fcber die weiteren Austauschen berichten.<\/p>\n<p><span style=\"color: #ffffff;\">.<\/span><\/p>\n<p style=\"text-align: center;\"><a href=\"https:\/\/www.jocelyne-lopez.de\/blog\/wp-content\/uploads\/2014\/05\/Bild-unmenschlich31.jpg\"><img loading=\"lazy\" decoding=\"async\" class=\"wp-image-5953 aligncenter\" alt=\"Bild-unmenschlich3\" src=\"https:\/\/www.jocelyne-lopez.de\/blog\/wp-content\/uploads\/2014\/05\/Bild-unmenschlich31-300x220.jpg\" width=\"240\" height=\"176\" srcset=\"https:\/\/www.jocelyne-lopez.de\/blog\/wp-content\/uploads\/2014\/05\/Bild-unmenschlich31-300x220.jpg 300w, https:\/\/www.jocelyne-lopez.de\/blog\/wp-content\/uploads\/2014\/05\/Bild-unmenschlich31.jpg 408w\" sizes=\"(max-width: 240px) 100vw, 240px\" \/><\/a><\/p>\n<p style=\"text-align: center;\"><a href=\"https:\/\/www.jocelyne-lopez.de\/blog\/wp-content\/uploads\/2014\/05\/Bild-Unmenschlich1.jpg\"><img loading=\"lazy\" decoding=\"async\" class=\" wp-image-5949 aligncenter\" alt=\"Bild-Unmenschlich1\" src=\"https:\/\/www.jocelyne-lopez.de\/blog\/wp-content\/uploads\/2014\/05\/Bild-Unmenschlich1-229x300.jpg\" width=\"183\" height=\"240\" srcset=\"https:\/\/www.jocelyne-lopez.de\/blog\/wp-content\/uploads\/2014\/05\/Bild-Unmenschlich1-229x300.jpg 229w, https:\/\/www.jocelyne-lopez.de\/blog\/wp-content\/uploads\/2014\/05\/Bild-Unmenschlich1.jpg 300w\" sizes=\"(max-width: 183px) 100vw, 183px\" \/><\/a><\/p>\n<p>&nbsp;<\/p>\n<p>&#8212;&#8212;&#8212;&#8212;&#8212;&#8212;&#8212;&#8212;&#8212;&#8212;&#8212;&#8212;&#8212;&#8212;-<br \/>\nSiehe auch in diesen Gesamtkontext der Versuche an Primaten:<\/p>\n<p style=\"text-align: justify;\"><a href=\"https:\/\/www.jocelyne-lopez.de\/blog\/2014\/05\/tierversuche-und-die-gigantische-abzocke-der-pharma-lobby\/\" target=\"_blank\" rel=\"nofollow\">Tierversuche und die gigantische Abzocke der Pharma-Lobby<\/a><\/p>\n<p style=\"text-align: justify;\"><a href=\"https:\/\/www.jocelyne-lopez.de\/blog\/2014\/06\/tierversuche-als-scharlatanerie-und-abzockesytem\/\" target=\"_blank\" rel=\"bookmark\">Tierversuche als Scharlatanerie und Abzockesytem <\/a><\/p>\n<p><a href=\"https:\/\/www.jocelyne-lopez.de\/blog\/2014\/04\/anzeige-kreiter-macht-eiskalt-weiter-unberechtigte-kritik-der-uni-bremen\/\" target=\"_blank\" rel=\"bookmark\">Anzeige \u201eKreiter macht eiskalt weiter\u201c: Unberechtigte Kritik der Uni Bremen<\/a><\/p>\n<p><a href=\"https:\/\/www.jocelyne-lopez.de\/blog\/2014\/04\/wie-andreas-kreiter-eine-verletzung-seiner-menschenwuerde-konstruiert\/\" target=\"_blank\">Wie Andreas Kreiter eine Verletzung seiner Menschenw\u00fcrde konstruiert <\/a><\/p>\n<p><a href=\"https:\/\/www.jocelyne-lopez.de\/blog\/2014\/05\/andreas-kreiter-sehen-sie-sich-diese-leute-an\/\" target=\"_blank\">Andreas Kreiter, sehen Sie sich \u201cdiese Leute\u201d an.<\/a><\/p>\n<p><a href=\"https:\/\/www.jocelyne-lopez.de\/blog\/2014\/06\/andreas-kreiter-diese-leute-sind-die-mehrheit\/\" target=\"_blank\" rel=\"bookmark\">Andreas Kreiter, \u201cdiese Leute\u201d sind die Mehrheit! <\/a><\/p>\n<p><a href=\"https:\/\/www.jocelyne-lopez.de\/blog\/2014\/05\/ich-erwarte-eine-entschuldigung-von-andreas-kreiter-wegen-seiner-bezeichnung-diese-leute-gegenueber-radio-bremen\/\" target=\"_blank\">Ich erwarte eine Entschuldigung von Andreas Kreiter wegen seiner<br \/>\nBezeichnung \u201cdiese Leute\u201d gegen\u00fcber Radio Bremen<\/a><\/p>\n<p><a href=\"https:\/\/www.jocelyne-lopez.de\/blog\/2014\/05\/rechtsmaessigkeit-der-affenversuche-des-andreas-kreiter-ansprache-an-die-bremer-buergerschaft\/\" target=\"_blank\" rel=\"bookmark\">Rechtsm\u00e4\u00dfigkeit der Affenversuche des Andreas Kreiter: Ansprache an die Bremer B\u00fcrgerschaft <\/a><\/p>\n<p><a href=\"https:\/\/www.jocelyne-lopez.de\/blog\/2014\/05\/tierversuche-erschreckender-ethischer-zerfall-und-verhoehnung-der-verfassung-beispiel-tierexperimentator-wolf-singer\/\" target=\"_blank\" rel=\"bookmark\">Tierversuche: Erschreckender ethischer Zerfall und Verh\u00f6hnung der Verfassung \u2013 Beispiel Tierexperimentator Wolf Singer<\/a><\/p>\n<p><a href=\"https:\/\/www.jocelyne-lopez.de\/blog\/2014\/05\/wie-kam-der-beruechtigte-tierexperimentator-wolf-singer-zu-einem-bundesverdienstkreuz\/\" target=\"_blank\" rel=\"bookmark\">Wie kam der ber\u00fcchtigte Tierexperimentator Wolf Singer zu einem Bundesverdienstkreuz? <\/a><\/p>\n<p><a title=\"https:\/\/www.jocelyne-lopez.de\/blog\/2014\/05\/uebertragbarkeit-der-tierversuche-auf-menschen-wir-werden-belogen-auch-im-fall-andreas-kreiter\/&lt;br \/&gt;&lt;br \/&gt;&lt;br \/&gt;&lt;br \/&gt;&lt;br \/&gt;&lt;br \/&gt;&lt;br \/&gt; STRG + Klicken, um Verkn\u00fcpfung zu folgen\" href=\"https:\/\/www.jocelyne-lopez.de\/blog\/2014\/05\/uebertragbarkeit-der-tierversuche-auf-menschen-wir-werden-belogen-auch-im-fall-andreas-kreiter\/\" target=\"_blank\">\u00dcbertragbarkeit der Ergebnisse der Tierversuche auf Menschen: Wir werden belogen \u2013 auch im Fall Andreas Kreiter <\/a><\/p>\n<p><a href=\"https:\/\/www.jocelyne-lopez.de\/blog\/2014\/05\/ueber-eine-million-euro-steuergelder-fuer-die-affenversuche-des-andreas-kreiter\/\" target=\"_blank\" rel=\"bookmark\">\u00dcber eine Million Euro Steuergelder f\u00fcr die Affenversuche des Andreas Kreiter <\/a><\/p>\n<p style=\"text-align: justify;\"><a href=\"https:\/\/www.jocelyne-lopez.de\/blog\/2014\/06\/anzeige-kreiter-macht-eiskalt-weiter-und-das-edle-verhalten-des-fdp-politikers-markus-buhlert\/\" rel=\"bookmark\">Anzeige \u201cKREITER macht eiskalt weiter\u201d und das edle Verhalten des FDP-Politikers Markus Buhlert <\/a><\/p>\n<p style=\"text-align: justify;\"><a href=\"https:\/\/www.jocelyne-lopez.de\/blog\/2014\/03\/herr-minister-johannes-remmel-sind-sie-stolz-auf-ihre-behoerde-lanuv-nrw\/\" target=\"_blank\" rel=\"bookmark\">Herr Minister Johannes Remmel, sind Sie stolz auf Ihre Beh\u00f6rde LANUV NRW? <\/a><\/p>\n<p><a href=\"https:\/\/www.jocelyne-lopez.de\/blog\/2014\/05\/umweltminister-johannes-remmel-opfert-50-makaken-fuer-2-fussballtore\/\" target=\"_blank\" rel=\"bookmark\">Umweltminister Johannes Remmel opfert 50 Makaken f\u00fcr 2 Fu\u00dfballtore<\/a><\/p>\n<p><a href=\"https:\/\/www.jocelyne-lopez.de\/blog\/2014\/05\/herr-minister-johannes-remmel-wie-viele-millionen-steuergeld-haben-uns-die-2-von-jens-lehmann-gehaltenen-tore-bei-der-fussball-wm-2006-gekostet\/\" target=\"_blank\" rel=\"bookmark\">Herr Minister Johannes Remmel, wie viele Millionen Steuergeld haben uns die 2 von Jens Lehmann gehaltenen Tore bei der Fu\u00dfball-WM 2006 gekostet? <\/a><\/p>\n<p><a href=\"https:\/\/www.jocelyne-lopez.de\/blog\/2014\/05\/umweltminister-joahnnes-remmel-hat-seine-gedaechtnisluecken-bei-den-primatenversuchen-in-bochum-ueberwunden-hurra\/\" target=\"_blank\" rel=\"bookmark\">Umweltminister Johannes Remmel hat seine Ged\u00e4chtnisl\u00fccken \u00fcber die Primatenversuche in Bochum \u00fcberwunden, hurra. <\/a><\/p>\n<p><a href=\"https:\/\/www.jocelyne-lopez.de\/blog\/2014\/05\/herr-tierschutzminister-johannes-remmel-nehmen-sie-ihren-hut\/\" target=\"_blank\" rel=\"bookmark\">Herr Tierschutzminister Johannes Remmel, nehmen Sie Ihren Hut! <\/a><\/p>\n<p><a href=\"https:\/\/www.jocelyne-lopez.de\/blog\/2014\/06\/makaken-der-tierschutzminister-johannes-remmel-alle-getoetet-und-als-muell-weggeworfen\/\" target=\"_blank\">Makaken des Tierschutzministers Johannes Remmel: Alle get\u00f6tet und als M\u00fcll weggeworfen?<\/a><\/p>\n<p><a href=\"https:\/\/www.jocelyne-lopez.de\/blog\/2014\/02\/petition-zur-entziehung-der-zustaendigkeit-des-richters-dieter-kley-am-bundesverwaltungsgericht\/\" target=\"_blank\" rel=\"bookmark\">Petition zur Entziehung der Zust\u00e4ndigkeit des Richters Dieter Kley am Bundesverwaltungsgericht <\/a><\/p>\n<p><a href=\"https:\/\/www.jocelyne-lopez.de\/blog\/2014\/06\/beschwerde-an-den-landtag-nrw-wegen-ablehnung-der-petition-gegen-die-primatenversuche-von-lanuv-nrw-in-bochum\/\" target=\"_blank\" rel=\"bookmark\">Beschwerde an den Landtag NRW wegen Ablehnung der Petition gegen die Primatenversuche von LANUV NRW in Bochum <\/a><\/p>\n<p><a href=\"https:\/\/www.jocelyne-lopez.de\/blog\/2014\/06\/primatenversuche-des-tierchutzministers-johannes-remmel-die-partei-die-gruene-lehnt-die-verantwortung-ab\/\" target=\"_blank\" rel=\"bookmark\">Primatenversuche des Tierchutzministers Johannes Remmel: Die Partei DIE GR\u00dcNEN lehnt die Verantwortung ab <\/a><\/p>\n<p><a href=\"https:\/\/www.jocelyne-lopez.de\/blog\/2014\/06\/petition-an-minister-johannes-remmel-graeuel-affenlabor-covance-schliessen\/\" target=\"_blank\" rel=\"bookmark\">Petition an Minister Johannes Remmel: Gr\u00e4uel-Affenlabor COVANCE schlie\u00dfen! <\/a><\/p>\n<p><a href=\"https:\/\/www.jocelyne-lopez.de\/blog\/2014\/06\/wolf-singer-andreas-kreiter-co-die-tierexperimentatoren-beluegen-uns-dass-sich-die-balken-biegen\/\" target=\"_blank\">Wolf Singer, Andreas Kreiter &amp; Co: Die Tierexperimentatoren bel\u00fcgen uns, dass sich die Balken biegen!<\/a><\/p>\n<p><a href=\"https:\/\/www.jocelyne-lopez.de\/blog\/2014\/06\/tierversuche-des-wolf-singer-was-fuer-einen-nutzen-seit-40-jahren\/\" target=\"_blank\">Tierversuche des Wolf Singer: Was f\u00fcr einen Nutzen seit 40 Jahren? <\/a><\/p>\n<p><a href=\"https:\/\/www.jocelyne-lopez.de\/blog\/2014\/06\/die-tierversuche-des-wolf-singer-wie-krank-ist-das-forschungssystem\/\" target=\"_blank\">Die Tierversuche des Wolf Singer: Wie krank ist das Forschungssystem?<\/a><\/p>\n<p><a href=\"https:\/\/www.jocelyne-lopez.de\/blog\/2014\/06\/tierversuche-des-wolf-singer-wie-viel-wird-geschwindelt-und-betrogen\/\" target=\"_blank\">Tierversuche des Wolf Singer: Wie viel wird \u201cgeschwindelt\u201d und \u201cbetrogen\u201d?<\/a><\/p>\n<p><a href=\"https:\/\/www.jocelyne-lopez.de\/blog\/2014\/06\/test-singer\/\" target=\"_blank\">Ansprache an die Umweltministerin Priska Hinz wegen Tierversuchen des Wolf Singer in Frankfurt<\/a><\/p>\n<p><a href=\"https:\/\/www.jocelyne-lopez.de\/blog\/2014\/07\/beschwerde-an-die-ministerpraesidentin-hannelore-kraft-wegen-missachtung-von-gesetzen-im-land-nrw\/\" target=\"_blank\">Beschwerde an die Ministerpr\u00e4sidentin Hannelore Kraft wegen Missachtung von Gesetzen im Land NRW<\/a><\/p>\n<p><span style=\"color: #ffffff;\">.<\/span><\/p>\n","protected":false},"excerpt":{"rendered":"<p>Als eine Gruppe von Tiersch\u00fctzern haben wir eine\u00a0B\u00fcrgeranfrage \u00fcber das\u00a0Umweltministerium NRW an die zust\u00e4ndige und verantwortliche Beh\u00f6rde LANUV NRW gerichtet, um Informationen im Rahmen des Informationsfreiheitgesetzes \u00fcber die Haltung der Tiere im Affenlabor Covance in M\u00fcnster zu erhalten, siehe: B\u00fcrgeranfrage an LANUV NRW wegen Affenlabor COVANCE in M\u00fcnster Wie wir schon berichtet haben, wurden wir [&hellip;]<\/p>\n","protected":false},"author":3,"featured_media":0,"comment_status":"closed","ping_status":"open","sticky":false,"template":"","format":"standard","meta":{"om_disable_all_campaigns":false,"_monsterinsights_skip_tracking":false,"_monsterinsights_sitenote_active":false,"_monsterinsights_sitenote_note":"","_monsterinsights_sitenote_category":0,"ngg_post_thumbnail":0,"footnotes":""},"categories":[9],"tags":[1048,830,311,144,924,869,831,883,8,7,1334,1026],"class_list":["post-6032","post","type-post","status-publish","format-standard","hentry","category-tierversuche-abschaffen","tag-26-k-227713","tag-affenversuche","tag-covance","tag-covance-munster","tag-johannes-remmel","tag-lanuv-nrw","tag-primatenversuche","tag-ralf-witzel","tag-tierrechte","tag-tierschutz","tag-tierversuche-abschaffen","tag-verwaltungsgericht-duesseldorf"],"aioseo_notices":[],"_links":{"self":[{"href":"https:\/\/www.jocelyne-lopez.de\/blog\/wp-json\/wp\/v2\/posts\/6032"}],"collection":[{"href":"https:\/\/www.jocelyne-lopez.de\/blog\/wp-json\/wp\/v2\/posts"}],"about":[{"href":"https:\/\/www.jocelyne-lopez.de\/blog\/wp-json\/wp\/v2\/types\/post"}],"author":[{"embeddable":true,"href":"https:\/\/www.jocelyne-lopez.de\/blog\/wp-json\/wp\/v2\/users\/3"}],"replies":[{"embeddable":true,"href":"https:\/\/www.jocelyne-lopez.de\/blog\/wp-json\/wp\/v2\/comments?post=6032"}],"version-history":[{"count":0,"href":"https:\/\/www.jocelyne-lopez.de\/blog\/wp-json\/wp\/v2\/posts\/6032\/revisions"}],"wp:attachment":[{"href":"https:\/\/www.jocelyne-lopez.de\/blog\/wp-json\/wp\/v2\/media?parent=6032"}],"wp:term":[{"taxonomy":"category","embeddable":true,"href":"https:\/\/www.jocelyne-lopez.de\/blog\/wp-json\/wp\/v2\/categories?post=6032"},{"taxonomy":"post_tag","embeddable":true,"href":"https:\/\/www.jocelyne-lopez.de\/blog\/wp-json\/wp\/v2\/tags?post=6032"}],"curies":[{"name":"wp","href":"https:\/\/api.w.org\/{rel}","templated":true}]}}