{"id":6031,"date":"2014-07-05T09:13:05","date_gmt":"2014-07-05T08:13:05","guid":{"rendered":"https:\/\/www.jocelyne-lopez.de\/blog\/?p=6031"},"modified":"2014-07-14T06:22:17","modified_gmt":"2014-07-14T05:22:17","slug":"kritik-der-relativitaetstheorie-bildungsskandal-an-der-universitaet-stuttgart","status":"publish","type":"post","link":"https:\/\/www.jocelyne-lopez.de\/blog\/2014\/07\/kritik-der-relativitaetstheorie-bildungsskandal-an-der-universitaet-stuttgart\/","title":{"rendered":"Kritik der Relativit\u00e4tstheorie: Bildungsskandal an der Universit\u00e4t Stuttgart"},"content":{"rendered":"<p style=\"text-align: justify;\"><img loading=\"lazy\" decoding=\"async\" class=\"alignleft\" alt=\"\" src=\"http:\/\/kritik-relativitaetstheorie.de\/wp-content\/uploads\/2011\/07\/LogoEinsteinbunt9.jpg\" width=\"130\" height=\"175\" \/> Wie wir ausf\u00fchrlich in Blog der Webseite <a href=\"http:\/\/www.kritik-relativitaetstheorie.de\/\" target=\"_blank\">Kritische Stimmen zur Relativit\u00e4tstheorie <\/a>fortlaufend berichtet haben, hat Herr Dipl.-Ing. Reinhard Rohmer ab April 2013 eine einmalige Initiative ergriffen, um den skandal\u00f6sen und desastr\u00f6sen Zustand der kritiklosen Vermittlung der Relativit\u00e4tstheorie an der Universit\u00e4t Stuttgart zu monieren, sowie die\u00a0zust\u00e4ndigen \u00c4mter an ihre Verantwortung zur Umsetzung der\u00a0unmittelbar g\u00fcltigen Bestimmungen des Grundgesetzes Art. 5 Abs. 3 \u201e<em>Wissenschaftsfreiheit<\/em>\u201c zu erinnern: Das Grundgesetz spricht der kritiklosen Lehre einer Theorie die Wissenschaftlichkeit ab und verlangt von den staatlichen Lehreinrichtungen den Respekt der Gebote der Nicht-Identifikation mit einer Theorie und der meinungsneutralen Wissenschaftspflege bei dem Wissenstransfer an die n\u00e4chsten Generationen.<\/p>\n<p style=\"text-align: justify;\">Wir berichten heute \u00fcber einen Versuch von Reinhard Rohmer, die alternative Presse \u00fcber diesen Sachverhalt zu informieren, da die Mainstream-Presse wie bekannt gleichgeschaltet ist, selbstverst\u00e4ndlich \u00fcber diese Missst\u00e4nde eisig schweigt und die \u00fcbliche Zensur betreibt [&#8230;]<\/p>\n<p style=\"text-align: justify;\"><a href=\"http:\/\/www.kritik-relativitaetstheorie.de\/2014\/07\/kritik-der-relativitaetstheorie-bildungsskandal-an-der-universitaet-stuttgart\/\" target=\"_blank\">Weiterlesen&#8230;<\/a><\/p>\n<p style=\"text-align: justify;\"><span style=\"color: #ffffff;\">.<\/span><\/p>\n<h5 style=\"text-align: justify;\"><em>\u00a9 <a href=\"https:\/\/www.jocelyne-lopez.de\/\" target=\"_blank\">Bild Jocelyne Lopez, 2011<\/a><\/em><\/h5>\n","protected":false},"excerpt":{"rendered":"<p>Wie wir ausf\u00fchrlich in Blog der Webseite Kritische Stimmen zur Relativit\u00e4tstheorie fortlaufend berichtet haben, hat Herr Dipl.-Ing. Reinhard Rohmer ab April 2013 eine einmalige Initiative ergriffen, um den skandal\u00f6sen und desastr\u00f6sen Zustand der kritiklosen Vermittlung der Relativit\u00e4tstheorie an der Universit\u00e4t Stuttgart zu monieren, sowie die\u00a0zust\u00e4ndigen \u00c4mter an ihre Verantwortung zur Umsetzung der\u00a0unmittelbar g\u00fcltigen Bestimmungen des [&hellip;]<\/p>\n","protected":false},"author":3,"featured_media":0,"comment_status":"closed","ping_status":"open","sticky":false,"template":"","format":"standard","meta":{"om_disable_all_campaigns":false,"_monsterinsights_skip_tracking":false,"_monsterinsights_sitenote_active":false,"_monsterinsights_sitenote_note":"","_monsterinsights_sitenote_category":0,"ngg_post_thumbnail":0,"footnotes":""},"categories":[13],"tags":[33,1335,16,270,4,339,903,927,1052],"class_list":["post-6031","post","type-post","status-publish","format-standard","hentry","category-kritik-der-relativitatstheorie","tag-ekkehard-friebe","tag-go-mueller","tag-gom-projekt","tag-jocelyne-lopez","tag-kritik","tag-reinhard-rohmer","tag-universitat-stuttgart","tag-winfried-kretschmann","tag-wolfram-ressel"],"aioseo_notices":[],"_links":{"self":[{"href":"https:\/\/www.jocelyne-lopez.de\/blog\/wp-json\/wp\/v2\/posts\/6031"}],"collection":[{"href":"https:\/\/www.jocelyne-lopez.de\/blog\/wp-json\/wp\/v2\/posts"}],"about":[{"href":"https:\/\/www.jocelyne-lopez.de\/blog\/wp-json\/wp\/v2\/types\/post"}],"author":[{"embeddable":true,"href":"https:\/\/www.jocelyne-lopez.de\/blog\/wp-json\/wp\/v2\/users\/3"}],"replies":[{"embeddable":true,"href":"https:\/\/www.jocelyne-lopez.de\/blog\/wp-json\/wp\/v2\/comments?post=6031"}],"version-history":[{"count":0,"href":"https:\/\/www.jocelyne-lopez.de\/blog\/wp-json\/wp\/v2\/posts\/6031\/revisions"}],"wp:attachment":[{"href":"https:\/\/www.jocelyne-lopez.de\/blog\/wp-json\/wp\/v2\/media?parent=6031"}],"wp:term":[{"taxonomy":"category","embeddable":true,"href":"https:\/\/www.jocelyne-lopez.de\/blog\/wp-json\/wp\/v2\/categories?post=6031"},{"taxonomy":"post_tag","embeddable":true,"href":"https:\/\/www.jocelyne-lopez.de\/blog\/wp-json\/wp\/v2\/tags?post=6031"}],"curies":[{"name":"wp","href":"https:\/\/api.w.org\/{rel}","templated":true}]}}