{"id":5982,"date":"2014-06-10T09:43:29","date_gmt":"2014-06-10T08:43:29","guid":{"rendered":"https:\/\/www.jocelyne-lopez.de\/blog\/?p=5982"},"modified":"2014-07-11T06:40:10","modified_gmt":"2014-07-11T05:40:10","slug":"herr-tierschutzminister-johannes-remmel-geben-sie-rechenschaft-ueber-die-an-der-uni-bochum-gequaelten-und-getoeteten-versuchsafffen","status":"publish","type":"post","link":"https:\/\/www.jocelyne-lopez.de\/blog\/2014\/06\/herr-tierschutzminister-johannes-remmel-geben-sie-rechenschaft-ueber-die-an-der-uni-bochum-gequaelten-und-getoeteten-versuchsafffen\/","title":{"rendered":"Herr Tierschutzminister Johannes Remmel, geben Sie Rechenschaft \u00fcber die an der Uni Bochum gequ\u00e4lten und get\u00f6teten Versuchsaffen!"},"content":{"rendered":"<p>Wir haben\u00a0heute folgenden Brief per E-Mail an Johannes Remmel gerichtet:<\/p>\n<p><img loading=\"lazy\" decoding=\"async\" class=\"alignleft\" alt=\"\" src=\"https:\/\/www.umwelt.nrw.de\/ministerium\/img\/photos\/remmel.jpg\" width=\"138\" height=\"162\" \/><a href=\"https:\/\/www.umwelt.nrw.de\/ministerium\/minister\/lebenslauf\/index.php\" target=\"_blank\">Johannes Remmel<\/a><br \/>\nMinister f\u00fcr Klimaschutz, Umwelt, Landwirtschaft,<br \/>\nNatur- und Verbraucherschutz<br \/>\nim Land Nordrhein-Westfalen,<br \/>\nAbgeordneter im Landtag NRW (DIE GR\u00dcNEN),<\/p>\n<p>&nbsp;<\/p>\n<p><span style=\"color: #ffffff;\">.<\/span><span style=\"color: #ffffff;\">.<\/span><\/p>\n<p><span style=\"color: #ffffff;\"><strong>.<\/strong><\/span><\/p>\n<p><strong>Von Gisela Urban und Jocelyne Lopez<\/strong><br \/>\n<strong>An Herrn Minister Johannes Remmel, Abgeordneter im Landtag NRW<\/strong><br \/>\n<strong>Datum: 10.06.2014<\/strong><br \/>\n<strong>Betr.: Rechenschaft \u00fcber die an der Uni Bochum gequ\u00e4lten und get\u00f6teten Makaken<\/strong><\/p>\n<p>Sehr geehrter Herr Minister Remmel,<\/p>\n<p style=\"text-align: justify;\">in der Angelegenheit der Genehmigung der Primatenversuche an der Ruhr-Universit\u00e4t Bochum\u00a0durch Ihre Beh\u00f6rde LANUV NRW nehmen Sie bitte Kenntnis von unserer Ansprache vom 15.03.2014:<\/p>\n<p style=\"text-align: justify; padding-left: 30px;\"><a href=\"https:\/\/www.jocelyne-lopez.de\/blog\/2014\/03\/herr-minister-johannes-remmel-sind-sie-stolz-auf-ihre-behoerde-lanuv-nrw\/\" target=\"_blank\" rel=\"bookmark\">Herr Minister Johannes Remmel, sind Sie stolz auf Ihre Beh\u00f6rde LANUV NRW? <\/a><\/p>\n<p style=\"text-align: justify;\">sowie von unserer Gegendarstellung vom 02.06.2014 an die Pr\u00e4sidentin des Landtags NRW \u00fcber Ihre letzte Stellungnahme zu unseren Vorw\u00fcrfen des Versto\u00dfes gegen das Tierschutzgesetz \u00a7\u00a7 7 und 8 anl\u00e4\u00dflich der Ablehnung unserer Petition Nr. I.3\/16-P-2013-04842-00 vom 16.08.2013<strong>:\u00a0<\/strong><\/p>\n<p style=\"text-align: left; padding-left: 30px;\"><a href=\"https:\/\/www.jocelyne-lopez.de\/blog\/2014\/06\/beschwerde-an-den-landtag-nrw-wegen-ablehnung-der-petition-gegen-die-primatenversuche-von-lanuv-nrw-in-bochum\/\" target=\"_blank\" rel=\"bookmark\">Beschwerde an den Landtag NRW wegen Ablehnung der Petition gegen\u00a0 die Primatenversuche von LANUV NRW in Bochum <\/a><\/p>\n<p style=\"text-align: justify;\">sowie von unserer Antwort zur Stellungnahme vom 31.05.2014 Ihres gr\u00fcnen Fraktionskollegen Reiner Priggen beim Landtag NRW in dieser Angelegenheit:<\/p>\n<p style=\"text-align: left; padding-left: 30px;\"><a href=\"https:\/\/www.jocelyne-lopez.de\/blog\/2014\/06\/primatenversuche-des-tierchutzministers-johannes-remmel-die-partei-die-gruene-lehnt-die-verantwortung-ab\/\" target=\"_blank\" rel=\"bookmark\">Primatenversuche des Tierchutzministers Johannes Remmel: Die Partei DIE GR\u00dcNEN lehnt die Verantwortung ab <\/a><\/p>\n<p style=\"text-align: justify;\">sowie von den vielen bis zur Stunde\u00a0 noch ungekl\u00e4rten Fragen \u00fcber das Schicksal der Versuchsmakaken der Uni Bochum:<\/p>\n<p style=\"text-align: left; padding-left: 30px;\"><a href=\"https:\/\/www.jocelyne-lopez.de\/blog\/2014\/06\/makaken-der-tierschutzminister-johannes-remmel-alle-getoetet-und-als-muell-weggeworfen\/\" target=\"_blank\" rel=\"bookmark\">Makaken des Tierschutzministers Johannes Remmel: Alle get\u00f6tet und als M\u00fcll weggeworfen? <\/a><\/p>\n<p style=\"text-align: justify;\"><span style=\"color: #ffffff;\">.<\/span><\/p>\n<p style=\"text-align: justify;\">Alle Bochumer Makaken wurden im Auftrag der B\u00fcrger gequ\u00e4lt und get\u00f6tet, da die Finanzierung dieser wissenschaftlichen Forschung ausschlie\u00dflich mit Steuergeldern geschah &#8211; wohlbemerkt mit dem Wissen der zust\u00e4ndigen und verantwortlichen politischen und gesellschaftlichen Entscheidungstr\u00e4ger, dass die \u00fcberwiegende Mehrheit der Bev\u00f6lkerung Deutschlands und Europa solche Versuche ablehnt.<\/p>\n<p style=\"text-align: justify;\">Alle Bochumer Makaken wurden in unserem ungewollten Auftrag \u00fcber 22 Jahre gequ\u00e4lt und get\u00f6tet, und sie waren in Ihrer Obhut, sehr geehrter Herr Tierschutzminister Remmel. Wir verlangen daher von Ihnen die Beantwortung aller Fragen, die nach Tierschutzgesetz genehmigungsrelevant waren und von Ihrer Beh\u00f6rde LANUV NRW nicht beantwortet werden konnten. Wir verlangen es von Ihnen, sehr geehrter Herr Tierschutzminister Remmel, und zwar geb\u00fchrenfrei.<\/p>\n<p style=\"text-align: justify;\">Wie viele Tiere wurden zwischen 1990 und 2012 in der instituteigenen Zucht der Uni Bochum gez\u00fcchtet? Wie viele Tiere wurden f\u00fcr die Versuche\u00a0 verwendet? Wie lange f\u00fcr jedes einzelnes Tier? Wie ist die Beschreibung der Versuche? Welcher\u00a0angestrebter Nutzen f\u00fcr Tier oder Mensch wurde bei diesem Forschungsvorhaben angegeben? Welcher Nutzen f\u00fcr Tier oder Mensch haben diese Versuche gebracht? Welche relevante neue wissenschaftliche Erkenntnisse\u00a0haben die Autopsie-Berichte der f\u00fcr die Versuche\u00a0verwendeten Tiere gebracht? Wie viele Tiere der Zucht wurden nicht f\u00fcr die Versuche verwendet? Warum wurden sie auch get\u00f6tet? Welche relevante neue wissenschaftliche Erkenntnisse\u00a0haben die Autopsie-Berichte der f\u00fcr die Versuche\u00a0nicht verwendeten Tiere gebracht?<\/p>\n<p style=\"text-align: justify;\">Dar\u00fcber hinaus wollen wir auch wissen, warum Ihre Beh\u00f6rde LANUV NRW diese per Tierschutzgesetz genehmigungsrelevanten Fragen nicht beantworten konnte und fragende B\u00fcrger\u00a0 hierzu an die Uni Bochum verwiesen hat. \u00a0Ist Ihre Beh\u00f6rde LANUV NRW etwa der Meinung, dass die Uni Bochum zust\u00e4ndig und verantwortlich daf\u00fcr sei, ihre eigenen Forschungsantr\u00e4ge\u00a0selbst zu genehmigen? Ist etwa das Forschungs-personal der Uni Bochum bei Ihrer Beh\u00f6rde LANUV NRW rein und raus gegangen wie zu Hause? Hat etwa Ihre Beh\u00f6rde LANUV NRW die von den Forschern vorgelegten Forschungsantr\u00e4ge nach Kaffeekr\u00e4nzchen mit der Tierschutzkommission blind abgestempelt? Das sieht leider so aus, sehr geehrter Herr Tierschutzminister Remmel.<\/p>\n<p style=\"text-align: justify;\">Alle Bochumer Makaken wurden \u00fcber 22 Jahre im ungewollten Auftrag der Mehrheit der B\u00fcrger gequ\u00e4lt und get\u00f6tet, und sie waren in Ihrer Obhut. Die B\u00fcrger haben dementsprechend per Grundgesetz,\u00a0 per Tierschutzgesetz und per Informations-freiheitsgesetz das legitimierte Recht, von Ihnen restlose Transparenz und vollst\u00e4ndige Rechenschaft \u00fcber diese Versuche zu verlangen. Dieses Recht wollen und d\u00fcrfen wir uns nicht absprechen lassen, nicht als m\u00fcndige B\u00fcrger in einem Rechtsstaat und nicht\u00a0als Menschen, die ihrer Verantwortung\u00a0gem\u00e4\u00df \u00a7 1 Tierschutzgesetz als Staatsziel mit Verfassungsrang zum Schutz des Tiers als Mitgesch\u00f6pf bewu\u00dft sind und konkret nachgehen wollen.<\/p>\n<p style=\"text-align: justify;\">Mit tiersch\u00fctzerischen Gr\u00fc\u00dfen<br \/>\nGisela Urban und Jocelyne Lopez<\/p>\n<p style=\"text-align: justify;\"><span style=\"color: #ffffff;\">.<\/span><\/p>\n<p style=\"text-align: justify;\"><span style=\"color: #ffffff;\">.<\/span><\/p>\n<p style=\"text-align: center;\"><a href=\"https:\/\/www.jocelyne-lopez.de\/blog\/wp-content\/uploads\/2014\/06\/Bild-Makaken-Remmel-1000.jpg\"><img loading=\"lazy\" decoding=\"async\" class=\"aligncenter\" alt=\"Bild-Makaken-Remmel-1000\" src=\"https:\/\/www.jocelyne-lopez.de\/blog\/wp-content\/uploads\/2014\/06\/Bild-Makaken-Remmel-1000-300x199.jpg\" width=\"392\" height=\"253\" \/><\/a><\/p>\n<p style=\"text-align: justify;\"><span style=\"color: #ffffff;\">.<\/span><\/p>\n<p style=\"text-align: justify;\">&#8212;&#8212;&#8212;&#8212;&#8212;&#8212;&#8212;&#8212;&#8212;&#8212;&#8212;&#8212;&#8212;&#8212;&#8212;&#8211;<br \/>\nSiehe auch in diesem Blog:<\/p>\n<p><a href=\"https:\/\/www.jocelyne-lopez.de\/blog\/2014\/03\/herr-minister-johannes-remmel-sind-sie-stolz-auf-ihre-behoerde-lanuv-nrw\/\" target=\"_blank\" rel=\"bookmark\">Herr Minister Johannes Remmel, sind Sie stolz auf Ihre Beh\u00f6rde LANUV NRW? <\/a><\/p>\n<p><a href=\"https:\/\/www.jocelyne-lopez.de\/blog\/2014\/05\/umweltminister-johannes-remmel-opfert-50-makaken-fuer-2-fussballtore\/\" target=\"_blank\" rel=\"bookmark\">Umweltminister Johannes Remmel opfert 50 Makaken f\u00fcr 2 Fu\u00dfballtore<\/a><\/p>\n<p><a href=\"https:\/\/www.jocelyne-lopez.de\/blog\/2014\/05\/herr-minister-johannes-remmel-wie-viele-millionen-steuergeld-haben-uns-die-2-von-jens-lehmann-gehaltenen-tore-bei-der-fussball-wm-2006-gekostet\/\" target=\"_blank\" rel=\"bookmark\">Herr Minister Johannes Remmel, wie viele Millionen Steuergeld haben uns die 2 von Jens Lehmann gehaltenen Tore bei der Fu\u00dfball-WM 2006 gekostet? <\/a><\/p>\n<p><a href=\"https:\/\/www.jocelyne-lopez.de\/blog\/2014\/05\/umweltminister-joahnnes-remmel-hat-seine-gedaechtnisluecken-bei-den-primatenversuchen-in-bochum-ueberwunden-hurra\/\" target=\"_blank\" rel=\"bookmark\">Umweltminister Johannes Remmel hat seine Ged\u00e4chtnisl\u00fccken \u00fcber die Primatenversuche in Bochum \u00fcberwunden, hurra. <\/a><\/p>\n<p><a href=\"https:\/\/www.jocelyne-lopez.de\/blog\/2014\/05\/herr-tierschutzminister-johannes-remmel-nehmen-sie-ihren-hut\/\" target=\"_blank\" rel=\"bookmark\">Herr Tierschutzminister Johannes Remmel, nehmen Sie Ihren Hut! <\/a><\/p>\n<p><a href=\"https:\/\/www.jocelyne-lopez.de\/blog\/2014\/06\/makaken-der-tierschutzminister-johannes-remmel-alle-getoetet-und-als-muell-weggeworfen\/\" target=\"_blank\">Makaken des Tierschutzministers Johannes Remmel: Alle get\u00f6tet und als M\u00fcll weggeworfen?<\/a><\/p>\n<p><a href=\"https:\/\/www.jocelyne-lopez.de\/blog\/2014\/01\/ablehnung-der-petition-beim-landtag-nrw-wegen-verstoessen-gegen-das-tierschutzgesetz-durch-lanuv-nrw-kann-die-gruene-fraktion-helfen\/\" target=\"_blank\" rel=\"bookmark\">Ablehnung der Petition beim Landtag NRW wegen Verst\u00f6\u00dfen gegen das<br \/>\nTierschutzgesetz durch LANUV NRW: Kann die GR\u00dcNE-Fraktion helfen? <\/a><\/p>\n<p><a href=\"https:\/\/www.jocelyne-lopez.de\/blog\/2014\/01\/verrat-der-gruenen-beim-tierschutz-und-buergerrechten-im-landtag-nrw\/\" target=\"_blank\" rel=\"bookmark\">Verrat der GR\u00dcNEN beim Tierschutz und B\u00fcrgerrechten im Landtag NRW!<\/a><\/p>\n<p><a href=\"https:\/\/www.jocelyne-lopez.de\/blog\/2014\/02\/petition-zur-entziehung-der-zustaendigkeit-des-richters-dieter-kley-am-bundesverwaltungsgericht\/\" target=\"_blank\" rel=\"bookmark\">Petition zur Entziehung der Zust\u00e4ndigkeit des Richters Dieter Kley am Bundesverwaltungsgericht <\/a><\/p>\n<p><a href=\"https:\/\/www.jocelyne-lopez.de\/blog\/2014\/06\/beschwerde-an-den-landtag-nrw-wegen-ablehnung-der-petition-gegen-die-primatenversuche-von-lanuv-nrw-in-bochum\/\" target=\"_blank\" rel=\"bookmark\">Beschwerde an den Landtag NRW wegen Ablehnung der Petition gegen die Primatenversuche von LANUV NRW in Bochum <\/a><\/p>\n<p><a href=\"https:\/\/www.jocelyne-lopez.de\/blog\/2014\/06\/primatenversuche-des-tierchutzministers-johannes-remmel-die-partei-die-gruene-lehnt-die-verantwortung-ab\/\" target=\"_blank\" rel=\"bookmark\">Primatenversuche des Tierchutzministers Johannes Remmel: Die Partei<br \/>\nDIE GR\u00dcNEN lehnt die Verantwortung ab <\/a><\/p>\n<p>sowie auch:<\/p>\n<p><a href=\"https:\/\/www.jocelyne-lopez.de\/blog\/2014\/05\/tierversuche-und-die-gigantische-abzocke-der-pharma-lobby\/\" target=\"_blank\">Tierversuche und die gigantische Abzocke der Pharma-Lobby<\/a><\/p>\n<p><a href=\"https:\/\/www.jocelyne-lopez.de\/blog\/2014\/06\/tierversuche-als-scharlatanerie-und-abzockesytem\/\" target=\"_blank\" rel=\"bookmark\">Tierversuche als Scharlatanerie und Abzockesytem <\/a><\/p>\n<p><a href=\"https:\/\/www.jocelyne-lopez.de\/blog\/2014\/06\/petition-an-minister-johannes-remmel-graeuel-affenlabor-covance-schliessen\/\" target=\"_blank\" rel=\"bookmark\">Petition an Minister Johannes Remmel: Gr\u00e4uel-Affenlabor COVANCE schlie\u00dfen! <\/a><\/p>\n<p><span style=\"color: #ffffff;\">.<\/span><\/p>\n","protected":false},"excerpt":{"rendered":"<p>Wir haben\u00a0heute folgenden Brief per E-Mail an Johannes Remmel gerichtet: Johannes Remmel Minister f\u00fcr Klimaschutz, Umwelt, Landwirtschaft, Natur- und Verbraucherschutz im Land Nordrhein-Westfalen, Abgeordneter im Landtag NRW (DIE GR\u00dcNEN), &nbsp; .. . Von Gisela Urban und Jocelyne Lopez An Herrn Minister Johannes Remmel, Abgeordneter im Landtag NRW Datum: 10.06.2014 Betr.: Rechenschaft \u00fcber die an der [&hellip;]<\/p>\n","protected":false},"author":3,"featured_media":0,"comment_status":"closed","ping_status":"open","sticky":false,"template":"","format":"standard","meta":{"om_disable_all_campaigns":false,"_monsterinsights_skip_tracking":false,"_monsterinsights_sitenote_active":false,"_monsterinsights_sitenote_note":"","_monsterinsights_sitenote_category":0,"ngg_post_thumbnail":0,"footnotes":""},"categories":[9],"tags":[830,473,844,924,869,831,890,1009,894,8,7,1334,185],"class_list":["post-5982","post","type-post","status-publish","format-standard","hentry","category-tierversuche-abschaffen","tag-affenversuche","tag-andreas-kreiter","tag-hirnforschung","tag-johannes-remmel","tag-lanuv-nrw","tag-primatenversuche","tag-prof-dr-klaus-peter-hoffmann","tag-reiner-priggen","tag-ruhruniversitat-bochum","tag-tierrechte","tag-tierschutz","tag-tierversuche-abschaffen","tag-wolf-singer"],"aioseo_notices":[],"_links":{"self":[{"href":"https:\/\/www.jocelyne-lopez.de\/blog\/wp-json\/wp\/v2\/posts\/5982"}],"collection":[{"href":"https:\/\/www.jocelyne-lopez.de\/blog\/wp-json\/wp\/v2\/posts"}],"about":[{"href":"https:\/\/www.jocelyne-lopez.de\/blog\/wp-json\/wp\/v2\/types\/post"}],"author":[{"embeddable":true,"href":"https:\/\/www.jocelyne-lopez.de\/blog\/wp-json\/wp\/v2\/users\/3"}],"replies":[{"embeddable":true,"href":"https:\/\/www.jocelyne-lopez.de\/blog\/wp-json\/wp\/v2\/comments?post=5982"}],"version-history":[{"count":0,"href":"https:\/\/www.jocelyne-lopez.de\/blog\/wp-json\/wp\/v2\/posts\/5982\/revisions"}],"wp:attachment":[{"href":"https:\/\/www.jocelyne-lopez.de\/blog\/wp-json\/wp\/v2\/media?parent=5982"}],"wp:term":[{"taxonomy":"category","embeddable":true,"href":"https:\/\/www.jocelyne-lopez.de\/blog\/wp-json\/wp\/v2\/categories?post=5982"},{"taxonomy":"post_tag","embeddable":true,"href":"https:\/\/www.jocelyne-lopez.de\/blog\/wp-json\/wp\/v2\/tags?post=5982"}],"curies":[{"name":"wp","href":"https:\/\/api.w.org\/{rel}","templated":true}]}}