{"id":5939,"date":"2014-06-03T06:21:32","date_gmt":"2014-06-03T05:21:32","guid":{"rendered":"https:\/\/www.jocelyne-lopez.de\/blog\/?p=5939"},"modified":"2014-07-01T15:27:03","modified_gmt":"2014-07-01T14:27:03","slug":"beschwerde-an-den-landtag-nrw-wegen-ablehnung-der-petition-gegen-die-primatenversuche-von-lanuv-nrw-in-bochum","status":"publish","type":"post","link":"https:\/\/www.jocelyne-lopez.de\/blog\/2014\/06\/beschwerde-an-den-landtag-nrw-wegen-ablehnung-der-petition-gegen-die-primatenversuche-von-lanuv-nrw-in-bochum\/","title":{"rendered":"Beschwerde an den Landtag NRW wegen Ablehnung der Petition gegen die Primatenversuche von LANUV NRW in Bochum"},"content":{"rendered":"<p style=\"text-align: justify;\"><img loading=\"lazy\" decoding=\"async\" class=\"alignleft\" alt=\"\" src=\"http:\/\/www.landtag.nrw.de\/portal\/Grafiken\/Fotos\/Abgeordnete\/klein_16WP\/goedecke.jpg\" width=\"115\" height=\"160\" \/>Ich verweise auf unsere <a href=\"https:\/\/www.jocelyne-lopez.de\/pdfDateien\/PetitionBochum_16_08_13.pdf\" target=\"_blank\">Petition Nr. I.3\/16-P-2013-04842-00 vom 16.08.2013<\/a><strong>\u00a0 <\/strong>beim Landtag NRW wegen Primaten-versuchen an der Uni Bochum, die nach einer ersten Ablehnung im Januar 2014\u00a0 vom Petitionsausschu\u00df des Landtags aufgrund unserer Beschwerde erneut gepr\u00fcft wurde.<\/p>\n<p style=\"text-align: justify;\">Am 22.05.2014 erhielten wir eine erneute Ablehnung unserer Petition von der Pr\u00e4sidentin des Landtags Nordrhein-Westfalen, <a href=\"http:\/\/www.landtag.nrw.de\/portal\/WWW\/Webmaster\/GB_I\/I.1\/Abgeordnete\/abgeordnetendetail.jsp?k=01275\" target=\"_blank\">Frau Carina G\u00f6decke<\/a>:<\/p>\n<p style=\"text-align: justify;\"><span style=\"color: #ffffff;\">..<\/span><\/p>\n<p style=\"text-align: justify; padding-left: 30px;\"><a href=\"https:\/\/www.jocelyne-lopez.de\/pdfDateien\/Beschluss-Petition-NRW-Bochum-Lopez.pdf\" target=\"_blank\">Beschluss des Landtags NRW vom 22.05.2014 \u00fcber die eingereichte Petition<\/a><\/p>\n<p style=\"text-align: justify;\"><span style=\"color: #ffffff;\">.<\/span><\/p>\n<p style=\"text-align: justify;\">Am 02.06.2014 haben wir eine Beschwerde gegen diesen Beschluss eingereicht, da der Landtag NRW aus unserer Sicht seine Befugnisse hier \u00fcberschrittet hat, was die B\u00fcrger nicht hinzunehmen haben. Wir bestehen auf die Beachtung der Rechte der Tiere und der B\u00fcrger und fordern weiterhin die Erhebung der \u00f6ffentlichen Klage im Interesse der Allgemeinheit durch die Staatsanwaltschaft gegen die Beh\u00f6rde LANUV NRW wegen Verst\u00f6\u00dfen gegen Tierschutzgesetz \u00a7\u00a7 7 und 8 bei der Genehmigung der Primaten-versuche an der Ruhr-Universit\u00e4t Bochum:<\/p>\n<p style=\"text-align: left; padding-left: 30px;\"><a href=\"https:\/\/www.jocelyne-lopez.de\/pdfDateien\/Beschwerde_wegen_Ablehnung_der_Petition_LANUV_02-06-14-ohneA.pdf\" target=\"_blank\">Beschwerde vom 02.06.14 \u00fcber den Beschluss des Landtags NRW wegen Primatenversuchen an der Universit\u00e4t Bochum<\/a><\/p>\n<p style=\"text-align: justify; padding-left: 30px;\"><span style=\"color: #ffffff;\">..<\/span><\/p>\n<p style=\"text-align: justify;\"><span style=\"color: #ffffff;\">.<\/span><\/p>\n<p style=\"text-align: justify;\">&#8212;&#8212;&#8212;&#8212;&#8212;&#8212;&#8212;&#8212;&#8212;&#8212;&#8212;&#8212;&#8212;&#8212;&#8212;&#8212;&#8212;&#8212;&#8212;<\/p>\n<p style=\"text-align: justify;\">Siehe auch in diesem Gesamtkontext:<\/p>\n<p style=\"text-align: justify;\"><a href=\"https:\/\/www.jocelyne-lopez.de\/blog\/2014\/03\/herr-minister-johannes-remmel-sind-sie-stolz-auf-ihre-behoerde-lanuv-nrw\/\" target=\"_blank\" rel=\"bookmark\">Herr Minister Johannes Remmel, sind Sie stolz auf Ihre Beh\u00f6rde LANUV NRW? <\/a><\/p>\n<p style=\"text-align: justify;\"><a href=\"https:\/\/www.jocelyne-lopez.de\/blog\/2014\/05\/umweltminister-johannes-remmel-opfert-50-makaken-fuer-2-fussballtore\/\" target=\"_blank\" rel=\"bookmark\">Umweltminister Johannes Remmel opfert 50 Makaken f\u00fcr 2 Fu\u00dfballtore <\/a><\/p>\n<p style=\"text-align: left;\"><a href=\"https:\/\/www.jocelyne-lopez.de\/blog\/2014\/05\/umweltminister-joahnnes-remmel-hat-seine-gedaechtnisluecken-bei-den-primatenversuchen-in-bochum-ueberwunden-hurra\/\" target=\"_blank\" rel=\"bookmark\">Umweltminister Johannes Remmel hat seine Ged\u00e4chtnisl\u00fccken \u00fcber die Primatenversuche in Bochum \u00fcberwunden, hurra. <\/a><\/p>\n<p style=\"text-align: justify;\"><a href=\"https:\/\/www.jocelyne-lopez.de\/blog\/2014\/05\/herr-tierschutzminister-johannes-remmel-nehmen-sie-ihren-hut\/\" target=\"_blank\" rel=\"bookmark\">Herr Tierschutzminister Johannes Remmel, nehmen Sie Ihren Hut! <\/a><\/p>\n<p style=\"text-align: justify;\"><a href=\"https:\/\/www.jocelyne-lopez.de\/blog\/2014\/05\/herr-minister-johannes-remmel-wie-viele-millionen-steuergeld-haben-uns-die-2-von-jens-lehmann-gehaltenen-tore-bei-der-fussball-wm-2006-gekostet\/\" target=\"_blank\" rel=\"bookmark\">Herr Minister Johannes Remmel, wie viele Millionen Steuergeld haben<br \/>\nuns die 2 von Jens Lehmann gehaltenen Tore bei der Fu\u00dfball-WM 2006 gekostet?<br \/>\n<\/a><\/p>\n","protected":false},"excerpt":{"rendered":"<p>Ich verweise auf unsere Petition Nr. I.3\/16-P-2013-04842-00 vom 16.08.2013\u00a0 beim Landtag NRW wegen Primaten-versuchen an der Uni Bochum, die nach einer ersten Ablehnung im Januar 2014\u00a0 vom Petitionsausschu\u00df des Landtags aufgrund unserer Beschwerde erneut gepr\u00fcft wurde. Am 22.05.2014 erhielten wir eine erneute Ablehnung unserer Petition von der Pr\u00e4sidentin des Landtags Nordrhein-Westfalen, Frau Carina G\u00f6decke: .. [&hellip;]<\/p>\n","protected":false},"author":3,"featured_media":0,"comment_status":"closed","ping_status":"open","sticky":false,"template":"","format":"standard","meta":{"om_disable_all_campaigns":false,"_monsterinsights_skip_tracking":false,"_monsterinsights_sitenote_active":false,"_monsterinsights_sitenote_note":"","_monsterinsights_sitenote_category":0,"ngg_post_thumbnail":0,"footnotes":""},"categories":[9],"tags":[830,1137,270,924,869,831,890,885,1011,8,7,1334,888],"class_list":["post-5939","post","type-post","status-publish","format-standard","hentry","category-tierversuche-abschaffen","tag-affenversuche","tag-carina-goedecke","tag-jocelyne-lopez","tag-johannes-remmel","tag-lanuv-nrw","tag-primatenversuche","tag-prof-dr-klaus-peter-hoffmann","tag-rub","tag-ruhr-universitaet-bochum","tag-tierrechte","tag-tierschutz","tag-tierversuche-abschaffen","tag-umweltministerium-nrw"],"aioseo_notices":[],"_links":{"self":[{"href":"https:\/\/www.jocelyne-lopez.de\/blog\/wp-json\/wp\/v2\/posts\/5939"}],"collection":[{"href":"https:\/\/www.jocelyne-lopez.de\/blog\/wp-json\/wp\/v2\/posts"}],"about":[{"href":"https:\/\/www.jocelyne-lopez.de\/blog\/wp-json\/wp\/v2\/types\/post"}],"author":[{"embeddable":true,"href":"https:\/\/www.jocelyne-lopez.de\/blog\/wp-json\/wp\/v2\/users\/3"}],"replies":[{"embeddable":true,"href":"https:\/\/www.jocelyne-lopez.de\/blog\/wp-json\/wp\/v2\/comments?post=5939"}],"version-history":[{"count":0,"href":"https:\/\/www.jocelyne-lopez.de\/blog\/wp-json\/wp\/v2\/posts\/5939\/revisions"}],"wp:attachment":[{"href":"https:\/\/www.jocelyne-lopez.de\/blog\/wp-json\/wp\/v2\/media?parent=5939"}],"wp:term":[{"taxonomy":"category","embeddable":true,"href":"https:\/\/www.jocelyne-lopez.de\/blog\/wp-json\/wp\/v2\/categories?post=5939"},{"taxonomy":"post_tag","embeddable":true,"href":"https:\/\/www.jocelyne-lopez.de\/blog\/wp-json\/wp\/v2\/tags?post=5939"}],"curies":[{"name":"wp","href":"https:\/\/api.w.org\/{rel}","templated":true}]}}