{"id":5905,"date":"2014-05-11T17:25:07","date_gmt":"2014-05-11T16:25:07","guid":{"rendered":"https:\/\/www.jocelyne-lopez.de\/blog\/?p=5905"},"modified":"2014-05-12T06:51:06","modified_gmt":"2014-05-12T05:51:06","slug":"proteste-gegen-tierversuche-aus-portugal","status":"publish","type":"post","link":"https:\/\/www.jocelyne-lopez.de\/blog\/2014\/05\/proteste-gegen-tierversuche-aus-portugal\/","title":{"rendered":"Proteste gegen Tierversuche aus Portugal"},"content":{"rendered":"<p>Proteste gegen Tierversuche aus Portugal:<\/p>\n<p>&nbsp;<\/p>\n<div>\n<div id=\"fbPhotoSnowliftAuthorName\" style=\"text-align: center;\"><a id=\"js_11\" href=\"https:\/\/www.facebook.com\/antiviviexpanimal?fref=photo\" target=\"_blank\" data-hovercard=\"\/ajax\/hovercard\/page.php?id=161199910601454\">Anti Vivissec\u00e7\u00e3o e Experimenta\u00e7\u00e3o Animal<\/a><\/div>\n<\/div>\n<p style=\"text-align: center;\"><span style=\"color: #ffffff;\">.<img loading=\"lazy\" decoding=\"async\" class=\"aligncenter\" alt=\"\" src=\"https:\/\/scontent-a-fra.xx.fbcdn.net\/hphotos-prn2\/t1.0-9\/10251968_656158034438970_5550178514176787147_n.jpg\" width=\"461\" height=\"259\" \/><\/span><br \/>\n.<\/p>\n<p style=\"text-align: center;\"><img loading=\"lazy\" decoding=\"async\" class=\"aligncenter\" alt=\"\" src=\"https:\/\/scontent-a-ams.xx.fbcdn.net\/hphotos-frc1\/t1.0-9\/1654445_10200645975790705_1722052425_n.jpg\" width=\"482\" height=\"576\" \/><\/p>\n<p style=\"text-align: center;\">.<img loading=\"lazy\" decoding=\"async\" class=\"aligncenter\" alt=\"\" src=\"https:\/\/scontent-a-ams.xx.fbcdn.net\/hphotos-ash3\/t1.0-9\/487934_264145123710102_1895460724_n.jpg\" width=\"490\" height=\"298\" \/><\/p>\n<p style=\"text-align: center;\">\u00a0<img loading=\"lazy\" decoding=\"async\" class=\"aligncenter\" alt=\"\" src=\"https:\/\/fbcdn-sphotos-a-a.akamaihd.net\/hphotos-ak-prn2\/t1.0-9\/1384028_264144657043482_1143442598_n.jpg\" width=\"484\" height=\"273\" \/><\/p>\n<p><span style=\"color: #ffffff;\">.<img loading=\"lazy\" decoding=\"async\" alt=\"\" src=\"https:\/\/fbcdn-sphotos-b-a.akamaihd.net\/hphotos-ak-ash3\/t1.0-9\/1012690_620425511357356_901142706_n.jpg\" width=\"510\" height=\"423\" \/><\/span><\/p>\n<p><img loading=\"lazy\" decoding=\"async\" class=\"aligncenter\" alt=\"\" src=\"https:\/\/scontent-a-ams.xx.fbcdn.net\/hphotos-ash3\/t1.0-9\/1380035_264144647043483_509285433_n.jpg\" width=\"507\" height=\"405\" \/><\/p>\n<p style=\"text-align: center;\"><img loading=\"lazy\" decoding=\"async\" class=\"aligncenter\" alt=\"\" src=\"https:\/\/fbcdn-sphotos-d-a.akamaihd.net\/hphotos-ak-ash4\/t1.0-9\/1378532_264145050376776_1998913282_n.jpg\" width=\"502\" height=\"384\" \/><\/p>\n<p>&#8212;&#8212;&#8212;&#8212;&#8212;&#8212;&#8212;&#8212;&#8212;&#8212;&#8212;&#8212;&#8212;&#8212;&#8212;&#8212;&#8212;&#8212;<br \/>\nSiehe auch in diesem Blog:<\/p>\n<p><a href=\"https:\/\/www.jocelyne-lopez.de\/blog\/2014\/05\/andreas-kreiter-sehen-sie-sich-diese-leute-an\/\" target=\"_blank\">Andreas Kreiter, sehen Sie sich \u201cdiese Leute\u201d an.<\/a><\/p>\n<p><a href=\"https:\/\/www.jocelyne-lopez.de\/blog\/2014\/05\/ich-erwarte-eine-entschuldigung-von-andreas-kreiter-wegen-seiner-bezeichnung-diese-leute-gegenueber-radio-bremen\/\" target=\"_blank\">Ich erwarte eine Entschuldigung von Andreas Kreiter wegen seiner<br \/>\nBezeichnung \u201cdiese Leute\u201d gegen\u00fcber Radio Bremen<\/a><\/p>\n<p><span style=\"color: #ffffff;\">.<\/span><\/p>\n","protected":false},"excerpt":{"rendered":"<p>Proteste gegen Tierversuche aus Portugal: &nbsp; Anti Vivissec\u00e7\u00e3o e Experimenta\u00e7\u00e3o Animal . . . \u00a0 . &#8212;&#8212;&#8212;&#8212;&#8212;&#8212;&#8212;&#8212;&#8212;&#8212;&#8212;&#8212;&#8212;&#8212;&#8212;&#8212;&#8212;&#8212; Siehe auch in diesem Blog: Andreas Kreiter, sehen Sie sich \u201cdiese Leute\u201d an. Ich erwarte eine Entschuldigung von Andreas Kreiter wegen seiner Bezeichnung \u201cdiese Leute\u201d gegen\u00fcber Radio Bremen .<\/p>\n","protected":false},"author":3,"featured_media":0,"comment_status":"closed","ping_status":"open","sticky":false,"template":"","format":"standard","meta":{"om_disable_all_campaigns":false,"_monsterinsights_skip_tracking":false,"_monsterinsights_sitenote_active":false,"_monsterinsights_sitenote_note":"","_monsterinsights_sitenote_category":0,"ngg_post_thumbnail":0,"footnotes":""},"categories":[9],"tags":[830,473,1084,844,270,831,8,7,1334,185],"class_list":["post-5905","post","type-post","status-publish","format-standard","hentry","category-tierversuche-abschaffen","tag-affenversuche","tag-andreas-kreiter","tag-bernd-scholz-reiter","tag-hirnforschung","tag-jocelyne-lopez","tag-primatenversuche","tag-tierrechte","tag-tierschutz","tag-tierversuche-abschaffen","tag-wolf-singer"],"aioseo_notices":[],"_links":{"self":[{"href":"https:\/\/www.jocelyne-lopez.de\/blog\/wp-json\/wp\/v2\/posts\/5905"}],"collection":[{"href":"https:\/\/www.jocelyne-lopez.de\/blog\/wp-json\/wp\/v2\/posts"}],"about":[{"href":"https:\/\/www.jocelyne-lopez.de\/blog\/wp-json\/wp\/v2\/types\/post"}],"author":[{"embeddable":true,"href":"https:\/\/www.jocelyne-lopez.de\/blog\/wp-json\/wp\/v2\/users\/3"}],"replies":[{"embeddable":true,"href":"https:\/\/www.jocelyne-lopez.de\/blog\/wp-json\/wp\/v2\/comments?post=5905"}],"version-history":[{"count":0,"href":"https:\/\/www.jocelyne-lopez.de\/blog\/wp-json\/wp\/v2\/posts\/5905\/revisions"}],"wp:attachment":[{"href":"https:\/\/www.jocelyne-lopez.de\/blog\/wp-json\/wp\/v2\/media?parent=5905"}],"wp:term":[{"taxonomy":"category","embeddable":true,"href":"https:\/\/www.jocelyne-lopez.de\/blog\/wp-json\/wp\/v2\/categories?post=5905"},{"taxonomy":"post_tag","embeddable":true,"href":"https:\/\/www.jocelyne-lopez.de\/blog\/wp-json\/wp\/v2\/tags?post=5905"}],"curies":[{"name":"wp","href":"https:\/\/api.w.org\/{rel}","templated":true}]}}