{"id":5867,"date":"2014-05-03T08:57:08","date_gmt":"2014-05-03T07:57:08","guid":{"rendered":"https:\/\/www.jocelyne-lopez.de\/blog\/?p=5867"},"modified":"2014-07-14T05:42:36","modified_gmt":"2014-07-14T04:42:36","slug":"herr-dr-thomas-vom-bruch-ich-erwarte-eine-entschuldigung-wegen-ihren-aeusserungen-ueber-die-anzeige-kreiter-macht-eiskalt-weiter","status":"publish","type":"post","link":"https:\/\/www.jocelyne-lopez.de\/blog\/2014\/05\/herr-dr-thomas-vom-bruch-ich-erwarte-eine-entschuldigung-wegen-ihren-aeusserungen-ueber-die-anzeige-kreiter-macht-eiskalt-weiter\/","title":{"rendered":"Herr Dr. Thomas vom Bruch, ich erwarte eine Entschuldigung wegen Ihren \u00c4u\u00dferungen \u00fcber die Anzeige &#8222;Kreiter macht eiskalt weiter&#8220;"},"content":{"rendered":"<p>Ich habe heute folgende E-Mail an Herrn Dr. Thomas vom Bruch, stellvertretender Fraktionsvorsitzende der CDU-Fraktion im Bremer Senat, geschickt:<\/p>\n<p><strong>von Jocelyne Lopez<\/strong><br \/>\n<strong>an Dr. Thomas vom Bruch<\/strong><br \/>\n<strong>Betr.: Anzeite &#8222;Kreiter macht eiskalt weiter&#8220;<\/strong><br \/>\n<strong>Datum: 03.05.2014<\/strong><\/p>\n<p>Sehr geehrter Herr Dr. vom Bruch,<\/p>\n<p>ich beziehe mich auf Ihre \u00c4u\u00dferungen in der Presse anl\u00e4\u00dflich der Ver\u00f6ffentlichung der Anzeige \u201e<em>Kreiter macht eiskalt weiter<\/em>\u201c vom Verein Tierversuchsgegner Bundesrepublik Deutschland e.V., wor\u00fcber ich in meinem Blog am 29. April 2014 berichtet habe:<\/p>\n<p style=\"padding-left: 30px;\"><a href=\"https:\/\/www.jocelyne-lopez.de\/blog\/2014\/04\/anzeige-kreiter-macht-eiskalt-weiter-kritik-des-bremer-cdu-politikers-thomas-vom-bruch\/\" target=\"_blank\"><strong>Anzeige \u201cKreiter macht eiskalt weiter\u201d: Kritik des Bremer CDU-Politikers Thomas vom Bruch<\/strong><\/a><\/p>\n<p>sowie auf<\/p>\n<p style=\"padding-left: 30px;\"><strong>Ihre Anfrage vom 16.04.2014 im Portal der CDU-Fraktion<\/strong>: <a title=\"http:\/\/fraktion.cdu-bremen.de\/anfragen.php?viewenid=8548&lt;br \/&gt;&lt;br \/&gt;&lt;br \/&gt;&lt;br \/&gt; STRG + Klicken, um Verkn\u00fcpfung zu folgen\" href=\"http:\/\/fraktion.cdu-bremen.de\/anfragen.php?viewenid=8548\" target=\"_blank\">http:\/\/fraktion.cdu-bremen.de\/anfragen.php?viewenid=8548<\/a><\/p>\n<p><span style=\"color: #ffffff;\">.<\/span><\/p>\n<p>Ich bin pers\u00f6nlich von den Vorw\u00fcrfen von Andreas Kreiter und vom Rektor der Universit\u00e4t Bremen betroffen, die Sie sofort aufgegriffen und sich zu eigen gemacht haben, da ich selbst die Anzeige &#8222;<em>Kreiter macht eiskalt weiter<\/em>&#8220; in meinem privaten Blog am 16.04.2014 ver\u00f6ffentlicht habe, die ich also mitzuverantworten habe.<br \/>\nAus diesem Grund bitte ich Sie ausdr\u00fccklich, von meinen \u00f6ffentlichen Stellungnahmen zu diesem Sachverhalt Kenntnis zu nehmen:<\/p>\n<p style=\"padding-left: 30px;\"><a href=\"https:\/\/www.jocelyne-lopez.de\/blog\/2014\/04\/anzeige-kreiter-macht-eiskalt-weiter-unberechtigte-kritik-der-uni-bremen\/\" target=\"_blank\">Anzeige \u201eKreiter macht eiskalt weiter\u201c: Unberechtigte Kritik der Uni Bremen<\/a><\/p>\n<p style=\"padding-left: 30px;\"><a href=\"https:\/\/www.jocelyne-lopez.de\/blog\/2014\/04\/wie-andreas-kreiter-eine-verletzung-seiner-menschenwuerde-konstruiert\/\" target=\"_blank\">Wie Andreas Kreiter eine Verletzung seiner Menschenw\u00fcrde konstruiert<\/a><\/p>\n<p style=\"padding-left: 30px;\"><a href=\"https:\/\/www.jocelyne-lopez.de\/blog\/2014\/04\/affenversuche-des-andreas-kreiter-die-bremer-politiker-sind-fein-raus-alle-schuld-auf-die-tierschuetzer\/\" target=\"_blank\">Affenversuche des Andreas Kreiter: Die Bremer Politiker sind fein raus, alle Schuld auf die Tiersch\u00fctzer\u2026<\/a><\/p>\n<p style=\"padding-left: 30px;\"><a href=\"https:\/\/www.jocelyne-lopez.de\/blog\/2014\/05\/andreas-kreiter-sehen-sie-sich-diese-leute-an\/\" target=\"_blank\">Andreas Kreiter, sehen Sie sich &#8222;diese Leute&#8220; an.<\/a><\/p>\n<p>Am 01.05.2014 habe ich Andreas Kreiter per E-Mail pers\u00f6nlich angesprochen, mit Kopie an den Rektor Bernd Scholz-Reiter und den Presseleiter der Universit\u00e4t Bremen, Eberhard Scholz, und ihn um eine Entschuldigung f\u00fcr seine \u00c4u\u00dferungen gebeten:<\/p>\n<p style=\"text-align: justify; padding-left: 30px;\"><a href=\"https:\/\/www.jocelyne-lopez.de\/blog\/2014\/05\/ich-erwarte-eine-entschuldigung-von-andreas-kreiter-wegen-seiner-bezeichnung-diese-leute-gegenueber-radio-bremen\/\" target=\"_blank\">Ich erwarte eine Entschuldigung von Andreas Kreiter wegen seiner Bezeichung &#8222;diese Leute&#8220; gegen\u00fcber Radio Bremen<\/a><\/p>\n<p>Auch von Ihnen, sehr geehrter Herr vom Bruch,\u00a0erwarte ich eine Entschuldigung gegen\u00fcber den Hunderttausenden von m\u00fcndigen B\u00fcrgern, die Sie mit Ihren unbedachten \u00c4u\u00dferungen \u00f6ffentlich in Verruf gebracht haben.<\/p>\n<p>Mit freundlichen Gr\u00fc\u00dfen<br \/>\nJocelyne Lopez<\/p>\n<p><strong>Kopie an:<\/strong><\/p>\n<p>Herrn Thomas R\u00f6wekamp, Vorsitzender der CDU-Fraktion im Bremer Senat<br \/>\nHerrn Jens B\u00f6hrnsen, Pr\u00e4sident des Senats der Freien Hansestadt Bremen<\/p>\n<p>&nbsp;<\/p>\n<p>&#8212;&#8212;&#8212;&#8212;&#8212;&#8212;&#8212;&#8212;&#8212;&#8212;<br \/>\nSiehe auch in diesem Blog:<\/p>\n<p><a href=\"https:\/\/www.jocelyne-lopez.de\/blog\/2014\/05\/ansprache-an-den-politiker-thomas-vom-bruch-wegen-affenvesuchen-des-andreas-kreiter-in-bremen\/\" target=\"_blank\" rel=\"bookmark\">Ansprache an den Politiker Thomas vom Bruch wegen Affenversuchen<br \/>\ndes Andreas Kreiter \u2013 und seine Antwort <\/a><\/p>\n<p>eine Antwort, die an politische Verantwortungslosigkeit kaum zu \u00fcbertreffen ist.<\/p>\n<p><span style=\"color: #ffffff;\">.<\/span><\/p>\n<p style=\"text-align: center;\"><img loading=\"lazy\" decoding=\"async\" class=\"aligncenter\" alt=\"\" src=\"https:\/\/www.jocelyne-lopez.de\/blog\/wp-content\/uploads\/2014\/04\/Bild-Anzeige-Kreiter-Tierversuchsgegner-Bundes-300x219.jpg\" width=\"300\" height=\"219\" \/><\/p>\n<h6 style=\"text-align: center;\">\u00a9 R &amp; D \/ BUAV<\/h6>\n<p><span style=\"color: #ffffff;\">.<\/span><br \/>\n&#8212;&#8212;&#8212;&#8212;&#8212;&#8212;&#8212;&#8212;&#8212;&#8212;&#8212;&#8212;&#8212;&#8212;&#8212;&#8212;&#8212;&#8212;&#8211;<br \/>\n<strong><span style=\"color: #ff0000;\">Siehe meine Stellungnahmen zu der Kritik wegen dieser Anzeige:<\/span><\/strong><\/p>\n<p><a href=\"https:\/\/www.jocelyne-lopez.de\/blog\/2014\/04\/anzeige-kreiter-macht-eiskalt-weiter-unberechtigte-kritik-der-uni-bremen\/\" target=\"_blank\" rel=\"bookmark\"><strong>Anzeige \u201eKreiter macht eiskalt weiter\u201c: Unberechtigte Kritik der Uni Bremen<\/strong><\/a><\/p>\n<p><a href=\"https:\/\/www.jocelyne-lopez.de\/blog\/2014\/04\/wie-andreas-kreiter-eine-verletzung-seiner-menschenwuerde-konstruiert\/\" target=\"_blank\"><strong>Wie Andreas Kreiter eine Verletzung seiner Menschenw\u00fcrde konstruiert<\/strong> <\/a><\/p>\n<p><strong><a href=\"https:\/\/www.jocelyne-lopez.de\/blog\/2014\/05\/andreas-kreiter-sehen-sie-sich-diese-leute-an\/\" target=\"_blank\"><strong>Andreas Kreiter, sehen Sie sich \u201cdiese Leute\u201d an.<\/strong><\/a><\/strong><\/p>\n<p><strong><a href=\"https:\/\/www.jocelyne-lopez.de\/blog\/2014\/05\/ich-erwarte-eine-entschuldigung-von-andreas-kreiter-wegen-seiner-bezeichnung-diese-leute-gegenueber-radio-bremen\/\" target=\"_blank\"><strong>Ich erwarte eine Entschuldigung von Andreas Kreiter wegen seiner<br \/>\nBezeichung \u201cdiese Leute\u201d gegen\u00fcber Radio Bremen<\/strong><\/a><\/strong><\/p>\n<p><a href=\"https:\/\/www.jocelyne-lopez.de\/blog\/2014\/05\/rechtsmaessigkeit-der-affenversuche-des-andreas-kreiter-ansprache-an-die-bremer-buergerschaft\/\" target=\"_blank\" rel=\"bookmark\"><strong>Rechtsm\u00e4\u00dfigkeit der Affenversuche des Andreas Kreiter: Ansprache an die Bremer B\u00fcrgerschaft<\/strong> <\/a><\/p>\n<p><strong><a href=\"https:\/\/www.jocelyne-lopez.de\/blog\/2014\/05\/tierversuche-erschreckender-ethischer-zerfall-und-verhoehnung-der-verfassung-beispiel-tierexperimentator-wolf-singer\/\" target=\"_blank\" rel=\"bookmark\"><strong>Tierversuche: Erschreckender ethischer Zerfall und Verh\u00f6hnung der Verfassung \u2013 Beispiel Tierexperimentator Wolf Singer<\/strong><\/a><\/strong><\/p>\n<p><a href=\"https:\/\/www.jocelyne-lopez.de\/blog\/2014\/05\/wie-kam-der-beruechtigte-tierexperimentator-wolf-singer-zu-einem-bundesverdienstkreuz\/\" target=\"_blank\" rel=\"bookmark\"><strong>Wie kam der ber\u00fcchtigte Tierexperimentator Wolf Singer zu einem <\/strong><br \/>\n<strong>Bundesverdienstkreuz?<\/strong> <\/a><\/p>\n<p><a title=\"https:\/\/www.jocelyne-lopez.de\/blog\/2012\/12\/tierversuche-wir-werden-belogen-auch-im-fall-andreas-kreiter-in-bremen\/&lt;br \/&gt;&lt;br \/&gt;&lt;br \/&gt;&lt;br \/&gt;&lt;br \/&gt;&lt;br \/&gt;&lt;br \/&gt; STRG + Klicken, um Verkn\u00fcpfung zu folgen\" href=\"https:\/\/www.jocelyne-lopez.de\/blog\/2012\/12\/tierversuche-wir-werden-belogen-auch-im-fall-andreas-kreiter-in-bremen\/\" target=\"_blank\"><strong>Tierversuche: Wir werden belogen \u2013 auch im Fall Andreas Kreiter in Bremen<\/strong> <\/a><\/p>\n<p><a title=\"https:\/\/www.jocelyne-lopez.de\/blog\/2014\/05\/uebertragbarkeit-der-tierversuche-auf-menschen-wir-werden-belogen-auch-im-fall-andreas-kreiter\/&lt;br \/&gt;&lt;br \/&gt;&lt;br \/&gt;&lt;br \/&gt;&lt;br \/&gt;&lt;br \/&gt;&lt;br \/&gt; STRG + Klicken, um Verkn\u00fcpfung zu folgen\" href=\"https:\/\/www.jocelyne-lopez.de\/blog\/2014\/05\/uebertragbarkeit-der-tierversuche-auf-menschen-wir-werden-belogen-auch-im-fall-andreas-kreiter\/\" target=\"_blank\"><strong>\u00dcbertragbarkeit der Ergebnisse der Tierversuche auf Menschen: Wir werden belogen \u2013 auch im Fall Andreas Kreiter<\/strong> <\/a><\/p>\n<p><a href=\"https:\/\/www.jocelyne-lopez.de\/blog\/2014\/05\/ueber-eine-million-euro-steuergelder-fuer-die-affenversuche-des-andreas-kreiter\/\" target=\"_blank\" rel=\"bookmark\"><strong>\u00dcber eine Million Euro Steuergelder f\u00fcr die Affenversuche des Andreas Kreiter<\/strong> <\/a><\/p>\n<p><a href=\"https:\/\/www.jocelyne-lopez.de\/blog\/2014\/07\/beschwerde-an-die-ministerpraesidentin-hannelore-kraft-wegen-missachtung-von-gesetzen-im-land-nrw\/\" target=\"_blank\">Beschwerde an die Ministerpr\u00e4sidentin Hannelore Kraft wegen Missachtung von Gesetzen im Land NRW<\/a><\/p>\n<p><span style=\"color: #ffffff;\">.<\/span><\/p>\n","protected":false},"excerpt":{"rendered":"<p>Ich habe heute folgende E-Mail an Herrn Dr. Thomas vom Bruch, stellvertretender Fraktionsvorsitzende der CDU-Fraktion im Bremer Senat, geschickt: von Jocelyne Lopez an Dr. Thomas vom Bruch Betr.: Anzeite &#8222;Kreiter macht eiskalt weiter&#8220; Datum: 03.05.2014 Sehr geehrter Herr Dr. vom Bruch, ich beziehe mich auf Ihre \u00c4u\u00dferungen in der Presse anl\u00e4\u00dflich der Ver\u00f6ffentlichung der Anzeige [&hellip;]<\/p>\n","protected":false},"author":3,"featured_media":0,"comment_status":"closed","ping_status":"open","sticky":false,"template":"","format":"standard","meta":{"om_disable_all_campaigns":false,"_monsterinsights_skip_tracking":false,"_monsterinsights_sitenote_active":false,"_monsterinsights_sitenote_note":"","_monsterinsights_sitenote_category":0,"ngg_post_thumbnail":0,"footnotes":""},"categories":[9],"tags":[480,830,473,1084,1111,1102,1090,844,1095,270,831,1096,1098,8,7,1334,1109],"class_list":["post-5867","post","type-post","status-publish","format-standard","hentry","category-tierversuche-abschaffen","tag-artze-gegen-tierversuche","tag-affenversuche","tag-andreas-kreiter","tag-bernd-scholz-reiter","tag-dr-markus-buhlert","tag-eberhard-scholz","tag-eva-quante-brandt","tag-hirnforschung","tag-jens-boehrnsen","tag-jocelyne-lopez","tag-primatenversuche","tag-thomas-roewekamp","tag-thomas-vom-bruch","tag-tierrechte","tag-tierschutz","tag-tierversuche-abschaffen","tag-tierversuchsgegner-bundesrepublik-deutschland"],"aioseo_notices":[],"_links":{"self":[{"href":"https:\/\/www.jocelyne-lopez.de\/blog\/wp-json\/wp\/v2\/posts\/5867"}],"collection":[{"href":"https:\/\/www.jocelyne-lopez.de\/blog\/wp-json\/wp\/v2\/posts"}],"about":[{"href":"https:\/\/www.jocelyne-lopez.de\/blog\/wp-json\/wp\/v2\/types\/post"}],"author":[{"embeddable":true,"href":"https:\/\/www.jocelyne-lopez.de\/blog\/wp-json\/wp\/v2\/users\/3"}],"replies":[{"embeddable":true,"href":"https:\/\/www.jocelyne-lopez.de\/blog\/wp-json\/wp\/v2\/comments?post=5867"}],"version-history":[{"count":0,"href":"https:\/\/www.jocelyne-lopez.de\/blog\/wp-json\/wp\/v2\/posts\/5867\/revisions"}],"wp:attachment":[{"href":"https:\/\/www.jocelyne-lopez.de\/blog\/wp-json\/wp\/v2\/media?parent=5867"}],"wp:term":[{"taxonomy":"category","embeddable":true,"href":"https:\/\/www.jocelyne-lopez.de\/blog\/wp-json\/wp\/v2\/categories?post=5867"},{"taxonomy":"post_tag","embeddable":true,"href":"https:\/\/www.jocelyne-lopez.de\/blog\/wp-json\/wp\/v2\/tags?post=5867"}],"curies":[{"name":"wp","href":"https:\/\/api.w.org\/{rel}","templated":true}]}}