{"id":5862,"date":"2014-05-01T09:29:37","date_gmt":"2014-05-01T08:29:37","guid":{"rendered":"https:\/\/www.jocelyne-lopez.de\/blog\/?p=5862"},"modified":"2014-05-01T09:31:31","modified_gmt":"2014-05-01T08:31:31","slug":"anzeige-kreiter-macht-eiskalt-weiter-entmenschung-oder-unmenschlichkeit","status":"publish","type":"post","link":"https:\/\/www.jocelyne-lopez.de\/blog\/2014\/05\/anzeige-kreiter-macht-eiskalt-weiter-entmenschung-oder-unmenschlichkeit\/","title":{"rendered":"Anzeige &#8222;Kreiter macht eiskalt weiter&#8220;: Entmenschung oder Unmenschlichkeit"},"content":{"rendered":"<p>Ein Beitrag vom 23.04.2014 von <a href=\"http:\/\/www.humana-conditio.de\/?page_id=273\" target=\"_blank\">Sascha Pommrenke<\/a> in seiner Webseite <em>humana conditio:<\/em><\/p>\n<p>&nbsp;<\/p>\n<p style=\"padding-left: 30px;\"><strong><a href=\"http:\/\/www.humana-conditio.de\/?p=676\" target=\"_blank\">Entmenschung oder Unmenschlichkeit<\/a><\/strong><\/p>\n<p style=\"text-align: justify; padding-left: 30px;\">Der \u201eAffenforscher\u201c Andreas Kreiter sieht sich einer Kampagne ausgesetzt.<a href=\"http:\/\/www.radiobremen.de\/politik\/nachrichten\/anzeige-tierschuetzer-bremen100.html\" target=\"_blank\"> Gegen\u00fcber Radio Bremen \u00e4u\u00dferte er<\/a>: \u201eDer Versuch der Entmenschung zielt auf pers\u00f6nliche Diffamierung, auf pers\u00f6nliche Vernichtung. Das ist es, was diese Leute wollen<strong>.\u201c <\/strong>Bernd Scholz-Reiter, der Direktor der Universit\u00e4t Bremen springt ihm in einem offenen Brief zur Seite und auch Lokalpolitiker aller Couleur sind emp\u00f6rt. Anlass des Schulterschlusses ist eine Anzeige der \u201e<a href=\"http:\/\/www.tierversuchsgegner.de\/\" target=\"_blank\">Tierversuchsgegner Bundesrepublik Deutschland e.V.<\/a>\u201c, die in der FAZ, ZEIT, im Tagesspiegel und dem Weser-Kurier erschienen war. [&#8230;]<\/p>\n<p style=\"text-align: justify; padding-left: 30px;\"><a href=\"http:\/\/www.humana-conditio.de\/?p=676\" target=\"_blank\">Weiterlesen&#8230;<\/a><\/p>\n<p style=\"text-align: justify; padding-left: 30px;\"><span style=\"color: #ffffff;\">.<\/span><\/p>\n<p style=\"text-align: justify; padding-left: 30px;\"><span style=\"color: #ffffff;\">.<\/span><\/p>\n<p style=\"text-align: justify;\"><span style=\"color: #000000;\">&#8212;&#8212;&#8212;&#8212;&#8212;&#8212;&#8212;&#8212;&#8212;&#8212;&#8212;&#8212;&#8212;&#8212;&#8212;&#8211;<\/span><\/p>\n<p style=\"text-align: justify;\">Siehe auch in meinem Blog:<\/p>\n<p><a title=\"https:\/\/www.jocelyne-lopez.de\/blog\/2014\/04\/anzeige-kreiter-macht-eiskalt-weiter-unberechtigte-kritik-der-uni-bremen\/ STRG + Klicken, um Verkn\u00fcpfung zu folgen\" href=\"https:\/\/www.jocelyne-lopez.de\/blog\/2014\/04\/anzeige-kreiter-macht-eiskalt-weiter-unberechtigte-kritik-der-uni-bremen\/\" target=\"_blank\" rel=\"bookmark\">Anzeige \u201eKreiter macht eiskalt weiter\u201c: Unberechtigte Kritik der Uni Bremen <\/a><\/p>\n<p><a title=\"https:\/\/www.jocelyne-lopez.de\/blog\/2014\/04\/wie-andreas-kreiter-eine-verletzung-seiner-menschenwuerde-konstruiert\/ STRG + Klicken, um Verkn\u00fcpfung zu folgen\" href=\"https:\/\/www.jocelyne-lopez.de\/blog\/2014\/04\/wie-andreas-kreiter-eine-verletzung-seiner-menschenwuerde-konstruiert\/\" target=\"_blank\" rel=\"bookmark\">Wie Andreas Kreiter eine Verletzung seiner Menschenw\u00fcrde konstruiert <\/a><\/p>\n<p><a title=\"https:\/\/www.jocelyne-lopez.de\/blog\/2014\/04\/kritik-der-anzeige-kreiter-macht-eiskalt-weiter-durch-eva-quante-brandt-spd-und-markus-buhlert-fdp\/STRG + Klicken, um Verkn\u00fcpfung zu folgen\" href=\"https:\/\/www.jocelyne-lopez.de\/blog\/2014\/04\/kritik-der-anzeige-kreiter-macht-eiskalt-weiter-durch-eva-quante-brandt-spd-und-markus-buhlert-fdp\/\" target=\"_blank\" rel=\"bookmark\">Kritik der Anzeige \u201eKreiter macht eiskalt weiter\u201c durch Eva Quante-Brandt (SPD) und Markus Buhlert (FDP) <\/a><\/p>\n<p><a title=\"https:\/\/www.jocelyne-lopez.de\/blog\/2014\/04\/anzeige-kreiter-macht-eiskalt-weiter-kritik-des-bremer-cdu-politikers-thomas-vom-bruch\/ STRG + Klicken, um Verkn\u00fcpfung zu folgen\" href=\"https:\/\/www.jocelyne-lopez.de\/blog\/2014\/04\/anzeige-kreiter-macht-eiskalt-weiter-kritik-des-bremer-cdu-politikers-thomas-vom-bruch\/\" target=\"_blank\" rel=\"bookmark\">Anzeige \u201cKreiter macht eiskalt weiter\u201d: Kritik des Bremer CDU-Politikers Thomas vom Bruch <\/a><\/p>\n<p><a title=\"https:\/\/www.jocelyne-lopez.de\/blog\/2014\/04\/anzeige-kreiter-macht-eiskalt-weiter-die-uni-bremen-strebt-nach-zensur-der-medien\/ STRG + Klicken, um Verkn\u00fcpfung zu folgen\" href=\"https:\/\/www.jocelyne-lopez.de\/blog\/2014\/04\/anzeige-kreiter-macht-eiskalt-weiter-die-uni-bremen-strebt-nach-zensur-der-medien\/\" target=\"_blank\" rel=\"bookmark\">Anzeige \u201eKreiter macht eiskalt weiter\u201c: Die Uni Bremen strebt nach Zensur der Medien <\/a><\/p>\n<p><a title=\"https:\/\/www.jocelyne-lopez.de\/blog\/2014\/04\/affenversuche-des-andreas-kreiter-die-bremer-politiker-sind-fein-raus-alle-schuld-auf-die-tierschuetzer\/ STRG + Klicken, um Verkn\u00fcpfung zu folgen\" href=\"https:\/\/www.jocelyne-lopez.de\/blog\/2014\/04\/affenversuche-des-andreas-kreiter-die-bremer-politiker-sind-fein-raus-alle-schuld-auf-die-tierschuetzer\/\" target=\"_blank\" rel=\"bookmark\">Affenversuche des Andreas Kreiter: Die Bremer Politiker sind fein raus, alle Schuld auf die Tiersch\u00fctzer\u2026 <\/a><\/p>\n<p><a title=\"https:\/\/www.jocelyne-lopez.de\/blog\/2014\/04\/umsetzung-des-einstimmigen-beschlusses-des-bremer-senats-zum-ausstieg-aus-den-affenversuchen-des-andreas-kreiter\/ STRG + Klicken, um Verkn\u00fcpfung zu folgen\" href=\"https:\/\/www.jocelyne-lopez.de\/blog\/2014\/04\/umsetzung-des-einstimmigen-beschlusses-des-bremer-senats-zum-ausstieg-aus-den-affenversuchen-des-andreas-kreiter\/\" target=\"_blank\" rel=\"bookmark\">Umsetzung des einstimmigen Beschlusses des Bremer Senats zum Ausstieg aus den Affenversuchen des Andreas Kreiter! <\/a><\/p>\n<p><span style=\"color: #ffffff;\">.<\/span><\/p>\n<p style=\"text-align: center;\"><img loading=\"lazy\" decoding=\"async\" class=\"aligncenter\" alt=\"\" src=\"https:\/\/www.jocelyne-lopez.de\/blog\/wp-content\/uploads\/2014\/04\/Bild-Anzeige-Kreiter-Tierversuchsgegner-Bundes-300x219.jpg\" width=\"300\" height=\"219\" \/><\/p>\n<h6 style=\"text-align: center;\">\u00a9 R &amp; D \/ BUAV<\/h6>\n<p><span style=\"color: #ffffff;\">.<\/span><\/p>\n","protected":false},"excerpt":{"rendered":"<p>Ein Beitrag vom 23.04.2014 von Sascha Pommrenke in seiner Webseite humana conditio: &nbsp; Entmenschung oder Unmenschlichkeit Der \u201eAffenforscher\u201c Andreas Kreiter sieht sich einer Kampagne ausgesetzt. Gegen\u00fcber Radio Bremen \u00e4u\u00dferte er: \u201eDer Versuch der Entmenschung zielt auf pers\u00f6nliche Diffamierung, auf pers\u00f6nliche Vernichtung. Das ist es, was diese Leute wollen.\u201c Bernd Scholz-Reiter, der Direktor der Universit\u00e4t Bremen [&hellip;]<\/p>\n","protected":false},"author":3,"featured_media":0,"comment_status":"closed","ping_status":"open","sticky":false,"template":"","format":"standard","meta":{"om_disable_all_campaigns":false,"_monsterinsights_skip_tracking":false,"_monsterinsights_sitenote_active":false,"_monsterinsights_sitenote_note":"","_monsterinsights_sitenote_category":0,"ngg_post_thumbnail":0,"footnotes":""},"categories":[9],"tags":[1103,830,473,1084,539,1090,844,270,1093,831,1108,1098,8,7,1334,1089],"class_list":["post-5862","post","type-post","status-publish","format-standard","hentry","category-tierversuche-abschaffen","tag-aerzte-gegen-tierversuche-e-v","tag-affenversuche","tag-andreas-kreiter","tag-bernd-scholz-reiter","tag-bernhard-rambeck","tag-eva-quante-brandt","tag-hirnforschung","tag-jocelyne-lopez","tag-markus-buhlert","tag-primatenversuche","tag-sascha-pommrenke","tag-thomas-vom-bruch","tag-tierrechte","tag-tierschutz","tag-tierversuche-abschaffen","tag-tierversuchsgegner-bundesrepublik-deutschland-e-v"],"aioseo_notices":[],"_links":{"self":[{"href":"https:\/\/www.jocelyne-lopez.de\/blog\/wp-json\/wp\/v2\/posts\/5862"}],"collection":[{"href":"https:\/\/www.jocelyne-lopez.de\/blog\/wp-json\/wp\/v2\/posts"}],"about":[{"href":"https:\/\/www.jocelyne-lopez.de\/blog\/wp-json\/wp\/v2\/types\/post"}],"author":[{"embeddable":true,"href":"https:\/\/www.jocelyne-lopez.de\/blog\/wp-json\/wp\/v2\/users\/3"}],"replies":[{"embeddable":true,"href":"https:\/\/www.jocelyne-lopez.de\/blog\/wp-json\/wp\/v2\/comments?post=5862"}],"version-history":[{"count":0,"href":"https:\/\/www.jocelyne-lopez.de\/blog\/wp-json\/wp\/v2\/posts\/5862\/revisions"}],"wp:attachment":[{"href":"https:\/\/www.jocelyne-lopez.de\/blog\/wp-json\/wp\/v2\/media?parent=5862"}],"wp:term":[{"taxonomy":"category","embeddable":true,"href":"https:\/\/www.jocelyne-lopez.de\/blog\/wp-json\/wp\/v2\/categories?post=5862"},{"taxonomy":"post_tag","embeddable":true,"href":"https:\/\/www.jocelyne-lopez.de\/blog\/wp-json\/wp\/v2\/tags?post=5862"}],"curies":[{"name":"wp","href":"https:\/\/api.w.org\/{rel}","templated":true}]}}