{"id":5857,"date":"2014-04-29T14:32:44","date_gmt":"2014-04-29T13:32:44","guid":{"rendered":"https:\/\/www.jocelyne-lopez.de\/blog\/?p=5857"},"modified":"2014-04-29T14:40:14","modified_gmt":"2014-04-29T13:40:14","slug":"anzeige-kreiter-macht-eiskalt-weiter-die-uni-bremen-strebt-nach-zensur-der-medien","status":"publish","type":"post","link":"https:\/\/www.jocelyne-lopez.de\/blog\/2014\/04\/anzeige-kreiter-macht-eiskalt-weiter-die-uni-bremen-strebt-nach-zensur-der-medien\/","title":{"rendered":"Anzeige \u201eKreiter macht eiskalt weiter\u201c: Die Uni Bremen strebt nach Zensur der Medien"},"content":{"rendered":"<p style=\"text-align: justify;\">Mit seinem <a href=\"http:\/\/www.uni-bremen.de\/aktuelle-meldungen\/einzelanzeige\/article\/offener-brief-an-die-verlagsleitungen-und-chefredaktionen-von-die-zeit-faz-tagesspiegel-und-bremer.html?cHash=3876297ed9bb03b288f333899514eb2b\" target=\"_blank\">offenen Brief\u00a0 vom 22.04.2014<\/a> in der Internet-Pr\u00e4senz der Uni Bremen gegen die ganzseitige Anzeige \u201e<em>Kreiter macht eiskalt weiter<\/em>\u201c des Vereins <em>Tierversuchsgegner Bundesrepublik Deutschland e.V., <\/em>sowie<em>\u00a0<\/em>\u00a0mit seinem Druck auf die Redaktionen von Zeitungen, hat aus meiner Sicht der Rektor Bernd Scholz-Reiter versucht, Zensur \u00fcber die umstrittenen Affenversuche des Andreas Kreiter bei den Medien durchzusetzen. Die Anzeige wurde in der &#8222;Zeit&#8220;, der &#8222;Frankfurter Allgemeinen&#8220;, dem &#8222;Tagesspiegel&#8220; sowie im &#8222;Weser-Kurier&#8220; und in den &#8222;Bremer Nachrichten&#8220; ver\u00f6ffentlicht<\/p>\n<p style=\"text-align: justify;\">Dar\u00fcber wird zum Beispiel im <em>Spiegel online <\/em>im Artikel vom 23.04.2014 \u00a0<a href=\"http:\/\/www.spiegel.de\/wissenschaft\/medizin\/tierversuche-in-bremen-anzeigen-kampagne-gegen-kreiter-a-965656.html\" target=\"_blank\">Tierversuche: Emp\u00f6rung \u00fcber Anzeigenkampagne gegen Hirnforscher<\/a> berichtet:<\/p>\n<p style=\"text-align: justify; padding-left: 30px;\"><b>Zitat: <\/b><\/p>\n<p style=\"text-align: justify; padding-left: 30px;\">[&#8230;]<\/p>\n<p style=\"text-align: justify; padding-left: 30px;\"><em><b>Verlage rechtfertigen Ver\u00f6ffentlichung\u00a0<\/b>\u00a0<\/em><\/p>\n<p style=\"text-align: justify; padding-left: 30px;\"><em>Rektor Scholz-Reiter wirft den Verlagen in seinem offenen Brief nun einen Versto\u00df gegen den Pressekodex vor, zu dessen obersten Geboten die Wahrung der Menschenw\u00fcrde geh\u00f6re. Die Verlage rechtfertigen dagegen ihr Vorgehen. &#8222;Wir haben f\u00fcr unsere Leser klar ersichtlich gemacht, dass es sich bei dem Inhalt der Anzeige nicht um die Meinung der Frankfurter Allgemeinen Zeitung handelt&#8220;, erkl\u00e4rte Thomas Lindner, Sprecher der Gesch\u00e4ftsf\u00fchrung der &#8222;FAZ&#8220;. Zwar beinhalte die Anzeige eine &#8222;\u00fcberaus kritische Sicht der Forschungsarbeiten von Professor Kreiter&#8220;. Die Anzeige aber &#8222;in einer Art Zensur&#8220; zu verhindern, w\u00e4re &#8222;mit unserem Verst\u00e4ndnis der freien Meinungs\u00e4u\u00dferung nicht zu vereinbaren gewesen&#8220;.<br \/>\n<\/em><em>[&#8230;]<br \/>\n<\/em><em>&#8222;Zeit&#8220; und &#8222;Tagesspiegel&#8220; erkl\u00e4rten dagegen unisono, vor Ver\u00f6ffentlichung der Anzeige mehrfach mit Gaertner \u00fcber eine \u00c4nderung des Textes verhandelt zu haben. Gaertner aber habe sich am Ende aber mit Verweis auf die Meinungsfreiheit durchgesetzt. &#8222;Juristische Grenzen waren nach Ansicht unserer Justiziare durch die Anzeige nicht \u00fcberschritten worden&#8220;, erkl\u00e4rt Iris Mainka, Chefin vom Dienst bei der &#8222;Zeit&#8220;.<\/em><\/p>\n<p style=\"text-align: justify; padding-left: 30px;\"><b>Zitatende<\/b><\/p>\n<p style=\"text-align: justify;\">Der Zensur-Druck der Uni Bremen hat auch bei der Redaktion von <em>Tagesspiegel<\/em> wohl sein Ziel erreich,\u00a0 Zitat: &#8222;<i>Wir haben aus der Angelegenheit gelernt&#8220;, so B\u00f6rner. &#8222;Noch einmal w\u00fcrden wir eine solche Anzeige vermutlich nicht abdrucken<\/i>.&#8220;<\/p>\n<p style=\"text-align: justify;\"><span style=\"color: #ffffff;\">.<\/span><\/p>\n<p style=\"text-align: justify;\">Dar\u00fcber hinaus wurden Drohungen mit rechtlichen Folgen seitens der Uni ausgesprochen, mit der Begr\u00fcndung, die Menschenw\u00fcrde von Andreas Kreiter sei durch ein Zitat \u00a0des Neurologen Dr. med. Herbert Stiller, Gr\u00fcnder der bundesweiten Organisation <i>\u00c4rzte gegen Tierversuche e.V.,<\/i> in dieser Anzeige verletzt worden. Siehe zum Beispiel im Artikel von <em>Radio Bremen<\/em> vom 16.04.2014 <a href=\"http:\/\/www.radiobremen.de\/politik\/nachrichten\/anzeige-tierschuetzer-bremen100.html\" target=\"_blank\">Kampagne gegen Kreiter &#8211; Hirnforscher sieht Versuch &#8222;pers\u00f6nlicher Vernichtung&#8220;<\/a>:<\/p>\n<p style=\"text-align: justify; padding-left: 30px;\"><b>Zitat:<br \/>\n<\/b>[&#8230;]<\/p>\n<p style=\"text-align: justify; padding-left: 30px;\"><em>Mit dieser Anzeige werden Grenzen \u00fcberschritten. Sie ist diffamierend und entmenschlicht eine Person&#8220;, so Reinhard Fischer von der Universit\u00e4t Bremen. &#8222;Wir werden sicherlich rechtlich pr\u00fcfen, ob hier ein Tatbestand der Verleumdung vorliegen k\u00f6nnte.\u201c, so Fischer im Interview mit dem radio-Bremen-Magazin &#8222;buten un binnen&#8220;.<\/em><\/p>\n<p style=\"text-align: justify; padding-left: 30px;\"><b>Zitatende<\/b><\/p>\n<p style=\"text-align: justify;\">Dieses Zitat von Dr. med. Herbert Stiller diente aus meiner Sicht f\u00fcr die Uni Bremen als Strohhalm, um eine k\u00fcnstliche Emp\u00f6rung in den Medien zu inszinieren und die gravierenden gesellschaftlichen und rechtlichen Missst\u00e4nde zu \u00fcberspielen, die bei den seit Jahrzehnten stark umstrittenen Affenversuchen \u00a0vorliegen, \u00a0wie ich es auch als Betroffene in meiner Stellungnahme zu diesen Vorw\u00fcrfen vom 25.04.2014\u00a0dargelegt habe:<\/p>\n<p style=\"text-align: justify; padding-left: 30px;\"><a href=\"https:\/\/www.jocelyne-lopez.de\/blog\/2014\/04\/anzeige-kreiter-macht-eiskalt-weiter-unberechtigte-kritik-der-uni-bremen\/\" target=\"_blank\">Anzeige \u201eKreiter macht eiskalt weiter\u201c: Unberechtigte Kritik der Uni Bremen<\/a><\/p>\n<p style=\"text-align: justify; padding-left: 30px;\"><span style=\"color: #ffffff;\">.<\/span><\/p>\n<p style=\"text-align: justify;\">Am 26.04.2014 habe ich auch die Pressestelle der Uni Bremen per E-Mail angesprochen und aufgrund meines Antwortrechts um die Ver\u00f6ffentlichung meiner Stellungnahme in der Webseite der Uni Bremen gebeten.<\/p>\n<p style=\"text-align: justify;\">Am 28.04.2014 habe ich auch den Presseleiter der Uni Bremen, Eberhard Scholz, per E-Mail angesprochen und ihn gebeten, aufgrund meines Antwortrechts meine Stellungnahme zu den Vorw\u00fcrfen im Nachrichtenportal \u00a0IDW zu ver\u00f6ffentlichen, wo er auch die Kritik des Rektors Bernd Scholz-Reiter ver\u00f6ffentlicht lassen hatte: <a href=\"https:\/\/www.idw-online.de\/de\/news583491\" target=\"_blank\">Universit\u00e4t Bremen kritisiert Anzeigenkampagne gegen den Hirnforscher Andreas Kreiter <\/a><\/p>\n<p style=\"text-align: justify;\">Bis jetzt habe ich keine Antworte bekommen. Es bleibt abzuwarten, ob die Uni Bremen sich an den Pressekodex h\u00e4lt, den sie f\u00fcr sich beansprucht.<\/p>\n<p>&nbsp;<\/p>\n<p style=\"text-align: center;\"><img loading=\"lazy\" decoding=\"async\" class=\"aligncenter\" alt=\"\" src=\"https:\/\/www.jocelyne-lopez.de\/blog\/wp-content\/uploads\/2014\/04\/Bild-Anzeige-Kreiter-Tierversuchsgegner-Bundes-300x219.jpg\" width=\"300\" height=\"219\" \/><\/p>\n<h6 style=\"text-align: center;\">\u00a9 R &amp; D \/ BUAV<\/h6>\n<p><span style=\"color: #ffffff;\">.<\/span><\/p>\n<p>&nbsp;<\/p>\n<p style=\"text-align: center; padding-left: 30px;\">\u2014\u2014\u2014\u2014\u2014\u2014\u2014\u2014\u2014\u2014\u2014\u2014\u2014\u2014\u2014\u2014\u2014\u2014\u2014\u2014\u2014\u2013<\/p>\n<p style=\"text-align: center; padding-left: 30px;\"><span style=\"color: #008080;\"><strong><em>In Liebe und z\u00e4rtlichem Gedenken der vergessenen Tiere,<br \/>\nin Stehs\u00e4rgen ohne N\u00e4chte und Tage,<br \/>\nin den Forschungslaboratorien von Medizin und Wissenschaft,<br \/>\ndenn sie sind die Opfer eines endlosen, irren Verbrechens.<br \/>\n(anonym)<\/em><\/strong><\/span><\/p>\n<p><span style=\"color: #ffffff;\">.<\/span><\/p>\n","protected":false},"excerpt":{"rendered":"<p>Mit seinem offenen Brief\u00a0 vom 22.04.2014 in der Internet-Pr\u00e4senz der Uni Bremen gegen die ganzseitige Anzeige \u201eKreiter macht eiskalt weiter\u201c des Vereins Tierversuchsgegner Bundesrepublik Deutschland e.V., sowie\u00a0\u00a0mit seinem Druck auf die Redaktionen von Zeitungen, hat aus meiner Sicht der Rektor Bernd Scholz-Reiter versucht, Zensur \u00fcber die umstrittenen Affenversuche des Andreas Kreiter bei den Medien durchzusetzen. [&hellip;]<\/p>\n","protected":false},"author":3,"featured_media":0,"comment_status":"closed","ping_status":"open","sticky":false,"template":"","format":"standard","meta":{"om_disable_all_campaigns":false,"_monsterinsights_skip_tracking":false,"_monsterinsights_sitenote_active":false,"_monsterinsights_sitenote_note":"","_monsterinsights_sitenote_category":0,"ngg_post_thumbnail":0,"footnotes":""},"categories":[9],"tags":[1103,830,473,1084,1100,1102,844,270,831,1101,8,7,1334,1089],"class_list":["post-5857","post","type-post","status-publish","format-standard","hentry","category-tierversuche-abschaffen","tag-aerzte-gegen-tierversuche-e-v","tag-affenversuche","tag-andreas-kreiter","tag-bernd-scholz-reiter","tag-dr-herbert-stiller","tag-eberhard-scholz","tag-hirnforschung","tag-jocelyne-lopez","tag-primatenversuche","tag-reinhard-fischer","tag-tierrechte","tag-tierschutz","tag-tierversuche-abschaffen","tag-tierversuchsgegner-bundesrepublik-deutschland-e-v"],"aioseo_notices":[],"_links":{"self":[{"href":"https:\/\/www.jocelyne-lopez.de\/blog\/wp-json\/wp\/v2\/posts\/5857"}],"collection":[{"href":"https:\/\/www.jocelyne-lopez.de\/blog\/wp-json\/wp\/v2\/posts"}],"about":[{"href":"https:\/\/www.jocelyne-lopez.de\/blog\/wp-json\/wp\/v2\/types\/post"}],"author":[{"embeddable":true,"href":"https:\/\/www.jocelyne-lopez.de\/blog\/wp-json\/wp\/v2\/users\/3"}],"replies":[{"embeddable":true,"href":"https:\/\/www.jocelyne-lopez.de\/blog\/wp-json\/wp\/v2\/comments?post=5857"}],"version-history":[{"count":0,"href":"https:\/\/www.jocelyne-lopez.de\/blog\/wp-json\/wp\/v2\/posts\/5857\/revisions"}],"wp:attachment":[{"href":"https:\/\/www.jocelyne-lopez.de\/blog\/wp-json\/wp\/v2\/media?parent=5857"}],"wp:term":[{"taxonomy":"category","embeddable":true,"href":"https:\/\/www.jocelyne-lopez.de\/blog\/wp-json\/wp\/v2\/categories?post=5857"},{"taxonomy":"post_tag","embeddable":true,"href":"https:\/\/www.jocelyne-lopez.de\/blog\/wp-json\/wp\/v2\/tags?post=5857"}],"curies":[{"name":"wp","href":"https:\/\/api.w.org\/{rel}","templated":true}]}}