{"id":5846,"date":"2014-04-25T14:40:42","date_gmt":"2014-04-25T13:40:42","guid":{"rendered":"https:\/\/www.jocelyne-lopez.de\/blog\/?p=5846"},"modified":"2014-07-14T05:44:43","modified_gmt":"2014-07-14T04:44:43","slug":"anzeige-kreiter-macht-eiskalt-weiter-unberechtigte-kritik-der-uni-bremen","status":"publish","type":"post","link":"https:\/\/www.jocelyne-lopez.de\/blog\/2014\/04\/anzeige-kreiter-macht-eiskalt-weiter-unberechtigte-kritik-der-uni-bremen\/","title":{"rendered":"Anzeige \u201eKreiter macht eiskalt weiter\u201c: Unberechtigte Kritik der Uni Bremen"},"content":{"rendered":"<p style=\"text-align: justify;\">Ich verweise auf die\u00a0 Kritik des Bremer Universit\u00e4ts-Rektors Bernd Scholz-Reiter nach der Ver\u00f6ffentlichung einer ganzseitigen Anzeige des Vereins <em>Tierversuchsgegner Bundesrepublik Deutschland e.V.<\/em> als Protest gegen die Fortf\u00fchrung der Primatenversuche von Andreas Kreiter, die er in\u00a0der <a href=\"http:\/\/www.uni-bremen.de\/universitaet\/presseservice\/pressemitteilungen\/einzelanzeige\/article\/universitaet-bremen-kritisiert-anzeigenkampagne-gegen-den-hirnforscher-andreas-kreiter.html?cHash=a9369f47d0b8d450cfa17632665cec46\" target=\"_blank\">Webseite der Universit\u00e4t Bremen<\/a>\u00a0ver\u00f6ffentlicht hat und die inzwischen\u00a0von diversen Medien aufgegriffen wurde,\u00a0 wie zum Beispiel: <a href=\"http:\/\/meedia.de\/2014\/04\/23\/tierquaeler-anzeige-uni-wirft-faz-co-verletzung-der-menschenwuerde-vor\/\" target=\"_blank\">\u201cTierqu\u00e4ler\u201d-Anzeige: Uni wirft FAZ &amp; Co. Verletzung der Menschenw\u00fcrde vor<\/a>.<\/p>\n<p style=\"text-align: justify;\"><span style=\"color: #ffffff;\">.<\/span><\/p>\n<p style=\"text-align: justify;\">Auch ich habe wie die Zeitungen FAZ, die Zeit, den Tagesspiegel und den Weser Kurier die Anzeige \u201e<em><strong>Kreiter macht eiskalt weiter<\/strong><\/em>\u201c in meinem privaten Blog <a href=\"https:\/\/www.jocelyne-lopez.de\/blog\/2014\/04\/primatenversuche-in-bremen-andreas-kreiter-macht-eiskalt-weiter\/\" target=\"_blank\">am 16.04.2014 ver\u00f6ffentlicht<\/a>\u00a0\u00a0und bin dementsprechend pers\u00f6nlich von dieser Kritik betroffen. Nachstehend als Antwortrecht meine Stellungnahme zu diesen Vorw\u00fcrfen:<\/p>\n<p style=\"text-align: justify;\"><span style=\"color: #ffffff;\">.<\/span><\/p>\n<p style=\"text-align: justify;\">Den Text der Anzeige kann ich im Gesamtkontext dieser seit Jahrzehnten stark umstrittenen Versuche \u00a0an Primaten verantworten und sehe die Kritik der Uni Bremen als k\u00fcnstliche Emp\u00f6rung an, um wiederum die gesellschaftliche Dimension der Emp\u00f6rung der \u00fcberwiegenden Mehrheit der Bev\u00f6lkerung angesichts dieser Versuche zu \u00fcberspielen.<\/p>\n<p style=\"text-align: justify;\">Die Umwandlung des ethischen Empfindens der Menschen und deren Verantwortungs-bewusstsein f\u00fcr die Tiere ist eine gesellschaftliche Tatsache, die\u00a0schon vom Gesetzgeber wahrgenommen und sogar 2002 als Staatsziel mit Verfassungsrang erhoben wurde:<br \/>\n<span style=\"color: #ffffff;\">.<\/span><\/p>\n<p style=\"text-align: center;\"><strong>Tierschutzgesetz \u00a7 1\u00a0\u00a0<\/strong><\/p>\n<p style=\"text-align: center;\"><em>Zweck dieses Gesetzes ist es, aus der Verantwortung des Menschen f\u00fcr das Tier als Mitgesch\u00f6pf dessen Leben und Wohlbefinden zu sch\u00fctzen. Niemand darf einem Tier ohne vern\u00fcnftigen Grund Schmerzen, Leiden oder Sch\u00e4den zuf\u00fcgen.<\/em><\/p>\n<p style=\"text-align: center;\"><span style=\"color: #ffffff;\">.<\/span><\/p>\n<p style=\"text-align: justify;\">Dieser Text dr\u00fcckt schon als Gesetz den heutigen ethischen Standard der W\u00fcrde des Menschen hinsichtlich seiner Verantwortung f\u00fcr das Tier in unserer Gesellschaft aus. Und hier erkenne ich auch pers\u00f6nlich meine Menschenw\u00fcrde, die verletzt wird, wenn man wie Andreas Kreiter ohne vern\u00fcnftigen Grund Schmerzen, Leiden und Sch\u00e4den Tieren zuf\u00fcgt. Andreas Kreiter verletzt mit seinen Handlungen meine Menschenw\u00fcrde. Und dagegen habe ich ein Recht zu protestieren, das ich auch mit der Ver\u00f6ffentlichung der Anzeige wahrgenommen habe.<\/p>\n<p style=\"text-align: justify;\"><span style=\"color: #ffffff;\">.<\/span><\/p>\n<p style=\"text-align: justify;\"><strong>Es trifft nicht zu<\/strong>, dass die Tiere nicht leiden und ihnen keine Sch\u00e4den zugef\u00fcgt werden, alleine wenn man an die Eingriffe im Sch\u00e4del und an die\u00a0 Testsreihen denkt, sowie an das\u00a0\u00a0jahrelange Vegetieren in Gefangenschaft mit anschlie\u00dfender T\u00f6tung. Ich brauche daf\u00fcr keine Expertengutachten, um zu wissen, dass es nicht zutrifft. Ich wei\u00df es aus meinem Menschlichkeitsgef\u00fchl, aus meiner Verantwortung f\u00fcr das Tier als Mitgesch\u00f6pf und aus meiner Menschenw\u00fcrde heraus. Dass die Menschenw\u00fcrde von Millionen von Menschen durch die Tierversuche gravierend verletzt wird, ist zum Beispiel hier mit Originalzitaten dokumentiert &#8211; schon bei jungen Menschen, die sich entmenschlicht f\u00fchlen und sich\u00a0sch\u00e4men zur Menschheit zu geh\u00f6ren: <a href=\"https:\/\/www.jocelyne-lopez.de\/blog\/2012\/04\/gravierende-kollateralschaden-der-tierversuche-fur-mensch-und-gesellschaft\/\" target=\"_blank\">Gravierende Kollateralsch\u00e4den der Tierversuche f\u00fcr Mensch und Gesellschaft <\/a><\/p>\n<p style=\"text-align: justify;\"><span style=\"color: #ffffff;\">.<\/span><\/p>\n<p style=\"text-align: justify;\"><strong>Es trifft nicht zu<\/strong>, dass die B\u00fcrger das skandal\u00f6se Urteil des Bundesverwaltungs-gerichts, das sich \u00fcber das\u00a0Gesetz und die Rechte der Tiere und der B\u00fcrger gestellt hat, protestlos und widerstandslos hinzunehmen haben,\u00a0 siehe zum Beispiel eine Petition der Albert Schweizer Stiftung, die zum heutigen Stand\u00a0 von\u00a0mehr als \u00a0\u00a026.000 B\u00fcrgern unterschrieben wurde: <a href=\"https:\/\/www.jocelyne-lopez.de\/blog\/2014\/02\/petition-zur-entziehung-der-zustaendigkeit-des-richters-dieter-kley-am-bundesverwaltungsgericht\/\" target=\"_blank\">Petition zur Entziehung der Zust\u00e4ndigkeit des Richters Dieter Kley am Bundesverwaltungsgericht<\/a>. Das letzte Wort ist auch gerichtlich nicht gesprochen worden.<\/p>\n<p style=\"text-align: justify;\"><span style=\"color: #ffffff;\">.<\/span><\/p>\n<p style=\"text-align: justify;\"><strong>Es trifft nicht zu<\/strong>, dass ein vern\u00fcnftiger Grund nach dem Tierschutzgesetz bei den Versuchen von Andreas Kreiter vorliegt, seine Versuche versto\u00dfen im Gegenteil in drei wesentlichen Punkten gegen das Tierschutzgesetz \u00a0\u00a7\u00a7 7 und 8:<br \/>\n<span style=\"color: #ffffff;\">.<\/span><\/p>\n<ol style=\"text-align: justify;\">\n<li>Das TierSchG schreibt vor, dass Doppel- und Wiederholungsversuche zu unterbinden sind.<br \/>\n<span style=\"color: #ffffff;\">.<br \/>\n<\/span>Andreas Kreiter f\u00fchrt schon seit ca.\u00a015 Jahren die gleichen Versuchsreihen mit Primaten durch, die schon in anderen Standorten seit mehreren Jahrzehnten auch durchgef\u00fchrt wurden oder durchgef\u00fchrt werden (Berlin, Frankfurt, Bochum, Magdeburg, M\u00fcnchen, T\u00fcbingen, G\u00f6ttingen).<br \/>\n<span style=\"color: #ffffff;\">.<\/span><br \/>\n<span style=\"color: #ffffff;\">.<\/span><\/li>\n<li>Das TierSchG verlangt den Nachweis von brauchbaren Ergebnissen der Versuche f\u00fcr die Gesundheit oder das Wohlbefinden von Menschen oder Tieren.<br \/>\n<span style=\"color: #ffffff;\">.<\/span><br \/>\nAndreas Kreiter konnte nie\u00a0brauchbare Ergebnisse dieser Versuche vorweisen, wie auch nie seit mehreren Jahrzehnten in anderen Standorten. Prof. Dr. Wolf Singer, der in Frankfurt solche Versuche seit 40 Jahren auch ergebnislos durchf\u00fchrt, gibt zum Beispiel offen zu, dass er diese gesetzliche Vorgabe nur durch Schwindeln umgehen kann,\u00a0siehe hierzu: <a href=\"https:\/\/www.jocelyne-lopez.de\/blog\/2012\/12\/tierversuche-wir-werden-belogen-auch-im-fall-andreas-kreiter-in-bremen\/\" target=\"_blank\">Tierversuche: Wir werden belogen \u2013 auch im Fall Andreas Kreiter in Bremen<\/a><br \/>\n<span style=\"color: #ffffff;\">.<\/span><br \/>\n<span style=\"color: #ffffff;\">.<\/span><\/li>\n<li>Das TierSchG schreibt die Bevorzugung von tierversuchsfreien Forschungs-methoden vor.<br \/>\n<span style=\"color: #ffffff;\">.<\/span><br \/>\nAndreas Kreiter ignoriert mit seinen antiquierten Forschungsmethoden\u00a0 den Fortschritt in der modernen tierversuchsfreien Forschung, der ausf\u00fchrlich in der internationalen Fachwelt dokumentiert wird, siehe zum Beispiel:<\/li>\n<\/ol>\n<p style=\"text-align: justify; padding-left: 60px;\">\u00c4rzte gegen Tierversuche e.V.:<\/p>\n<p style=\"padding-left: 60px;\"><a href=\"http:\/\/www.aerzte-gegen-tierversuche.de\/component\/content\/article\/52-dritte-ebene\/538\" target=\"_blank\">Hirnforschung mit Sinn und Verstand \u2013 ohne Affen<\/a><\/p>\n<p style=\"text-align: justify; padding-left: 60px;\"><a href=\"http:\/\/www.aerzte-gegen-tierversuche.de\/component\/content\/article\/20-neuigkeiten\/802%20\" target=\"_blank\">Parkinsonforschung ohne Tierleid<\/a><\/p>\n<p style=\"text-align: justify; padding-left: 60px;\">Antidote Europe:<\/p>\n<p style=\"text-align: justify; padding-left: 60px;\"><a href=\"https:\/\/www.jocelyne-lopez.de\/pdfDateien\/Andre-Menache-Rapport%20PRIMATES2_ExpeNeurologiq10_GB.pdf\" target=\"_blank\"> The replacement of non human primates in brain research <\/a><\/p>\n<p style=\"text-align: justify; padding-left: 60px;\"><span style=\"color: #ffffff;\">.<\/span><\/p>\n<p style=\"text-align: justify;\">Die Kritik der Uni Bremen wegen einer Verletzung der Menschenw\u00fcrde des Herrn Andreas Kreiter durch die Anzeige des Vereins <em>Tierversuchsgegner Bundesrepublik Deutschland e.V.<\/em> halte ich f\u00fcr eine k\u00fcnstliche Emp\u00f6rung, um das Missbrauch des Sinns der Gesetzgebung und die\u00a0Fehlleistung bei der\u00a0\u00a0Umsetzung von geltenden Gesetzen\u00a0\u00a0zum Schutz der Rechte der Tiere und der B\u00fcrger zu \u00fcberspielen.<\/p>\n<p style=\"text-align: justify;\"><span style=\"color: #ffffff;\">.<\/span><\/p>\n<p style=\"text-align: center;\"><img loading=\"lazy\" decoding=\"async\" class=\"aligncenter\" alt=\"\" src=\"https:\/\/www.jocelyne-lopez.de\/blog\/wp-content\/uploads\/2014\/04\/Bild-Anzeige-Kreiter-Tierversuchsgegner-Bundes-300x219.jpg\" width=\"300\" height=\"219\" \/><\/p>\n<h6 style=\"text-align: center;\">\u00a9 R &amp; D \/ BUAV<\/h6>\n<p><span style=\"color: #ffffff;\">.<\/span><\/p>\n<p style=\"text-align: center; padding-left: 30px;\">\u2014\u2014\u2014\u2014\u2014\u2014\u2014\u2014\u2014\u2014\u2014\u2014\u2014\u2014\u2014\u2014\u2014\u2014\u2014\u2014\u2014\u2013<\/p>\n<p style=\"text-align: center; padding-left: 30px;\"><span style=\"color: #008080;\"><strong><em>In Liebe und z\u00e4rtlichem Gedenken der vergessenen Tiere,<br \/>\nin Stehs\u00e4rgen ohne N\u00e4chte und Tage,<br \/>\nin den Forschungslaboratorien von Medizin und Wissenschaft,<br \/>\ndenn sie sind die Opfer eines endlosen, irren Verbrechens.<br \/>\n(anonym)<\/em><\/strong><\/span><\/p>\n<p style=\"text-align: center;\"><span style=\"color: #ffffff;\">.<\/span><\/p>\n<p>Siehe auch in diesem Zusammenhang:<\/p>\n<p><a href=\"https:\/\/www.jocelyne-lopez.de\/blog\/2014\/04\/wie-andreas-kreiter-eine-verletzung-seiner-menschenwuerde-konstruiert\/\" target=\"_blank\"><strong>Wie Andreas Kreiter eine Verletzung seiner Menschenw\u00fcrde konstruiert<\/strong> <\/a><\/p>\n<p><strong><a href=\"https:\/\/www.jocelyne-lopez.de\/blog\/2014\/05\/andreas-kreiter-sehen-sie-sich-diese-leute-an\/\" target=\"_blank\"><strong>Andreas Kreiter, sehen Sie sich \u201cdiese Leute\u201d an.<\/strong><\/a><\/strong><\/p>\n<p><strong><a href=\"https:\/\/www.jocelyne-lopez.de\/blog\/2014\/05\/ich-erwarte-eine-entschuldigung-von-andreas-kreiter-wegen-seiner-bezeichnung-diese-leute-gegenueber-radio-bremen\/\" target=\"_blank\"><strong>Ich erwarte eine Entschuldigung von Andreas Kreiter wegen seiner Bezeichung \u201cdiese Leute\u201d gegen\u00fcber Radio Bremen<\/strong><\/a><\/strong><\/p>\n<p><a href=\"https:\/\/www.jocelyne-lopez.de\/blog\/2014\/05\/rechtsmaessigkeit-der-affenversuche-des-andreas-kreiter-ansprache-an-die-bremer-buergerschaft\/\" target=\"_blank\" rel=\"bookmark\"><strong>Rechtsm\u00e4\u00dfigkeit der Affenversuche des Andreas Kreiter: Ansprache an die Bremer B\u00fcrgerschaft<\/strong> <\/a><\/p>\n<p><strong><a href=\"https:\/\/www.jocelyne-lopez.de\/blog\/2014\/05\/tierversuche-erschreckender-ethischer-zerfall-und-verhoehnung-der-verfassung-beispiel-tierexperimentator-wolf-singer\/\" target=\"_blank\" rel=\"bookmark\"><strong>Tierversuche: Erschreckender ethischer Zerfall und Verh\u00f6hnung der Verfassung \u2013 Beispiel Tierexperimentator Wolf Singer<\/strong><\/a><\/strong><\/p>\n<p><a href=\"https:\/\/www.jocelyne-lopez.de\/blog\/2014\/05\/wie-kam-der-beruechtigte-tierexperimentator-wolf-singer-zu-einem-bundesverdienstkreuz\/\" target=\"_blank\" rel=\"bookmark\"><strong>Wie kam der ber\u00fcchtigte Tierexperimentator Wolf Singer zu einem <\/strong> <strong>Bundesverdienstkreuz?<\/strong> <\/a><\/p>\n<p><a title=\"https:\/\/www.jocelyne-lopez.de\/blog\/2012\/12\/tierversuche-wir-werden-belogen-auch-im-fall-andreas-kreiter-in-bremen\/&lt;br \/&gt;&lt;br \/&gt;&lt;br \/&gt;&lt;br \/&gt;&lt;br \/&gt;&lt;br \/&gt;&lt;br \/&gt; STRG + Klicken, um Verkn\u00fcpfung zu folgen\" href=\"https:\/\/www.jocelyne-lopez.de\/blog\/2012\/12\/tierversuche-wir-werden-belogen-auch-im-fall-andreas-kreiter-in-bremen\/\" target=\"_blank\"><strong>Tierversuche: Wir werden belogen \u2013 auch im Fall Andreas Kreiter in Bremen<\/strong> <\/a><\/p>\n<p><a title=\"https:\/\/www.jocelyne-lopez.de\/blog\/2014\/05\/uebertragbarkeit-der-tierversuche-auf-menschen-wir-werden-belogen-auch-im-fall-andreas-kreiter\/&lt;br \/&gt;&lt;br \/&gt;&lt;br \/&gt;&lt;br \/&gt;&lt;br \/&gt;&lt;br \/&gt;&lt;br \/&gt; STRG + Klicken, um Verkn\u00fcpfung zu folgen\" href=\"https:\/\/www.jocelyne-lopez.de\/blog\/2014\/05\/uebertragbarkeit-der-tierversuche-auf-menschen-wir-werden-belogen-auch-im-fall-andreas-kreiter\/\" target=\"_blank\"><strong>\u00dcbertragbarkeit der Ergebnisse der Tierversuche auf Menschen: Wir werden belogen \u2013 auch im Fall Andreas Kreiter<\/strong> <\/a><\/p>\n<p><a href=\"https:\/\/www.jocelyne-lopez.de\/blog\/2014\/05\/ueber-eine-million-euro-steuergelder-fuer-die-affenversuche-des-andreas-kreiter\/\" target=\"_blank\" rel=\"bookmark\"><strong>\u00dcber eine Million Euro Steuergelder f\u00fcr die Affenversuche des Andreas Kreiter<\/strong> <\/a><\/p>\n<p><a href=\"https:\/\/www.jocelyne-lopez.de\/blog\/2014\/05\/andreas-kreiter-soll-seine-sinnlose-forschung-an-affen-einstellen-und-eine-moderne-tierversuchsfreie-forschung-in-bremen-aufbauen\/\" target=\"_blank\" rel=\"bookmark\"><strong>Andreas Kreiter soll seine sinnlose Forschung an Affen einstellen und eine moderne, tierversuchsfreie Forschung in Bremen aufbauen<\/strong> <\/a><\/p>\n<p><a href=\"https:\/\/www.jocelyne-lopez.de\/blog\/2014\/06\/andreas-kreiter-diese-leute-sind-die-mehrheit\/\" target=\"_blank\" rel=\"bookmark\"><strong>Andreas Kreiter, \u201cdiese Leute\u201d sind die Mehrheit!<\/strong> <\/a><\/p>\n<p><strong><a href=\"https:\/\/www.jocelyne-lopez.de\/blog\/2014\/06\/beschwerde-an-den-landtag-nrw-wegen-ablehnung-der-petition-gegen-die-primatenversuche-von-lanuv-nrw-in-bochum\/\" target=\"_blank\" rel=\"bookmark\">Beschwerde an den Landtag NRW wegen Ablehnung der Petition gegen die Primatenversuche von LANUV NRW in Bochum <\/a><\/strong><\/p>\n<p><a href=\"https:\/\/www.jocelyne-lopez.de\/blog\/2014\/06\/tierversuche-als-scharlatanerie-und-abzockesytem\/\" target=\"_blank\" rel=\"bookmark\"><strong>Tierversuche als Scharlatanerie und Abzockesytem<\/strong> <\/a><\/p>\n<p><a href=\"https:\/\/www.jocelyne-lopez.de\/blog\/2014\/07\/beschwerde-an-die-ministerpraesidentin-hannelore-kraft-wegen-missachtung-von-gesetzen-im-land-nrw\/\" target=\"_blank\">Beschwerde an die Ministerpr\u00e4sidentin Hannelore Kraft wegen Missachtung von Gesetzen im Land NRW<\/a><\/p>\n<p><span style=\"color: #ffffff;\">.<\/span><\/p>\n","protected":false},"excerpt":{"rendered":"<p>Ich verweise auf die\u00a0 Kritik des Bremer Universit\u00e4ts-Rektors Bernd Scholz-Reiter nach der Ver\u00f6ffentlichung einer ganzseitigen Anzeige des Vereins Tierversuchsgegner Bundesrepublik Deutschland e.V. als Protest gegen die Fortf\u00fchrung der Primatenversuche von Andreas Kreiter, die er in\u00a0der Webseite der Universit\u00e4t Bremen\u00a0ver\u00f6ffentlicht hat und die inzwischen\u00a0von diversen Medien aufgegriffen wurde,\u00a0 wie zum Beispiel: \u201cTierqu\u00e4ler\u201d-Anzeige: Uni wirft FAZ &amp; [&hellip;]<\/p>\n","protected":false},"author":3,"featured_media":0,"comment_status":"closed","ping_status":"open","sticky":false,"template":"","format":"standard","meta":{"om_disable_all_campaigns":false,"_monsterinsights_skip_tracking":false,"_monsterinsights_sitenote_active":false,"_monsterinsights_sitenote_note":"","_monsterinsights_sitenote_category":0,"ngg_post_thumbnail":0,"footnotes":""},"categories":[9],"tags":[285,830,1085,977,473,978,1084,1029,844,270,831,8,7,1334,185],"class_list":["post-5846","post","type-post","status-publish","format-standard","hentry","category-tierversuche-abschaffen","tag-arzte-gegen-tierversuche","tag-affenversuche","tag-alexander-becker","tag-andre-menache","tag-andreas-kreiter","tag-antidote-europe","tag-bernd-scholz-reiter","tag-dieter-kley","tag-hirnforschung","tag-jocelyne-lopez","tag-primatenversuche","tag-tierrechte","tag-tierschutz","tag-tierversuche-abschaffen","tag-wolf-singer"],"aioseo_notices":[],"_links":{"self":[{"href":"https:\/\/www.jocelyne-lopez.de\/blog\/wp-json\/wp\/v2\/posts\/5846"}],"collection":[{"href":"https:\/\/www.jocelyne-lopez.de\/blog\/wp-json\/wp\/v2\/posts"}],"about":[{"href":"https:\/\/www.jocelyne-lopez.de\/blog\/wp-json\/wp\/v2\/types\/post"}],"author":[{"embeddable":true,"href":"https:\/\/www.jocelyne-lopez.de\/blog\/wp-json\/wp\/v2\/users\/3"}],"replies":[{"embeddable":true,"href":"https:\/\/www.jocelyne-lopez.de\/blog\/wp-json\/wp\/v2\/comments?post=5846"}],"version-history":[{"count":0,"href":"https:\/\/www.jocelyne-lopez.de\/blog\/wp-json\/wp\/v2\/posts\/5846\/revisions"}],"wp:attachment":[{"href":"https:\/\/www.jocelyne-lopez.de\/blog\/wp-json\/wp\/v2\/media?parent=5846"}],"wp:term":[{"taxonomy":"category","embeddable":true,"href":"https:\/\/www.jocelyne-lopez.de\/blog\/wp-json\/wp\/v2\/categories?post=5846"},{"taxonomy":"post_tag","embeddable":true,"href":"https:\/\/www.jocelyne-lopez.de\/blog\/wp-json\/wp\/v2\/tags?post=5846"}],"curies":[{"name":"wp","href":"https:\/\/api.w.org\/{rel}","templated":true}]}}