{"id":5827,"date":"2014-04-16T09:18:21","date_gmt":"2014-04-16T08:18:21","guid":{"rendered":"https:\/\/www.jocelyne-lopez.de\/blog\/?p=5827"},"modified":"2014-10-20T13:31:58","modified_gmt":"2014-10-20T12:31:58","slug":"primatenversuche-in-bremen-andreas-kreiter-macht-eiskalt-weiter","status":"publish","type":"post","link":"https:\/\/www.jocelyne-lopez.de\/blog\/2014\/04\/primatenversuche-in-bremen-andreas-kreiter-macht-eiskalt-weiter\/","title":{"rendered":"Primatenversuche in Bremen: Andreas Kreiter macht eiskalt weiter"},"content":{"rendered":"<p>Ich erhielt zur Ver\u00f6ffentlichung folgende Presse-Erkl\u00e4rung der bundesweiten Organisation <a href=\"http:\/\/www.tierversuchsgegner.de\/\" target=\"_blank\">TIERVERSUCHSGEGNER BUNDESREPUBLIK DEUTSCHLAND e.V<\/a>.:<\/p>\n<p><span style=\"color: #ffffff;\">.<\/span><\/p>\n<p><span style=\"color: #ffffff;\">.<\/span><\/p>\n<p style=\"text-align: justify; padding-left: 30px;\"><b><span style=\"text-decoration: underline;\">PRESSE-ERKL\u00c4RUNG &#8211; 16.04.2014<\/span><\/b><\/p>\n<p style=\"text-align: justify; padding-left: 30px;\"><b>KREITER macht eiskalt weiter<\/b><\/p>\n<p style=\"text-align: justify; padding-left: 30px;\">BERLIN &#8211; Mit einer neuen Anzeigen-Kampagne prangert die bundesweite Organisation TIERVERSUCHSGEGNER BUNDESREPUBLIK DEUTSCHLAND e.V. den Tierexperimentator Andreas Kreiter an, der seit 1998 Affenversuche an der Universit\u00e4t Bremen durchf\u00fchrt. Dabei kritisiert der Verband die Entscheidung des Oberverwaltungsgerichtes vom 11. Dezember 2012 aufs Sch\u00e4rfste, wonach Kreiter seine Experimente erstmal weiter machen darf. Die Bremer Gesundheitsbeh\u00f6rde hatte ihm zuvor die Genehmigung verweigert, weil sie die Versuche wegen der schweren Belastungen f\u00fcr die betroffenen Tiere f\u00fcr ethisch nicht vertretbar hielt. Dagegen hatte Kreiter Klage erhoben.<\/p>\n<p style=\"text-align: justify; padding-left: 30px;\">In der ganzseitigen Anzeige mit dem Titel <i>&#8222;KREITER macht eiskalt weiter&#8220;<\/i>, die am 16. April 2014 u.a. in der FAZ, in der ZEIT, im TAGESSPIEGEL und im WESER-KURIER \/ Bremer Nachrichten erscheint, wird geschildert, wie die Rhesusaffen in der Abt. Neurobiologie von Kreiter f\u00fcr die Versuche vorbereitet werden: Zuerst w\u00fcrde den Makaken der Sch\u00e4del aufgefr\u00e4st, F\u00fchrungsrohre f\u00fcr die Elektroden angelegt sowie eine Haltevorrichtung im Kopf einzementiert, an der die Tiere in einem sog. Primatenstuhl befestigt werden k\u00f6nnten. Auf diese Weise fixiert m\u00fcssten die Affen stundenlang auf Monitore starren und bestimmte Tasten dr\u00fccken, w\u00e4hrend ihre Hirnstr\u00f6me gemessen w\u00fcrden.<\/p>\n<p style=\"text-align: justify; padding-left: 30px;\">Abgesehen von der enormen Tierqu\u00e4lerei, die mit solchen Versuchen verbunden sei, lehnen die Tierversuchsgegner die Experimenten auch wegen der mangelnden \u00dcber-tragbarkeit auf den Menschen ab. Die Versuche seien zwecklos, weil sich die Daten und Befunde der Hirnstrommessungen diagnostisch und therapeutisch nicht auf menschliche Erkrankungen wie Epilepsie, Parkinson, Alzheimer oder Schizophrenie anwenden lie\u00dfen. Au\u00dfer leeren Versprechungen sei bei den jahrelangen Experimenten nichts herausgekommen. Sie dienten Kreiter lediglich zur Profilierung in einschl\u00e4gigen Fachkreisen.<\/p>\n<p style=\"text-align: justify; padding-left: 30px;\">In der Anzeige fordert der 5.000 Mitglieder starke Verband den Rektor der Universit\u00e4t Bremen, Prof. Dr. Bernd Scholz-Reiter, auf, <i>&#8222;sich von den mittelalterlichen Foltermethoden in Form von qu\u00e4lerischen und inad\u00e4quaten Tierexperimenten zu verabschieden und stattdessen einer innovativen und echten Wissenschaft an seiner Hochschule eine Chance zu geben&#8220;<\/i>.<\/p>\n<p style=\"text-align: center;\"><strong>Die Anzeige:<\/strong><\/p>\n<h3 style=\"text-align: center;\"><a href=\"https:\/\/www.jocelyne-lopez.de\/pdfDateien\/AZ-Kreiter-A3-cmyk-low.pdf\" target=\"_blank\">Kreiter macht eiskalt weiter<\/a><\/h3>\n<p>&nbsp;<\/p>\n<p style=\"text-align: center;\"><a href=\"https:\/\/www.jocelyne-lopez.de\/blog\/wp-content\/uploads\/2014\/04\/Bild-Anzeige-Kreiter-Tierversuchsgegner-Bundes.jpg\"><img loading=\"lazy\" decoding=\"async\" class=\"aligncenter\" src=\"https:\/\/www.jocelyne-lopez.de\/blog\/wp-content\/uploads\/2014\/04\/Bild-Anzeige-Kreiter-Tierversuchsgegner-Bundes-300x219.jpg\" alt=\"Bild-Anzeige-Kreiter-Tierversuchsgegner Bundes\" width=\"300\" height=\"219\" \/><\/a><\/p>\n<h6 style=\"text-align: center;\">\u00a9 R &amp; D \/ BUAV<\/h6>\n<p><span style=\"color: #ffffff;\">.<\/span><\/p>\n<p><strong><span style=\"color: #ff0000;\"><span style=\"text-decoration: underline;\">NACHTRAG<\/span>:<\/span><\/strong><\/p>\n<p><strong><span style=\"color: #ff0000;\">Siehe meine Stellungnahmen zu der\u00a0 Kritik wegen dieser Anzeige:<\/span><\/strong><\/p>\n<p><a href=\"https:\/\/www.jocelyne-lopez.de\/blog\/2014\/04\/anzeige-kreiter-macht-eiskalt-weiter-unberechtigte-kritik-der-uni-bremen\/\" target=\"_blank\" rel=\"bookmark\"><strong>Anzeige \u201eKreiter macht eiskalt weiter\u201c: Unberechtigte Kritik der Uni Bremen<\/strong><\/a><\/p>\n<p><span style=\"color: #ffffff;\">.<\/span><\/p>\n<p>sowie in diesem Gesamtkontext:<\/p>\n<p>&nbsp;<\/p>\n<p><a href=\"https:\/\/www.jocelyne-lopez.de\/blog\/2014\/04\/wie-andreas-kreiter-eine-verletzung-seiner-menschenwuerde-konstruiert\/\" target=\"_blank\">Wie Andreas Kreiter eine Verletzung seiner Menschenw\u00fcrde konstruiert <\/a><\/p>\n<p><a href=\"https:\/\/www.jocelyne-lopez.de\/blog\/2014\/05\/andreas-kreiter-sehen-sie-sich-diese-leute-an\/\" target=\"_blank\">Andreas Kreiter, sehen Sie sich \u201cdiese Leute\u201d an.<\/a><\/p>\n<p><a href=\"https:\/\/www.jocelyne-lopez.de\/blog\/2014\/06\/andreas-kreiter-diese-leute-sind-die-mehrheit\/\" target=\"_blank\" rel=\"bookmark\">Andreas Kreiter, \u201cdiese Leute\u201d sind die Mehrheit! <\/a><\/p>\n<p><a href=\"https:\/\/www.jocelyne-lopez.de\/blog\/2014\/05\/ich-erwarte-eine-entschuldigung-von-andreas-kreiter-wegen-seiner-bezeichnung-diese-leute-gegenueber-radio-bremen\/\" target=\"_blank\">Ich erwarte eine Entschuldigung von Andreas Kreiter wegen seiner<br \/>\nBezeichung \u201cdiese Leute\u201d gegen\u00fcber Radio Bremen<\/a><\/p>\n<p><a href=\"https:\/\/www.jocelyne-lopez.de\/blog\/2014\/05\/rechtsmaessigkeit-der-affenversuche-des-andreas-kreiter-ansprache-an-die-bremer-buergerschaft\/\" target=\"_blank\" rel=\"bookmark\">Rechtsm\u00e4\u00dfigkeit der Affenversuche des Andreas Kreiter: Ansprache an die Bremer B\u00fcrgerschaft <\/a><\/p>\n<p><a href=\"https:\/\/www.jocelyne-lopez.de\/blog\/2014\/05\/ueber-eine-million-euro-steuergelder-fuer-die-affenversuche-des-andreas-kreiter\/\" target=\"_blank\" rel=\"bookmark\">\u00dcber eine Million Euro Steuergelder f\u00fcr die Affenversuche des Andreas Kreiter <\/a><\/p>\n<p><a href=\"https:\/\/www.jocelyne-lopez.de\/blog\/2014\/06\/tierversuche-des-wolf-singer-was-fuer-einen-nutzen-seit-40-jahren\/\" target=\"_blank\">Tierversuche des Wolf Singer: Was f\u00fcr einen Nutzen seit 40 Jahren? <\/a><\/p>\n<p><a href=\"https:\/\/www.jocelyne-lopez.de\/blog\/2014\/06\/die-tierversuche-des-wolf-singer-wie-krank-ist-das-forschungssystem\/\" target=\"_blank\">Die Tierversuche des Wolf Singer: Wie krank ist das Forschungssystem?<\/a><\/p>\n<p><a href=\"https:\/\/www.jocelyne-lopez.de\/blog\/2014\/05\/wie-kam-der-beruechtigte-tierexperimentator-wolf-singer-zu-einem-bundesverdienstkreuz\/\" target=\"_blank\">Wie kam der ber\u00fcchtigte Tierexperimentator Wolf Singer zu einem Bundesverdienstkreuz?<\/a><\/p>\n<p><a href=\"https:\/\/www.jocelyne-lopez.de\/blog\/2014\/06\/tierversuche-des-wolf-singer-wie-viel-wird-geschwindelt-und-betrogen\/\" target=\"_blank\">Tierversuche des Wolf Singer: Wie viel wird \u201c<em>geschwindelt<\/em>\u201d und \u201c<em>betrogen<\/em>\u201d?<\/a><\/p>\n<p style=\"text-align: left;\"><a href=\"https:\/\/www.jocelyne-lopez.de\/blog\/2014\/10\/wie-korrupt-ist-das-forschungssytem-mit-tierversuchen-im-land-hessen\/\" target=\"_blank\">Tierversuche des Wolf Singer: Wie korrupt ist das Forschungssystem mit Tierversuchen im Land Hessen? <\/a><\/p>\n<p><a href=\"https:\/\/www.jocelyne-lopez.de\/blog\/2014\/10\/wie-weit-reichen-die-bedeutsamen-verbindungen-des-wolf-singer-wofuer-er-ein-bundesverdienstkreuz-verpasst-bekommen-hat\/\" target=\"_blank\">Wie weit reichen die bedeutsamen Verbindungen des Wolf Singer, wof\u00fcr er ein Bundesverdienstkreuz verpasst bekommen hat? <\/a><\/p>\n<p><a href=\"https:\/\/www.jocelyne-lopez.de\/blog\/2014\/06\/wolf-singer-andreas-kreiter-co-die-tierexperimentatoren-beluegen-uns-dass-sich-die-balken-biegen\/\" target=\"_blank\">Wolf Singer, Andreas Kreiter &amp; Co: Die Tierexperimentatoren bel\u00fcgen uns, dass sich die Balken biegen!<\/a><\/p>\n<p><a title=\"https:\/\/www.jocelyne-lopez.de\/blog\/2014\/05\/uebertragbarkeit-der-tierversuche-auf-menschen-wir-werden-belogen-auch-im-fall-andreas-kreiter\/&lt;br \/&gt;&lt;br \/&gt;&lt;br \/&gt;&lt;br \/&gt;&lt;br \/&gt;&lt;br \/&gt;&lt;br \/&gt; STRG + Klicken, um Verkn\u00fcpfung zu folgen\" href=\"https:\/\/www.jocelyne-lopez.de\/blog\/2014\/05\/uebertragbarkeit-der-tierversuche-auf-menschen-wir-werden-belogen-auch-im-fall-andreas-kreiter\/\" target=\"_blank\">\u00dcbertragbarkeit der Ergebnisse der Tierversuche auf Menschen: Wir werden belogen \u2013 auch im Fall Andreas Kreiter<\/a><\/p>\n<p><a href=\"https:\/\/www.jocelyne-lopez.de\/blog\/2014\/05\/tierversuche-erschreckender-ethischer-zerfall-und-verhoehnung-der-verfassung-beispiel-tierexperimentator-wolf-singer\/\" target=\"_blank\">Tierversuche: Erschreckender ethischer Zerfall und Verh\u00f6hnung der Verfassung \u2013 Beispiel Tierexperimentator Wolf Singer <\/a><\/p>\n<p><a href=\"https:\/\/www.jocelyne-lopez.de\/blog\/2014\/10\/primatenversuche-in-tuebingen-den-praesidenten-der-behoerde-regierungspraesidium-tuebingen-zum-kadi-schicken\/\" target=\"_blank\">Primatenversuche in T\u00fcbingen: Den Pr\u00e4sidenten der Beh\u00f6rde Regierungspr\u00e4sidium T\u00fcbingen zum Kadi schicken!<\/a><\/p>\n<p><a href=\"https:\/\/www.jocelyne-lopez.de\/blog\/%20https:\/\/www.jocelyne-lopez.de\/blog\/2014\/09\/primatenversuche-in-tuebingen-demonstration-des-entsetzens-und-der-wut\/\" target=\"_blank\">Primatenversuche in T\u00fcbingen: Demonstration des Entsetzens und der Wut!<\/a><\/p>\n<p style=\"text-align: justify;\"><a href=\"https:\/\/www.jocelyne-lopez.de\/blog\/2014\/09\/proteste-gegen-primatenversuche-in-tuebingen-nur-die-spitze-des-eisberges\/\" target=\"_blank\">Proteste gegen Primatenversuche in T\u00fcbingen: Nur die Spitze des Eisberges! <\/a><\/p>\n<p style=\"text-align: left;\"><a href=\"https:\/\/www.jocelyne-lopez.de\/blog\/2014\/09\/primatenversuche-in-tuebingen-und-in-bochum-der-verrat-der-partei-die-gruenen\/\" target=\"_blank\">Primatenversuche in T\u00fcbingen und in Bochum: Der Verrat der Partei DIE GR\u00dcNEN <\/a><\/p>\n<p style=\"text-align: left;\"><a href=\"https:\/\/www.jocelyne-lopez.de\/blog\/2014\/10\/tierversuche-sind-eine-unannehmbare-verletzung-der-grundrechte-der-buerger\/\" target=\"_blank\">Tierversuche sind eine unannehmbare Verletzung der Grundrechte der B\u00fcrger <\/a><\/p>\n<p style=\"text-align: left;\"><a href=\"https:\/\/www.jocelyne-lopez.de\/blog\/2014\/10\/petition-zur-entziehung-der-zustaendigkeit-des-richters-dieter-kley-die-verfassung-wurde-zur-farce\/\" target=\"_blank\">Petition zur Entziehung der Zust\u00e4ndigkeit des Richters Dieter Kley: Die Verfassung wurde zur Farce! <\/a><\/p>\n<p style=\"text-align: left;\"><a href=\"https:\/\/www.jocelyne-lopez.de\/blog\/2014\/10\/der-gruene-umweltminister-alexander-bonde-verweigert-jegliche-auskuenfte-ueber-die-affenversuche-in-tuebingen\/\" target=\"_blank\">Der gr\u00fcne Umweltminister Alexander Bonde verweigert jegliche Ausk\u00fcnfte \u00fcber die Affenversuche in T\u00fcbingen <\/a><\/p>\n<p style=\"text-align: left;\"><a href=\"https:\/\/www.jocelyne-lopez.de\/blog\/2014\/10\/primatenversuche-in-tuebingen-beschwerde-an-ministerpraesident-winfried-kretschmann-ueber-umweltminister-alexander-bonde-wegen-missachtung-von-buergerrechten\/\" target=\"_blank\">Primatenversuche in T\u00fcbingen: Beschwerde an Ministerpr\u00e4sident Winfried Kretschmann \u00fcber Umweltminister Alexander Bonde wegen Missachtung von B\u00fcrgerrechten <\/a><\/p>\n<p style=\"text-align: left;\"><a href=\"https:\/\/www.jocelyne-lopez.de\/blog\/2014\/07\/das-land-nrw-ist-kein-rechtsstaat-fallbeispiel-der-tierversuche-an-der-uni-bochum\/\" target=\"_blank\">Das Land NRW ist kein Rechtsstaat: Fallbeispiel der Tierversuche an der Uni Bochum <\/a><\/p>\n<p><a href=\"https:\/\/www.jocelyne-lopez.de\/blog\/2014\/08\/ministerpraesidentin-hannelore-kraft-muss-die-frage-klaeren-ob-das-land-nordrhein-westfalen-ein-rechtsstaat-oder-ein-totalitaerer-staat-ist-2\/\" target=\"_blank\">Ministerpr\u00e4sidentin Hannelore Kraft muss die Frage kl\u00e4ren, ob das Land Nordrhein Westfalen ein Rechtsstaat oder ein totalit\u00e4rer Staat ist<\/a><\/p>\n<p><a href=\"https:\/\/www.jocelyne-lopez.de\/blog\/2014\/07\/beschwerde-an-die-ministerpraesidentin-hannelore-kraft-wegen-missachtung-von-gesetzen-im-land-nrw\" target=\"_blank\">B<\/a><a href=\"https:\/\/www.jocelyne-lopez.de\/blog\/2014\/07\/beschwerde-an-die-ministerpraesidentin-hannelore-kraft-wegen-missachtung-von-gesetzen-im-land-nrw\" target=\"_blank\">eschwerde an die Ministerpr\u00e4sidentin Hannelore Kraft wegen Missachtung von Gesetzen im Land NRW<\/a><\/p>\n<p><a href=\"http:\/\/www.abgeordnetenwatch.de\/frage-928-49950--f424798.html\" target=\"_blank\">Frage an Hannelore Kraft im Abgeordneten-Watch \u2013 Demokratie und B\u00fcrgerrechte<\/a><\/p>\n<p style=\"text-align: left;\"><a href=\"https:\/\/www.jocelyne-lopez.de\/blog\/2014\/05\/umweltminister-johannes-remmel-opfert-50-makaken-fuer-2-fussballtore\/\" target=\"_blank\">Umweltminister Johannes Remmel opfert 50 Makaken f\u00fcr 2 Fu\u00dfballtore <\/a><\/p>\n<p><a href=\"https:\/\/www.jocelyne-lopez.de\/blog\/2014\/08\/strafanzeige-gegen-lanuv-nrw-wegen-primatenversuchen-an-der-uni-bochum\/\" target=\"_blank\">Strafanzeige gegen LANUV NRW wegen Primatenversuchen an der Uni Bochum<\/a><\/p>\n<p><a href=\"https:\/\/www.jocelyne-lopez.de\/blog\/2014\/08\/strafanzeige-gegen-lanuv-nrw-wegen-affenlabor-covance-in-muenster\/\" target=\"_blank\">Strafanzeige gegen LANUV NRW wegen Affenlabor COVANCE<\/a><\/p>\n<p><a href=\"https:\/\/www.jocelyne-lopez.de\/blog\/2014\/08\/hat-lanuv-nrw-die-tierhaltung-im-affenlabor-covance-blind-genehmigt\/\" target=\"_blank\">Hat LANUV NRW die Tierhaltung im Affenlabor COVANCE blind genehmigt?<\/a><\/p>\n<p><a href=\"https:\/\/www.jocelyne-lopez.de\/blog\/2014\/09\/der-totalitaere-staat-nrw-der-hannelore-kraft-hat-wieder-zugeschlagen\/\" target=\"_blank\">Der totalit\u00e4re Staat NRW der Hannelore Kraft hat wieder zugeschlagen <\/a><\/p>\n<p><a href=\"https:\/\/www.jocelyne-lopez.de\/blog\/2014\/09\/im-land-nrw-werden-die-rechte-der-buerger-missachtet-klageerzwingungsverfahren-gegen-die-behoerde-lanuv-nrw\" target=\"_blank\">I<\/a><a href=\"https:\/\/www.jocelyne-lopez.de\/blog\/2014\/09\/im-land-nrw-werden-die-rechte-der-buerger-missachtet-klageerzwingungsverfahren-gegen-die-behoerde-lanuv-nrw\" target=\"_blank\">m Land NRW werden die Rechte der B\u00fcrger missachtet: Klageerzwingungsverfahren gegen die Beh\u00f6rde LANUV NRW <\/a><\/p>\n<p><a href=\"https:\/\/www.jocelyne-lopez.de\/blog\/2014\/10\/ergebnis-von-22-jahren-hirnforschung-mit-primaten-zwei-fussballtore\/\" target=\"_blank\">Ergebnis von 22 Jahren Hirnforschung mit Primaten: Zwei Fu\u00dfballtore!<\/a><\/p>\n<p><a href=\"https:\/\/www.jocelyne-lopez.de\/blog\/2014\/08\/in-gedenken-an-den-tierschuetzer-und-tierrechtler-gerhard-oesterreich\/\" target=\"_blank\">In Gedenken an den Tiersch\u00fctzer und Tierrechtler Gerhard Oesterreich<\/a><span style=\"color: #ffffff;\">.<\/span><\/p>\n","protected":false},"excerpt":{"rendered":"<p>Ich erhielt zur Ver\u00f6ffentlichung folgende Presse-Erkl\u00e4rung der bundesweiten Organisation TIERVERSUCHSGEGNER BUNDESREPUBLIK DEUTSCHLAND e.V.: . . PRESSE-ERKL\u00c4RUNG &#8211; 16.04.2014 KREITER macht eiskalt weiter BERLIN &#8211; Mit einer neuen Anzeigen-Kampagne prangert die bundesweite Organisation TIERVERSUCHSGEGNER BUNDESREPUBLIK DEUTSCHLAND e.V. den Tierexperimentator Andreas Kreiter an, der seit 1998 Affenversuche an der Universit\u00e4t Bremen durchf\u00fchrt. Dabei kritisiert der Verband die [&hellip;]<\/p>\n","protected":false},"author":3,"featured_media":0,"comment_status":"closed","ping_status":"open","sticky":false,"template":"","format":"standard","meta":{"om_disable_all_campaigns":false,"_monsterinsights_skip_tracking":false,"_monsterinsights_sitenote_active":false,"_monsterinsights_sitenote_note":"","_monsterinsights_sitenote_category":0,"ngg_post_thumbnail":0,"footnotes":""},"categories":[9],"tags":[830,820,473,822,814,311,1029,1149,1185,1182,1010,270,924,869,754,791,831,1147,1064,797,1186,8,7,1334,1155,927,185],"class_list":["post-5827","post","type-post","status-publish","format-standard","hentry","category-tierversuche-abschaffen","tag-affenversuche","tag-alexander-bonde","tag-andreas-kreiter","tag-boris-palmer","tag-christian-wulff","tag-covance","tag-dieter-kley","tag-hannelore-kraft","tag-hermann-strampfer","tag-informationsfreiheitgesetz","tag-informationsfreiheitsgesetz","tag-jocelyne-lopez","tag-johannes-remmel","tag-lanuv-nrw","tag-max-planck-institut-fur-hirnforschung","tag-michael-boddenberg","tag-primatenversuche","tag-priska-hinz","tag-prof-dr-bernd-scholz-reiter","tag-regierungsprasidium-darmstadt","tag-regierungspraesidium-tuebingen","tag-tierrechte","tag-tierschutz","tag-tierversuche-abschaffen","tag-volker-bouffier","tag-winfried-kretschmann","tag-wolf-singer"],"aioseo_notices":[],"_links":{"self":[{"href":"https:\/\/www.jocelyne-lopez.de\/blog\/wp-json\/wp\/v2\/posts\/5827"}],"collection":[{"href":"https:\/\/www.jocelyne-lopez.de\/blog\/wp-json\/wp\/v2\/posts"}],"about":[{"href":"https:\/\/www.jocelyne-lopez.de\/blog\/wp-json\/wp\/v2\/types\/post"}],"author":[{"embeddable":true,"href":"https:\/\/www.jocelyne-lopez.de\/blog\/wp-json\/wp\/v2\/users\/3"}],"replies":[{"embeddable":true,"href":"https:\/\/www.jocelyne-lopez.de\/blog\/wp-json\/wp\/v2\/comments?post=5827"}],"version-history":[{"count":0,"href":"https:\/\/www.jocelyne-lopez.de\/blog\/wp-json\/wp\/v2\/posts\/5827\/revisions"}],"wp:attachment":[{"href":"https:\/\/www.jocelyne-lopez.de\/blog\/wp-json\/wp\/v2\/media?parent=5827"}],"wp:term":[{"taxonomy":"category","embeddable":true,"href":"https:\/\/www.jocelyne-lopez.de\/blog\/wp-json\/wp\/v2\/categories?post=5827"},{"taxonomy":"post_tag","embeddable":true,"href":"https:\/\/www.jocelyne-lopez.de\/blog\/wp-json\/wp\/v2\/tags?post=5827"}],"curies":[{"name":"wp","href":"https:\/\/api.w.org\/{rel}","templated":true}]}}