{"id":5823,"date":"2014-04-10T10:16:21","date_gmt":"2014-04-10T09:16:21","guid":{"rendered":"https:\/\/www.jocelyne-lopez.de\/blog\/?p=5823"},"modified":"2014-05-22T07:36:22","modified_gmt":"2014-05-22T06:36:22","slug":"einstein-war-unfaehig-zu-erkennen-was-ruht-und-was-sich-bewegt","status":"publish","type":"post","link":"https:\/\/www.jocelyne-lopez.de\/blog\/2014\/04\/einstein-war-unfaehig-zu-erkennen-was-ruht-und-was-sich-bewegt\/","title":{"rendered":"Einstein war unf\u00e4hig zu erkennen, was ruht und was sich bewegt"},"content":{"rendered":"<p><img loading=\"lazy\" decoding=\"async\" class=\"alignleft\" alt=\"\" src=\"http:\/\/kritik-relativitaetstheorie.de\/wp-content\/uploads\/2011\/07\/LogoEinsteinbunt9.jpg\" width=\"130\" height=\"175\" \/><\/p>\n<p style=\"text-align: justify;\">Ich verweise weiter auf eine sehr ausgiebige Diskussion im Blog Kritische Stimmen zur Relativit\u00e4tstheorie&#8220; und gebe zwei Beitr\u00e4ge von mir wieder, die ersichtlich machen, dass Einstein unf\u00e4hig war zu erkennen, ob ein Beobachter ruht oder sich bewegt:<\/p>\n<p style=\"text-align: justify;\"><a href=\"http:\/\/www.kritik-relativitaetstheorie.de\/2014\/02\/vermutung-eines-einsteinsfehlers\/#comment-5268\" target=\"_blank\">08.04.2014 &#8211; Zitat von Jocelyne Lopez:<\/a><\/p>\n<p style=\"text-align: justify;\">Wenn man n\u00e4mlich von der <i>\u201eGeschwindigkeit\u201c<\/i> eines Objekts spricht, wird implizit vorausgesetzt, dass es sich um seine Geschwindigkeit relativ zur Erdoberfl\u00e4che handelt, falls man nicht extra etwas Anderes sagt. Wenn ich z.B. sage, <i>\u201cein Auto f\u00e4hrt mit 70 km\/h\u201c<\/i> oder <i>\u201cein Zug f\u00e4hrt mit 200 km\/h\u201c<\/i>, brauche ich nicht extra zu sagen <i>\u201erelativ zur Erdoberfl\u00e4che\u201c<\/i>, jeder versteht\u00a0 es implizit ohne dass es gesagt werden muss \u2013 auch deswegen, weil die \u00fcberwiegend Mehrheit der Geschwindigkeiten, die wir messen, auf der Erde gemessen werden, da wir auf der Erdoberfl\u00e4che leben, stehen oder uns bewegen. Auch die Lichtgeschwindigkeit c wurde relativ zur Erdoberfl\u00e4che gemessen und muss als solche implizit verstanden werden.<\/p>\n<p style=\"text-align: justify;\">Wenn ich aber von der Relativgeschwindigkeit zwischen zwei Objekten sprechen m\u00f6chte, muss ich es zwingend explizit sagen, sonst wird es nicht verstanden. Ich muss zum Beispiel explizit sagen, <i>\u201cein Auto f\u00e4hrt mit 70 km\/h relativ zu einem anderen Auto\u201c<\/i> oder <i>\u201cein Zug f\u00e4hrt mit 200 km\/h relativ zu einem anderen Zug\u201c<\/i> oder relativ zu einem anderen ruhenden oder bewegten Objekt. Das muss explizit gesagt werden.<\/p>\n<p style=\"text-align: justify;\">Um Missverst\u00e4ndnisse zwischen <i>\u201eGeschwindigkeit\u201c<\/i> und <i>\u201eRelativgeschwindigkeit\u201c<\/i> zu vermeiden ist eben die Bezeichnung <i>\u201eEigengeschwindigkeit\u201c<\/i> eher kl\u00e4rend und veranschaulichend, um die Geschwindigkeit eines Objekts relativ zur Erdoberfl\u00e4che zu bezeichnen.<\/p>\n<p style=\"text-align: justify;\">Um die Kurve zur Kritik der Relativit\u00e4tstheorie hier zu bekommen, kann man sagen, dass Einstein die Existenz einer Eigengeschwindigkeit v eines Beobachters relativ zum Licht kategorisch negiert, im Vergleich zu Galilei\/Newton. F\u00fcr Einstein existiert keine Beobachter mit einer Eigengeschwindigkeit v.<\/p>\n<p style=\"text-align: justify;\">W\u00e4hrend also die Geschwindigkeitsaddition c +\/- v f\u00fcr Galilei\/Newton immer gelten muss,\u00a0 negiert Einstein, dass man die Eigengeschwindigkeit v eines Beobachters, der sich von einem Photon oder von einer Wellenfront n\u00e4hert oder entfernt, zur Eigengeschwindigkeit c des Lichts addieren oder subtrahieren darf. Die Relativgeschwindigkeit zwischen einem Lichtstrahl und einem bewegten Beobachter betr\u00e4gt f\u00fcr Einstein unver\u00e4ndert c , egal mit welcher Eigengeschwindigkeit die Beobachter sich auf das Licht zubewegen oder vom Licht wegbewegen. F\u00fcr Einstein gilt mathematisch einfach formuliert die Formel c+v=c.<\/p>\n<p style=\"text-align: justify;\"><span style=\"color: #ffffff;\">.<\/span><\/p>\n<p style=\"text-align: justify;\"><a href=\"http:\/\/www.kritik-relativitaetstheorie.de\/2014\/02\/vermutung-eines-einsteinsfehlers\/#comment-5272\" target=\"_blank\">09.04.2014 &#8211; Zitat von Jocelyne Lopez:<\/a><\/p>\n<p style=\"text-align: justify;\">Ich bleibe bei meinem Begriff \u201eEigengeschwindigkeit\u201c, um die Geschwindigkeit eines Objekts zum impliziten Bezug zur Erdoberfl\u00e4che zu bezeichnen, weil es sehr wichtig ist, um diesen Bezug nicht zu vergessen oder zu verwechseln, wie Einstein und die Relativisten es tun. Der Begriff \u201eEigengeschwindigkeit\u201c eines Objekts oder eines Beobachters ist \u00fcbrigens nicht nur kl\u00e4rend, sondern auch in der Physik gebr\u00e4uchlich:\u00a0 <a href=\"http:\/\/de.wikipedia.org\/wiki\/Eigengeschwindigkeit\" target=\"_blank\" rel=\"nofollow\">Wikipedia \u2013 Eigengeschwindigkeit<\/a>: <i>\u201cDie Eigengeschwindigkeit ist die Geschwindigkeit von einem selbst oder die Geschwindigkeit des Fahrzeugs, in dem man sich befindet, gegen\u00fcber einem Bezugsobjekt (zum Beispiel Land, Luft, Wasser).\u201c<\/i><\/p>\n<p style=\"text-align: justify;\">Einstein schwamm gewaltig bei der Vorstellung was ruht oder was sich bewegt. Deshalb setze er immer vorsichtshalber das Wort <i>\u201eruht\u201c<\/i> in Anf\u00fchrungszeichen, damit hatte er f\u00fcr sich selbst das Problem los&#8230;\u00a0\u00a0\u00a0 Siehe G.O. Mueller:<\/p>\n<p style=\"text-align: justify; padding-left: 30px;\"><a href=\"http:\/\/www.kritik-relativitaetstheorie.de\/2012\/07\/albert-einstein-fuhrt-ein-angeblich-ruhendes-system-ein-ohne-anzugeben-in-bezug-worauf-dieses-system-ruht\/\" target=\"_blank\" rel=\"nofollow\">Albert Einstein f\u00fchrt ein angeblich \u201cruhendes System\u201d ein ohne anzugeben, in Bezug worauf dieses System \u201cruht\u201d<\/a><\/p>\n<p style=\"text-align: justify; padding-left: 30px;\">oder<\/p>\n<p style=\"text-align: justify; padding-left: 30px;\"><a href=\"http:\/\/www.kritik-relativitaetstheorie.de\/2012\/11\/in-den-darstellungen-der-relativistik-wimmelt-es-von-anfuhrungszeichen-begriffen\/\" target=\"_blank\" rel=\"nofollow\">In den Darstellungen der Relativistik wimmelt es von Anf\u00fchrungszeichen-Begriffen\u201c<\/a><\/p>\n<p style=\"text-align: justify;\">Das Problem kommt also dadurch, dass Einstein bei der Relativgeschwindigkeit zwischen einem bewegten Objekt (das Licht, mit Eigengeschwindigkeit c relativ zur Erdoberfl\u00e4che) und einem Beobachter, der Beobachter relativ zur Erdoberfl\u00e4che immer ruht (also die Eigengeschwindigkeit v=0 hat). Der Fall, dass ein Beobachter eine Eigengeschwindigkeit v&gt;0 haben kann, hat er kurzerhand und stillschweigend abgeschafft. Praktisch. Damit erreicht er auch mathematisch immer, dass c=c, weil eine Addition der Eigengeschwindigkeit des Lichts c mit der Eigengeschwindigkeit des Beobachters v=0 immer c ergibt, logisch.<\/p>\n<p style=\"text-align: justify;\">Wenn man durch Algebra die Geschwindigkeitsaddition Einsteins umformt (Einstein sagte auch, dass Abitur reicht, um die Mathematik seiner Theorie nachvollziehen zu k\u00f6nnen und dass man sie durch einfache Algebra herleiten kann), stellt man fest, dass die Eigengeschwindigkeit v des Beobachters rausgek\u00fcrzt wird und dass bei dieser Addition immer mit v=0 gerechnet wird, also dass physikalisch nur der Fall eines ruhenden Beobachters des Lichts behandelt wird.<\/p>\n<p style=\"text-align: justify;\">Nachstehend die algebraische Umformung der Geschwindigkeitsaddition Einsteins, die ersichtlich macht, dass der Beobachter f\u00fcr Einstein immer ruht und dadurch immer c rauskommt (die Umformung ist nicht von mir, sondern von einem Mathematikkenner in einem Forum), siehe <a href=\"http:\/\/www.kritik-relativitaetstheorie.de\/2012\/06\/die-relativistische-geschwindigkeitsaddition-als-mogelpackung\/\" target=\"_blank\" rel=\"nofollow\">Die relativistische Geschwindigkeitsaddition als Mogelpackung<\/a>:<\/p>\n<p>c+v =(c+v)\/(1+c*v\/c\u00b2)<br \/>\n1=1\/ (1+c*v\/c\u00b2)<br \/>\n1+c*v\/c\u00b2 =1<br \/>\nc*v\/c\u00b2=0<br \/>\nv=0<\/p>\n<p>und<\/p>\n<p>(c + v) \/ (1 + c*v\/c\u00b2) = c<br \/>\nc(c+v)\/c(1 + c*v\/c\u00b2) = c<br \/>\nc(c+v)\/(c + v) = c<br \/>\nc = c<br \/>\n<span style=\"color: #ffffff;\">.<\/span><\/p>\n<h6><em><a href=\"https:\/\/www.jocelyne-lopez.de\" target=\"_blank\">\u00a9 Bild Copyright Jocelyne Lopez 2011<\/a><\/em><\/h6>\n","protected":false},"excerpt":{"rendered":"<p>Ich verweise weiter auf eine sehr ausgiebige Diskussion im Blog Kritische Stimmen zur Relativit\u00e4tstheorie&#8220; und gebe zwei Beitr\u00e4ge von mir wieder, die ersichtlich machen, dass Einstein unf\u00e4hig war zu erkennen, ob ein Beobachter ruht oder sich bewegt: 08.04.2014 &#8211; Zitat von Jocelyne Lopez: Wenn man n\u00e4mlich von der \u201eGeschwindigkeit\u201c eines Objekts spricht, wird implizit vorausgesetzt, [&hellip;]<\/p>\n","protected":false},"author":3,"featured_media":0,"comment_status":"closed","ping_status":"open","sticky":false,"template":"","format":"standard","meta":{"om_disable_all_campaigns":false,"_monsterinsights_skip_tracking":false,"_monsterinsights_sitenote_active":false,"_monsterinsights_sitenote_note":"","_monsterinsights_sitenote_category":0,"ngg_post_thumbnail":0,"footnotes":""},"categories":[13],"tags":[33,1335,16,270,4],"class_list":["post-5823","post","type-post","status-publish","format-standard","hentry","category-kritik-der-relativitatstheorie","tag-ekkehard-friebe","tag-go-mueller","tag-gom-projekt","tag-jocelyne-lopez","tag-kritik"],"aioseo_notices":[],"_links":{"self":[{"href":"https:\/\/www.jocelyne-lopez.de\/blog\/wp-json\/wp\/v2\/posts\/5823"}],"collection":[{"href":"https:\/\/www.jocelyne-lopez.de\/blog\/wp-json\/wp\/v2\/posts"}],"about":[{"href":"https:\/\/www.jocelyne-lopez.de\/blog\/wp-json\/wp\/v2\/types\/post"}],"author":[{"embeddable":true,"href":"https:\/\/www.jocelyne-lopez.de\/blog\/wp-json\/wp\/v2\/users\/3"}],"replies":[{"embeddable":true,"href":"https:\/\/www.jocelyne-lopez.de\/blog\/wp-json\/wp\/v2\/comments?post=5823"}],"version-history":[{"count":0,"href":"https:\/\/www.jocelyne-lopez.de\/blog\/wp-json\/wp\/v2\/posts\/5823\/revisions"}],"wp:attachment":[{"href":"https:\/\/www.jocelyne-lopez.de\/blog\/wp-json\/wp\/v2\/media?parent=5823"}],"wp:term":[{"taxonomy":"category","embeddable":true,"href":"https:\/\/www.jocelyne-lopez.de\/blog\/wp-json\/wp\/v2\/categories?post=5823"},{"taxonomy":"post_tag","embeddable":true,"href":"https:\/\/www.jocelyne-lopez.de\/blog\/wp-json\/wp\/v2\/tags?post=5823"}],"curies":[{"name":"wp","href":"https:\/\/api.w.org\/{rel}","templated":true}]}}