{"id":5805,"date":"2014-03-21T07:25:25","date_gmt":"2014-03-21T06:25:25","guid":{"rendered":"https:\/\/www.jocelyne-lopez.de\/blog\/?p=5805"},"modified":"2014-06-26T07:46:34","modified_gmt":"2014-06-26T06:46:34","slug":"urteil-26-k-22713-des-verwaltungsgerichts-duesseldorf-antwort-des-landesbeauftragten-fuer-datenschutz-und-informationsfreiheit","status":"publish","type":"post","link":"https:\/\/www.jocelyne-lopez.de\/blog\/2014\/03\/urteil-26-k-22713-des-verwaltungsgerichts-duesseldorf-antwort-des-landesbeauftragten-fuer-datenschutz-und-informationsfreiheit\/","title":{"rendered":"Urteil 26 K 227\/13 des Verwaltungsgerichts D\u00fcsseldorf: Antwort des Landesbeauftragten f\u00fcr Datenschutz und Informationsfreiheit"},"content":{"rendered":"<p style=\"text-align: justify;\"><img loading=\"lazy\" decoding=\"async\" class=\"alignleft size-full wp-image-1831\" title=\"\u00a9 Bild Norbert Fenske Photographically http:\/\/www.photografically.de\/\" alt=\"\" src=\"http:\/\/www.kritik-relativitaetstheorie.de\/wp-content\/uploads\/2014\/01\/Bild-Justiz.jpg\" width=\"98\" height=\"169\" \/><\/p>\n<p style=\"text-align: justify;\">Ich verweise auf meinen Beitrag vom 21.02.2014<\/p>\n<p style=\"text-align: left;\"><a href=\"https:\/\/www.jocelyne-lopez.de\/blog\/2014\/02\/das-verwaltungsgericht-duesseldorf-hebelt-das-informationsfreiheitsgesetz-aus\/\" target=\"_blank\" rel=\"bookmark\">Verwaltungsgericht D\u00fcsseldorf hebelt das<br \/>\nInformationsfreiheitsgesetz aus <\/a><\/p>\n<p style=\"text-align: justify;\">\u00fcber das \u00e4u\u00dferst befremdliches Urteil vom 07.02.2014, und komme insbesondere auf meinen dortigen Hinweis zur\u00fcck:<\/p>\n<p style=\"text-align: justify;\"><span style=\"color: #ffffff;\">.<\/span><\/p>\n<p style=\"text-align: justify;\"><span style=\"color: #ffffff;\">.<\/span><\/p>\n<p style=\"text-align: justify;\"><em>&#8222;Wir haben ernstliche\u00a0Zweifel an die Richtigkeit dieses Urteils und w\u00fcrden gerne in die Berufung gehen, jedoch erlauben uns unsere finanziellen Verh\u00e4ltnisse nicht, die hohen Kosten eines Berufungsverfahrens privat zu tragen, weder einzeln noch gemeinsam: Nach ersten Erkundigungen w\u00fcrden Kosten von mehreren Tausenden Euro auf uns zukommen: eigene Rechtsanwaltkosten und im Falle einer erneuten Klageabweisung Prozesskosten sowie Rechtsanwaltskosten und Auslagen der Beh\u00f6rde. Das ist f\u00fcr uns unrealistisch, zumal wir mit einer externen finanziellen Unterst\u00fctzung aus dem Bereich des gesellschaftlichen Tierschutzengagements nicht rechnen k\u00f6nnen: Alle anderen aktiv engagierten Tiersch\u00fctzer bzw. Tierschutzvereine sind auch ehrenamtlich t\u00e4tig und finanzieren die Kosten\u00a0 f\u00fcr ihre eigenen Aktionen privat oder durch Spenden, es gibt viel zu tun zum Schutz der Tiere, Geld fehlt an allen Ecken und Kanten.<\/em><\/p>\n<p style=\"text-align: justify;\"><em>Wir haben jedoch <a href=\"https:\/\/www.ldi.nrw.de\/mainmenu_Ueberuns\/index.php\" target=\"_blank\">den Landesbeauftragten f\u00fcr Datenschutz und Informationsfreiheit im Land NRW<\/a> \u00fcber diesen Sachverhalt informiert und um Mitteilung gebeten, welche M\u00f6glichkeiten au\u00dfer dem f\u00fcr uns nicht bezahlbaren Berufungsverfahren bestehen, um die Richtigkeit dieses Urteils nachpr\u00fcfen zu lassen.&#8220;<br \/>\n<span style=\"color: #ffffff;\">.<\/span><\/em><\/p>\n<p style=\"text-align: justify;\">Ich erhielt am 14.03.2014 eine Antwort des Landesbeauftragten f\u00fcr Datenschutz und Informationsfreiheit im Land NRW, der mir nach Pr\u00fcfung des Sachverhaltes folgendes mitteilt:<\/p>\n<p style=\"text-align: justify;\">Einzig eine Berufung\u00a0h\u00e4tte eine Pr\u00fcfung des gerichtlichen Urteils bewirken k\u00f6nnen, der Landesbeauftragte kann hier nicht t\u00e4tig werden, wir h\u00e4tten vor der Klage den LDI NRW einschalten m\u00fcssen:<\/p>\n<p style=\"text-align: justify; padding-left: 30px;\"><strong>Zitat LDI NRW 14.03.2014:<\/strong><\/p>\n<p style=\"text-align: justify; padding-left: 30px;\">[&#8230;] &#8222;<em>die \u00dcberpr\u00fcfung eines verwaltungsgerichtlichen Urteils steht ihm nicht zu, da der LDI NRW keine Superrevisionsinstanz ist.<\/em><\/p>\n<p style=\"text-align: justify; padding-left: 30px;\"><em>Ferner m\u00f6chte ich Ihnen mitteilen, dass der Landesbeauftragte f\u00fcr Datenschutz und Informationsfreiheit als Beauftragter f\u00fcr das Recht auf Information gem\u00e4\u00df \u00a7 13 Abs. 1 IFG NRW weder Rechtsmittel- noch Beschwerdeinstanz im Antragsverfahren ist. Ich kann nur mit den Befugnissen nach \u00a7 13 Abs. 2 Satz 2 IFG NRW i. V. m. \u00a7 22 Datenschutzgesetz Nordrhein-Westfalen (DSG NRW) die Angelegenheit \u00fcberpr\u00fcfen, bin aber nicht befugt,\u00a0 \u00f6ffentliche Stellen zur Offenbarung begehrter Informationen anzuweisen. Die &#8211; gegebenenfalls verwaltungsgerichtliche &#8211; Durchsetzung des Anspruchs nach \u00a7 4 Abs. 1 IFG NRW obliegt daher den Informationssuchenden selbst.\u00a0<\/em><\/p>\n<p style=\"text-align: justify; padding-left: 30px;\"><em>Ich empfehle Ihnen daher, sich bei zuk\u00fcnftig \u00e4hnlich gelagerten F\u00e4llen, nach Erteilung des Geb\u00fchrenbescheides vor Klageerhebung an den LDI NRW zu wenden<\/em>.&#8220; [&#8230;]<\/p>\n<p style=\"text-align: justify; padding-left: 30px;\"><strong>Zitatende<\/strong><\/p>\n<p style=\"text-align: justify; padding-left: 30px;\"><span style=\"color: #ffffff;\">.<\/span><\/p>\n<p style=\"text-align: justify;\">&#8212;&#8212;&#8212;&#8212;&#8212;&#8212;&#8212;&#8212;&#8212;&#8212;&#8212;<br \/>\nSiehe auch:<\/p>\n<p style=\"text-align: justify;\"><a href=\"https:\/\/www.jocelyne-lopez.de\/blog\/2014\/03\/verwaltungsgericht-duesseldorf-oder-wie-schnell-man-das-informationsfreiheitsgesetz-aushebeln-kann\/\" target=\"_blank\" rel=\"bookmark\">Verwaltungsgericht D\u00fcsseldorf oder wie schnell man das Informationsfreiheitsgesetz aushebeln kann <\/a><\/p>\n<p style=\"text-align: justify;\"><a href=\"https:\/\/www.jocelyne-lopez.de\/blog\/2014\/06\/buergeranfrage-an-lanuv-nrw-wegen-affenlabor-covance-und-gebuehrenerhebung\/\" target=\"_blank\">B\u00fcrgeranfrage an LANUV NRW wegen Affenlabor COVANCE und Geb\u00fchrenerhebung<\/a><\/p>\n<p style=\"text-align: justify;\"><span style=\"color: #ffffff;\">.<\/span><\/p>\n<h6><em>\u00a9 Bild <a href=\"http:\/\/www.photografically.de\/\" target=\"_blank\">Norbert Fenske \u2013 Photografically<\/a><\/em><\/h6>\n<p style=\"text-align: justify;\">\n","protected":false},"excerpt":{"rendered":"<p>Ich verweise auf meinen Beitrag vom 21.02.2014 Verwaltungsgericht D\u00fcsseldorf hebelt das Informationsfreiheitsgesetz aus \u00fcber das \u00e4u\u00dferst befremdliches Urteil vom 07.02.2014, und komme insbesondere auf meinen dortigen Hinweis zur\u00fcck: . . &#8222;Wir haben ernstliche\u00a0Zweifel an die Richtigkeit dieses Urteils und w\u00fcrden gerne in die Berufung gehen, jedoch erlauben uns unsere finanziellen Verh\u00e4ltnisse nicht, die hohen Kosten [&hellip;]<\/p>\n","protected":false},"author":3,"featured_media":0,"comment_status":"closed","ping_status":"open","sticky":false,"template":"","format":"standard","meta":{"om_disable_all_campaigns":false,"_monsterinsights_skip_tracking":false,"_monsterinsights_sitenote_active":false,"_monsterinsights_sitenote_note":"","_monsterinsights_sitenote_category":0,"ngg_post_thumbnail":0,"footnotes":""},"categories":[9],"tags":[1048,830,311,844,1022,1010,270,1050,869,1051,831,885,894,8,7,1334,1026],"class_list":["post-5805","post","type-post","status-publish","format-standard","hentry","category-tierversuche-abschaffen","tag-26-k-227713","tag-affenversuche","tag-covance","tag-hirnforschung","tag-ifg","tag-informationsfreiheitsgesetz","tag-jocelyne-lopez","tag-landesbeauftragter-fuer-datenschutz-und-informationsfreiheit-im-land-nrw","tag-lanuv-nrw","tag-ldi-nrw","tag-primatenversuche","tag-rub","tag-ruhruniversitat-bochum","tag-tierrechte","tag-tierschutz","tag-tierversuche-abschaffen","tag-verwaltungsgericht-duesseldorf"],"aioseo_notices":[],"_links":{"self":[{"href":"https:\/\/www.jocelyne-lopez.de\/blog\/wp-json\/wp\/v2\/posts\/5805"}],"collection":[{"href":"https:\/\/www.jocelyne-lopez.de\/blog\/wp-json\/wp\/v2\/posts"}],"about":[{"href":"https:\/\/www.jocelyne-lopez.de\/blog\/wp-json\/wp\/v2\/types\/post"}],"author":[{"embeddable":true,"href":"https:\/\/www.jocelyne-lopez.de\/blog\/wp-json\/wp\/v2\/users\/3"}],"replies":[{"embeddable":true,"href":"https:\/\/www.jocelyne-lopez.de\/blog\/wp-json\/wp\/v2\/comments?post=5805"}],"version-history":[{"count":0,"href":"https:\/\/www.jocelyne-lopez.de\/blog\/wp-json\/wp\/v2\/posts\/5805\/revisions"}],"wp:attachment":[{"href":"https:\/\/www.jocelyne-lopez.de\/blog\/wp-json\/wp\/v2\/media?parent=5805"}],"wp:term":[{"taxonomy":"category","embeddable":true,"href":"https:\/\/www.jocelyne-lopez.de\/blog\/wp-json\/wp\/v2\/categories?post=5805"},{"taxonomy":"post_tag","embeddable":true,"href":"https:\/\/www.jocelyne-lopez.de\/blog\/wp-json\/wp\/v2\/tags?post=5805"}],"curies":[{"name":"wp","href":"https:\/\/api.w.org\/{rel}","templated":true}]}}