{"id":5803,"date":"2014-03-20T08:15:27","date_gmt":"2014-03-20T07:15:27","guid":{"rendered":"https:\/\/www.jocelyne-lopez.de\/blog\/?p=5803"},"modified":"2014-03-20T14:08:23","modified_gmt":"2014-03-20T13:08:23","slug":"albert-einstein-als-strohmann-ferdinand-lindemann-als-wahrer-autor-der-relativitaetstheorie","status":"publish","type":"post","link":"https:\/\/www.jocelyne-lopez.de\/blog\/2014\/03\/albert-einstein-als-strohmann-ferdinand-lindemann-als-wahrer-autor-der-relativitaetstheorie\/","title":{"rendered":"Albert Einstein als Strohmann: Ferdinand Lindemann als wahrer Autor der Relativit\u00e4tstheorie"},"content":{"rendered":"<p><img loading=\"lazy\" decoding=\"async\" class=\"alignleft\" alt=\"\" src=\"http:\/\/kritik-relativitaetstheorie.de\/wp-content\/uploads\/2011\/07\/LogoEinsteinbunt9.jpg\" width=\"130\" height=\"175\" \/><\/p>\n<p style=\"text-align: justify;\">Ich verweise auf meinen gestrigen Blog-Eintrag <a href=\"https:\/\/www.jocelyne-lopez.de\/blog\/2014\/03\/albert-einstein-ist-womoeglich-nicht-der-wahre-autor-der-relativitaetstheorie\/\" target=\"_blank\" rel=\"bookmark\">Albert Einstein ist wom\u00f6glich nicht der wahre Autor der Relativit\u00e4tstheorie<\/a> als Antwort an eine Teilnehmerin in einer Diskussion im Blog <em>Kritische Stimmen zur Relativit\u00e4tstheorie<\/em>, die sich f\u00fcr die historischen Umst\u00e4nde der Entstehung der Speziellen Relativit\u00e4tstheorie 1905 interessiert. Die These \u201eFerdinand Lindemann als wahrer Autor der Relativit\u00e4tstheorie\u201c von Peter R\u00f6sch habe ich dort weitergedacht:<\/p>\n<p style=\"text-align: justify;\"><span style=\"color: #ffffff;\">.<\/span><\/p>\n<p style=\"text-align: justify;\"><a href=\"http:\/\/www.kritik-relativitaetstheorie.de\/2014\/02\/vermutung-eines-einsteinsfehlers\/#comment-5034\" target=\"_blank\">19.03.14 &#8211; Beitrag Nr. 366 &#8211; Zitat von Jocelyne Lopez<\/a>:<\/p>\n<p style=\"text-align: justify;\">Je l\u00e4nger ich mich in den letzten Jahren fachlich mit der Speziellen Relativit\u00e4tstheorie besch\u00e4ftigte, desto plausibel schien mir die These von Peter R\u00f6sch zu sein: Es ist unm\u00f6glich, dass dieses physikalische Monstrum vor der Ver\u00f6ffentlichung seri\u00f6s gepr\u00fcft wurde, absolut unm\u00f6glich! Diese Theorie kann nur durch Intrigen ver\u00f6ffentlicht worden sein, anders ist es nicht zu erkl\u00e4ren, sie h\u00e4tte keiner seri\u00f6sen wissenschaftlichen Pr\u00fcfung standhalten k\u00f6nnen, nie und niemals.<\/p>\n<p style=\"text-align: justify;\">Dass der Mathematiker Ferdinand Lindemann \u00fcber Einstein als Strohmann ein Plagiat der \u00c4ther-Relativit\u00e4tstheorie des renommierten franz\u00f6sischen Mathematikers und Physikers Henri Poincar\u00e9, die er gerade \u00fcbersetzt hatte, der Zeitschrift \u201eAnnalen der Physik\u201c unterjubeln wollte, ist nicht abwegig, es gibt zum Beispiel um die Relativit\u00e4tstheorie andere bekannten Plagiate, das haben manche auch damals nicht so eng gesehen\u2026<\/p>\n<p style=\"text-align: justify;\">Es k\u00f6nnte sein, dass Lindemann dabei nicht gemerkt h\u00e4tte, dass das Plagiat wegen der Annahme eines \u00c4thers durch Poincar\u00e9 ohne Annahme eines \u00c4thers zu einem v\u00f6lligen physikalischen Bl\u00f6dsinn verwandelt wurde: Mathematiker interessieren sich meistens nicht f\u00fcr die Physik, Hauptsache die Formel stimmen, und fertig.<\/p>\n<p style=\"text-align: justify;\">Es k\u00f6nnte auch sein, dass Lindemann sehr wohl dessen bewu\u00dft war, dass das Plagiat ohne \u00c4ther zu einem v\u00f6lligen Unsinn wurde, dass er jedoch damit Max Planck als Herausgeber der Zeitschrift \u201eAnnalen der Physik\u201c einen auswischen wollte: die beiden konnten sich wegen gegenseitigen weltanschaulichen Vorstellungen nicht ab (Max Planck war streng Protestant, Lindemann streng Atheist).<\/p>\n<p style=\"text-align: justify;\">Hier bringe ich noch zwei Zitate, die f\u00fcr die Spezielle Relativit\u00e4tstheorie wie die Faust aufs Auge passen:<\/p>\n<p style=\"text-align: justify; padding-left: 30px;\"><i>\u201eWas eigentlich Physik ist, kann nur historisch verstanden werden\u201c. <\/i><br \/>\n(Max Jammer, ein Wissenschaftsfreund Einsteins)<\/p>\n<p style=\"text-align: justify; padding-left: 30px;\"><i>\u201eDie Wissenschaft, sie ist und bleibt, was einer ab vom andern schreibt\u201c <\/i><br \/>\n(Eugen Roth)<\/p>\n<p style=\"text-align: justify; padding-left: 30px;\"><span style=\"color: #ffffff;\">.<\/span><\/p>\n<p><span style=\"color: #ffffff;\">.<\/span><\/p>\n<p style=\"text-align: justify;\"><a href=\"http:\/\/www.kritik-relativitaetstheorie.de\/2014\/02\/vermutung-eines-einsteinsfehlers\/#comment-5039\" target=\"_blank\">20.03.14 &#8211; Beitrag Nr. 368 &#8211; Zitat von Jocelyne Lopez:<\/a><\/p>\n<p style=\"text-align: justify;\">Es ist anzunehmen, dass Ferdinand Lindemann wusste, dass das Plagiat der \u00c4ther-Relativit\u00e4tstheorie von Henri Poincar\u00e9 ohne \u00c4ther einen v\u00f6lligen Bl\u00f6dsinn ergab, und dass er bewu\u00dft Max Planck als Herausgeber der renommierten Zeitschrift \u201eAnnalen der Physik\u201c ein Fake unterjubeln wollte.<\/p>\n<p style=\"text-align: justify;\">Wahrscheinlich hat er sich schon auf die Blamage f\u00fcr Max Planck gefreut, wenn die ganze Welt merkt, dass er einen Bl\u00f6dsinn in seiner Zeitschrift ver\u00f6ffentlicht hat, noch dazu als Plagiat eines angesehenen franz\u00f6sischen Wissenschaftlers \u2013 besonders peinlich bei den damaligen politischen Verh\u00e4ltnissen.<\/p>\n<p style=\"text-align: justify;\">Die Auswahl eines Strohmanns m\u00fcsste aber eine wichtige Voraussetzung erf\u00fcllen: Der Ausgew\u00e4hlte m\u00fcsste sich noch keine Reputation in der Physik gemacht und nichts zu verlieren haben, wenn Kritik aus der internationalen wissenschaftlichen Gemeinde hagelt, was nat\u00fcrlich zu erwarten war. Die Auswahl von Albert Einstein erf\u00fcllte diese Voraussetzung: Er hatte noch nichts ver\u00f6ffentlicht, war ein 26-j\u00e4hriger v\u00f6llig unbekannter Patentsamtangestellter, zu verlieren hatte er nichts. Au\u00dferdem wurde er von seinen Lehrern w\u00e4hrend der Ausbildung als mittelm\u00e4\u00dfig begabten Sch\u00fcler und als ziemlich faul beurteilt. Es war also anzunehmen, dass er erst einmal nicht durchschauen w\u00fcrde, was f\u00fcr einen Bl\u00f6dsinn dieser Artikel enthielt. Er hatte noch dazu eine Besonderheit, die Ferdinand Lindemann als esoterisch gepr\u00e4gter Mathematiker besonders gefallen haben m\u00fcsste: Einstein wurde am 14.3. geboren, also die \u201emagische\u201c Zahl Pi \u2013 Lindemann hatte schon vorher irgendetwas Wesentliches \u00fcber die Zahl Pi entdeckt und ver\u00f6ffentlicht, das ihm zu Ber\u00fchmtheit in mathematischen Kreisen verholfen hatte.<\/p>\n<p style=\"text-align: justify;\">Ob die Gegebenheit, dass Albert Einstein Jude war eine Rolle bei seiner Auswahl als Strohmann gespielt hat, dar\u00fcber kann nur spekuliert werden \u2013 Antisemitismus war auch zu dieser Zeit latent.<\/p>\n<p style=\"text-align: justify;\">Wie zu erwarten war, hagelte es ganz schnell mit Kritik der \u201eRelativit\u00e4tstheorie Einsteins\u201c aus der internationalen Physik-Gemeinde: Die ersten kritischen Ver\u00f6ffentlichungen, die von G.O. Mueller dokumentiert werden, datieren schon von 1909, erst einmal verst\u00e4ndlicherweise aus dem deutschsprachigen Raum.<\/p>\n<p style=\"text-align: justify;\">Max Planck hat aber anders reagiert, als Lindemann sich es wohl vorgestellt hat: Anstatt sich vor der internationalen Wissenschaftsgemeinde der Blamage zu stellen, hat er die Flucht nach vorne gew\u00e4hlt: Er hat Einstein bedingungslos gesch\u00fctzt, durch seine gro\u00dfe Einflussnahme jegliche Kritik autorit\u00e4r unterdr\u00fcckt und die Kritiker aus der Physikgemeinde durch massive Propaganda ausgeschlossen, siehe zum Beispiel: <a href=\"http:\/\/www.kritik-relativitaetstheorie.de\/2011\/09\/max-planck-und-der-verrat-an-der-wissenschaft\/\" target=\"_blank\" rel=\"nofollow\"> Max Planck und der Verrat an der Wissenschaft<\/a>.<\/p>\n<p style=\"text-align: justify;\">Auch ist es anzunehmen, dass Max Planck zynisch den Umstand dabei ausgenutzt hat, dass Einstein Jude war, um die Kritik zu unterdr\u00fccken und zu diskreditieren: Sehr schnell wurde die Propaganda gezielt dahin ausgerichtet, dass die Kritiker aus antisemitischen Gr\u00fcnden Einstein kritisierten. Dies ist historisch belegt auch ein Betrug: Es hagelte ganz schnell Kritik auch von j\u00fcdischen Wissenschaftlern, siehe zum Beispiel: <a href=\"http:\/\/www.kritik-relativitaetstheorie.de\/2013\/11\/relativitaetstheorie-geschichtsfaelschung-mit-der-angeblich-antisemitisch-motivierten-kritik\/\" target=\"_blank\" rel=\"nofollow\">Relativit\u00e4tstheorie: Geschichtsf\u00e4lschung mit der angeblich antisemitisch motivierten Kritik<\/a>.<\/p>\n<p style=\"text-align: justify;\">Egal wie dieses \u201e<em>Ding<\/em>\u201c \u2013 wie der Nobelpreistr\u00e4ger und Kritiker der Relativit\u00e4tstheorie Albert Abraham Michelson die Theorie Einsteins genannt hat \u2013 historisch zustande gekommen ist, ist es ein wissenschaftlicher und gesellschaftlicher Betrug.<\/p>\n<p style=\"text-align: justify;\">Nicht von ungef\u00e4hr wurde \u00f6fter in Kritikerkreisen ein Parallel zu dem M\u00e4rchen von Christian Andersen gezogen: <a href=\"https:\/\/www.jocelyne-lopez.de\/maenner\/maerchenhaftes.html\" target=\"_blank\" rel=\"nofollow\">Des Kaisers neue Kleider<\/a>.<\/p>\n<p style=\"text-align: justify;\"><span style=\"color: #ffffff;\">.<\/span><\/p>\n<h6><em><a href=\"https:\/\/www.jocelyne-lopez.de\" target=\"_blank\">\u00a9 Bild Copyright Jocelyne Lopez 2011<\/a><\/em><\/h6>\n","protected":false},"excerpt":{"rendered":"<p>Ich verweise auf meinen gestrigen Blog-Eintrag Albert Einstein ist wom\u00f6glich nicht der wahre Autor der Relativit\u00e4tstheorie als Antwort an eine Teilnehmerin in einer Diskussion im Blog Kritische Stimmen zur Relativit\u00e4tstheorie, die sich f\u00fcr die historischen Umst\u00e4nde der Entstehung der Speziellen Relativit\u00e4tstheorie 1905 interessiert. Die These \u201eFerdinand Lindemann als wahrer Autor der Relativit\u00e4tstheorie\u201c von Peter R\u00f6sch [&hellip;]<\/p>\n","protected":false},"author":3,"featured_media":0,"comment_status":"closed","ping_status":"open","sticky":false,"template":"","format":"standard","meta":{"om_disable_all_campaigns":false,"_monsterinsights_skip_tracking":false,"_monsterinsights_sitenote_active":false,"_monsterinsights_sitenote_note":"","_monsterinsights_sitenote_category":0,"ngg_post_thumbnail":0,"footnotes":""},"categories":[13],"tags":[33,1049,1335,16,270,4,181],"class_list":["post-5803","post","type-post","status-publish","format-standard","hentry","category-kritik-der-relativitatstheorie","tag-ekkehard-friebe","tag-ferdinand-lindemann","tag-go-mueller","tag-gom-projekt","tag-jocelyne-lopez","tag-kritik","tag-peter-roesch"],"aioseo_notices":[],"_links":{"self":[{"href":"https:\/\/www.jocelyne-lopez.de\/blog\/wp-json\/wp\/v2\/posts\/5803"}],"collection":[{"href":"https:\/\/www.jocelyne-lopez.de\/blog\/wp-json\/wp\/v2\/posts"}],"about":[{"href":"https:\/\/www.jocelyne-lopez.de\/blog\/wp-json\/wp\/v2\/types\/post"}],"author":[{"embeddable":true,"href":"https:\/\/www.jocelyne-lopez.de\/blog\/wp-json\/wp\/v2\/users\/3"}],"replies":[{"embeddable":true,"href":"https:\/\/www.jocelyne-lopez.de\/blog\/wp-json\/wp\/v2\/comments?post=5803"}],"version-history":[{"count":0,"href":"https:\/\/www.jocelyne-lopez.de\/blog\/wp-json\/wp\/v2\/posts\/5803\/revisions"}],"wp:attachment":[{"href":"https:\/\/www.jocelyne-lopez.de\/blog\/wp-json\/wp\/v2\/media?parent=5803"}],"wp:term":[{"taxonomy":"category","embeddable":true,"href":"https:\/\/www.jocelyne-lopez.de\/blog\/wp-json\/wp\/v2\/categories?post=5803"},{"taxonomy":"post_tag","embeddable":true,"href":"https:\/\/www.jocelyne-lopez.de\/blog\/wp-json\/wp\/v2\/tags?post=5803"}],"curies":[{"name":"wp","href":"https:\/\/api.w.org\/{rel}","templated":true}]}}