{"id":5801,"date":"2014-03-19T07:48:25","date_gmt":"2014-03-19T06:48:25","guid":{"rendered":"https:\/\/www.jocelyne-lopez.de\/blog\/?p=5801"},"modified":"2014-03-19T11:17:16","modified_gmt":"2014-03-19T10:17:16","slug":"albert-einstein-ist-womoeglich-nicht-der-wahre-autor-der-relativitaetstheorie","status":"publish","type":"post","link":"https:\/\/www.jocelyne-lopez.de\/blog\/2014\/03\/albert-einstein-ist-womoeglich-nicht-der-wahre-autor-der-relativitaetstheorie\/","title":{"rendered":"Albert Einstein ist wom\u00f6glich nicht der wahre Autor der Relativit\u00e4tstheorie"},"content":{"rendered":"<dl class=\"clearfix fotol\" style=\"text-align: justify; width: 170px;\">\n<dt><img loading=\"lazy\" decoding=\"async\" class=\"alignleft  wp-image-1831\" title=\"\" alt=\"\u00a9 Bild Jocelyne Lopez 2011\" src=\"http:\/\/kritik-relativitaetstheorie.de\/wp-content\/uploads\/2011\/07\/LogoEinsteinbunt9.jpg\" width=\"135\" height=\"171\" \/><\/dt>\n<\/dl>\n<p style=\"text-align: justify;\">Ich verweise auf meinen Beitrag vom 18.03.2014 in einer Diskussion im Blog <em>Kritische Stimmen zur Relativit\u00e4tstheorie<\/em> als Antwort an eine Teilnehmerin, die sich f\u00fcr die historischen Umst\u00e4nde der Entstehung der Speziellen Relativit\u00e4tstheorie 1905 interessiert:<\/p>\n<p style=\"text-align: justify;\"><span style=\"color: #ffffff;\">.<\/span><\/p>\n<p style=\"text-align: justify;\"><span style=\"color: #ffffff;\">.<\/span><\/p>\n<p style=\"text-align: justify;\"><span style=\"color: #ffffff;\">.<\/span><\/p>\n<p style=\"text-align: justify;\"><span style=\"color: #ffffff;\">.<\/span><\/p>\n<p style=\"text-align: justify;\"><a href=\"http:\/\/www.kritik-relativitaetstheorie.de\/2011\/12\/alle-beobachter-sollen-dieselbe-lichtgeschwindigkeit-messen\/#comment-4949\" target=\"_blank\" rel=\"nofollow\">15.03.14 &#8211; Zitat von Kate: <\/a><\/p>\n<p style=\"text-align: justify;\">Hallo Herr R\u00f6sch,<\/p>\n<p style=\"text-align: justify;\">hei\u00dft das deifinitiv, dass Ferdinand Lindemann f\u00fcr das Zustandekommen der Relativit\u00e4tstheorie verantwortlich ist? Wie passierte das genau haben sie einen entsprechenden Link f\u00fcr mich, wo ich mich n\u00e4her informieren kann.<\/p>\n<p style=\"text-align: justify;\"><span style=\"color: #ffffff;\">.<\/span><\/p>\n<p style=\"text-align: justify;\"><a href=\"http:\/\/www.kritik-relativitaetstheorie.de\/2014\/02\/vermutung-eines-einsteinsfehlers\/#comment-5023\" target=\"_blank\">18.03.14 &#8211; Zitat von Jocelyne Lopez<\/a>:<\/p>\n<p style=\"text-align: justify;\">Die These von Peter R\u00f6sch, dass nicht Einstein, sondern der Mathematiker Ferdinand Lindemann der wahre Autor der Theorie <i>\u201eZur Elektrodynamik bewegter K\u00f6rper\u201c<\/i> aus dem Jahre 1905 sei, haben wir hier in diesem Blog an verschiedenen Stellen vorgestellt:<\/p>\n<p style=\"padding-left: 30px; text-align: justify;\">Sein Buch <a href=\"http:\/\/www.kritik-relativitaetstheorie.de\/2012\/11\/ich-war-einstein\/\" target=\"_blank\" rel=\"nofollow\">\u201eIch war Einstein\u201c<\/a><\/p>\n<p style=\"padding-left: 30px; text-align: justify;\">Seine Artikel:<\/p>\n<p style=\"padding-left: 30px; text-align: justify;\"><a href=\"http:\/\/www.kritik-relativitaetstheorie.de\/2011\/07\/die-einstein-falschung\/\" target=\"_blank\" rel=\"nofollow\">Die Einstein-F\u00e4lschung<\/a><\/p>\n<p style=\"padding-left: 30px; text-align: justify;\"><a href=\"http:\/\/www.kritik-relativitaetstheorie.de\/2012\/01\/mythos-relativitatstheorie\/\" target=\"_blank\" rel=\"nofollow\">Mythos Relativit\u00e4tstheorie<\/a><\/p>\n<p style=\"padding-left: 30px; text-align: justify;\"><a href=\"http:\/\/www.kritik-relativitaetstheorie.de\/2012\/02\/einsteins-goldhelm-wer-ist%e2%80%99s-das-geheimnis-der-nobelphysiker\/\" target=\"_blank\" rel=\"nofollow\">Einsteins Goldhelm: Wer ist\u2019s? Das Geheimnis der Nobelphysiker<\/a><\/p>\n<p style=\"text-align: justify;\">Zusammengefa\u00dft und in grober Linie die komplizierten historischen Umst\u00e4nden um die Entstehung der Speziellen Relativit\u00e4tstheorie Einsteins bzw. im Original des Artikels <i>\u201eZur Elektrodynamik bewegter K\u00f6rper\u201c<\/i>, die mir pers\u00f6nlich besonders seltsam vorgekommen sind und die ich gerade in Erinnerung habe:<\/p>\n<p style=\"text-align: justify;\">Diese historischen Umst\u00e4nde lesen sich n\u00e4mlich teilweise wie ein Krimi, wenn man die gegl\u00e4tteten Biographien der Mainstream Historiker zur Seite l\u00e4sst, mit mysteri\u00f6sen Gegebenheiten, Verschwinden von Manuskripten, Selbstmorden, Konkurrenz zwischen hochrangigen Wissenschaftlern, teilweise esoterisch gepr\u00e4gten Mathematiker-Seilschaften (insbesondere um die Zahl Pi), Machenschaften, Plagiaten, verstrickten pers\u00f6nlichen Querverbindungen bzw. politischen oder religi\u00f6sen Rivalit\u00e4ten.<\/p>\n<p style=\"text-align: justify;\">Der deutsche Mathematiker Ferdinand Lindemann hatte 1904 die Relativit\u00e4tstheorie (eine \u00c4thertheorie) des zu dieser Zeit schon international renommierten franz\u00f6sischen Physikers Henri Poincar\u00e9 ins Deutsch \u00fcbersetzt und dabei gleich die baldige Ver\u00f6ffentlichung eines eigenen Artikels <i>\u201eZur Elektrodynamik bewegter K\u00f6rper\u201c<\/i> angek\u00fcndigt. Einen Artikel mit diesem Titel hat jedoch 1905 nicht Ferdinand Lindemann ver\u00f6ffentlicht, sondern \u2026 Albert Einstein, der Gymnasialsch\u00fcler von Lindemann kurz gewesen war (glaube ich mich zumindest zu erinnern). Wieso ein zu dieser Zeit v\u00f6llig unbekannter 26-j\u00e4hriger Patentamtsangestellte wie Albert Einstein gleich einen Artikel in der renommierten Zeitschrift \u201eAnnalen der Physik\u201c ver\u00f6ffentlichen konnte, ist auch mysteri\u00f6s. Man k\u00f6nnte es vielleicht zu der heutigen Zeit mit einem unbekannten Autor einer eigenen Theorie im Internet vergleichen, der von heute auf morgen von \u201eNature\u201c ver\u00f6ffentlicht wird. Eigentlich undenkbar.<\/p>\n<p style=\"text-align: justify;\">Warum die zwei damaligen Herausgeber der Zeitschrift \u201eAnnalen der Physik\u201c, Max Planck und Paul Drude, das Manuskript gleich nach der Ver\u00f6ffentlichung vernichtet haben, ist auch v\u00f6llig unverst\u00e4ndlich und \u00e4u\u00dferst ungew\u00f6hnlich. Warum Paul Drude kurz darauf Selbstmord begangen hat ist auch nicht gekl\u00e4rt. Warum Max Planck (der \u201cReichkanzler der Physik\u201d) Albert Einstein massiv protegiert hat und jegliche Kritik an der Relativit\u00e4tstheorie autorit\u00e4r unterbunden hat ist auch unverst\u00e4ndlich, siehe zum Beispiel meinen Beitrag <a href=\"http:\/\/www.kritik-relativitaetstheorie.de\/2013\/09\/die-3-maxe-als-hauptverantwortliche-fur-die-betrugereien-um-die-relativitatstheorie-max-planck-max-von-laue-max-born\/\" target=\"_blank\" rel=\"nofollow\">\u201eDie 3 Maxe\u201c als Hauptverantwortliche f\u00fcr die Betr\u00fcgereien um die Relativit\u00e4tstheorie: Max Planck, Max von Laue, Max Born<\/a>.<\/p>\n<p style=\"text-align: justify;\">\u00dcber die seltsame Vernichtung des Manuskripts gleich nach der Ver\u00f6ffentlichung 1905 (war es etwa nicht die Handschrift von Albert Einstein?) berichtet auch der Kritiker Reinhard Rohmer in seiner Arbeit <a href=\"http:\/\/www.kritik-relativitaetstheorie.de\/2013\/12\/einstein-in-der-kritik\/\" target=\"_blank\" rel=\"nofollow\">Einstein in der Kritik<\/a>:<\/p>\n<p style=\"padding-left: 30px; text-align: justify;\"><b>Zitat Reinhard Rohmer<\/b>:<\/p>\n<p style=\"padding-left: 30px; text-align: justify;\"><i>\u201cWir wissen nicht, warum die damaligen Herausgeber der \u201eAnnalen der Physik\u201c, Paul Drude und Max Planck, Einsteins Handschrift so schnell, bzw. \u00fcberhaupt vernichtet haben. Dar\u00fcber l\u00e4sst sich nur spekulieren, aber man kann wohl davon ausgehen, dass sie (von Planck? und Drude?) ver\u00e4ndert wurde. Als Einstein Jahre sp\u00e4ter in Amerika lebte, hat er die gedruckte Arbeit von Hand abgeschrieben und f\u00fcr gemeinn\u00fctzige Zwecke versteigern lassen. Da war sie dann wieder da, die \u201eOriginal-Handschrift\u201c.<\/i><\/p>\n<p style=\"text-align: justify;\">Auch liegen Informationen von Kurt J. K\u00f6hler aus seinem Buch <a href=\"http:\/\/www.kritik-relativitaetstheorie.de\/2012\/07\/kurt-j-kohler-albert-einstein-%e2%80%93-korrekturen-einer-legende\/\" target=\"_blank\" rel=\"nofollow\">Einstein \u2013 Korrektur einer Legende<\/a> vor:<\/p>\n<p style=\"padding-left: 30px; text-align: justify;\"><b>Zitat Kurt J. K\u00f6hler:<\/b><\/p>\n<p style=\"padding-left: 30px; text-align: justify;\"><i>&#8222;Kurz vor Weihnachten des Jahres 1981 wurde in einer Nacht- und Nebel-Aktion Einsteins Nachla\u00df aus dem Princeton Institut geholt und nach Jerusalem gebracht. So glaubte man, einige kritische noch nicht vernichtete Dokumente in Sicherheit zu bringen, um das in der \u00d6ffentlichkeit gepflegte Bild des \u201cWeltweisen des 20. Jahrhunderts\u201d unbeschadet zu erhalten.\u201d<\/i><\/p>\n<p style=\"text-align: justify;\">Es ist wohl nicht einfach Licht in die dunkle Geschichte der Speziellen Relativit\u00e4tstheorie zu bringen, die Historiker haben es nicht leichter als die Physiker\u2026<\/p>\n<p style=\"text-align: justify;\"><a href=\"http:\/\/www.kritik-relativitaetstheorie.de\/2014\/02\/vermutung-eines-einsteinsfehlers\/#comment-5034\" target=\"_blank\">Weiterlesen&#8230;<\/a><\/p>\n<p><span style=\"color: #ffffff;\">.<\/span><\/p>\n<h6><em><a href=\"https:\/\/www.jocelyne-lopez.de\" target=\"_blank\">\u00a9 Bild Copyright Jocelyne Lopez 2011<\/a><\/em><\/h6>\n","protected":false},"excerpt":{"rendered":"<p>Ich verweise auf meinen Beitrag vom 18.03.2014 in einer Diskussion im Blog Kritische Stimmen zur Relativit\u00e4tstheorie als Antwort an eine Teilnehmerin, die sich f\u00fcr die historischen Umst\u00e4nde der Entstehung der Speziellen Relativit\u00e4tstheorie 1905 interessiert: . . . . 15.03.14 &#8211; Zitat von Kate: Hallo Herr R\u00f6sch, hei\u00dft das deifinitiv, dass Ferdinand Lindemann f\u00fcr das Zustandekommen [&hellip;]<\/p>\n","protected":false},"author":3,"featured_media":0,"comment_status":"closed","ping_status":"open","sticky":false,"template":"","format":"standard","meta":{"om_disable_all_campaigns":false,"_monsterinsights_skip_tracking":false,"_monsterinsights_sitenote_active":false,"_monsterinsights_sitenote_note":"","_monsterinsights_sitenote_category":0,"ngg_post_thumbnail":0,"footnotes":""},"categories":[13],"tags":[33,1049,1335,16,270,4,203,181,339],"class_list":["post-5801","post","type-post","status-publish","format-standard","hentry","category-kritik-der-relativitatstheorie","tag-ekkehard-friebe","tag-ferdinand-lindemann","tag-go-mueller","tag-gom-projekt","tag-jocelyne-lopez","tag-kritik","tag-kurt-j-kohler","tag-peter-roesch","tag-reinhard-rohmer"],"aioseo_notices":[],"_links":{"self":[{"href":"https:\/\/www.jocelyne-lopez.de\/blog\/wp-json\/wp\/v2\/posts\/5801"}],"collection":[{"href":"https:\/\/www.jocelyne-lopez.de\/blog\/wp-json\/wp\/v2\/posts"}],"about":[{"href":"https:\/\/www.jocelyne-lopez.de\/blog\/wp-json\/wp\/v2\/types\/post"}],"author":[{"embeddable":true,"href":"https:\/\/www.jocelyne-lopez.de\/blog\/wp-json\/wp\/v2\/users\/3"}],"replies":[{"embeddable":true,"href":"https:\/\/www.jocelyne-lopez.de\/blog\/wp-json\/wp\/v2\/comments?post=5801"}],"version-history":[{"count":0,"href":"https:\/\/www.jocelyne-lopez.de\/blog\/wp-json\/wp\/v2\/posts\/5801\/revisions"}],"wp:attachment":[{"href":"https:\/\/www.jocelyne-lopez.de\/blog\/wp-json\/wp\/v2\/media?parent=5801"}],"wp:term":[{"taxonomy":"category","embeddable":true,"href":"https:\/\/www.jocelyne-lopez.de\/blog\/wp-json\/wp\/v2\/categories?post=5801"},{"taxonomy":"post_tag","embeddable":true,"href":"https:\/\/www.jocelyne-lopez.de\/blog\/wp-json\/wp\/v2\/tags?post=5801"}],"curies":[{"name":"wp","href":"https:\/\/api.w.org\/{rel}","templated":true}]}}