{"id":58,"date":"2007-11-09T10:10:15","date_gmt":"2007-11-09T09:10:15","guid":{"rendered":"https:\/\/www.jocelyne-lopez.de\/blog\/?p=58"},"modified":"2007-11-09T16:16:23","modified_gmt":"2007-11-09T15:16:23","slug":"requiem-fur-die-spezielle-relativitat-georg-galeczki-und-peter-marquardt","status":"publish","type":"post","link":"https:\/\/www.jocelyne-lopez.de\/blog\/2007\/11\/requiem-fur-die-spezielle-relativitat-georg-galeczki-und-peter-marquardt\/","title":{"rendered":"Requiem f\u00fcr die Spezielle Relativit\u00e4t &#8211; Georg Galeczki \/ Peter Marquardt"},"content":{"rendered":"<p>Eine Buchempfehlung:<\/p>\n<p><strong>Requiem f\u00fcr die Spezielle Relativit\u00e4t\u00a0<br \/>\nGeorg Galeczki und Peter Marquardt<\/strong><br \/>\nVerlag Haag+Herchen Frankfurt\/M. 1997<\/p>\n<p>Aus dem r\u00fcckseitigen Buchumschlag:\u00a0<\/p>\n<blockquote><p>Requiem ist ein treffender Titel f\u00fcr dieses Buch \u00fcber eine Kulttheorie, die seit ihren Anf\u00e4ngen von Widerspr\u00fcchen geplagt ist &#8211; Widerspr\u00fcche, die dem Laien und dem Fachmann verharmlosend als \u201eParadoxien&#8220; angeboten werden. Unverst\u00e4ndlichkeit ist zum Markenzeichen geworden und hat enorm zur Popularisierung der \u201espeziellen&#8220; Relativit\u00e4t beigetragen. Die Autoren haben streng wissenschaftlich und gleichzeitig unterhaltend den Finger auf die Wunden dieser Theorie gelegt und zeigen, da\u00df die Krise der heutigen Physik durch die \u201espezielle&#8220; Relativit\u00e4t mitverschuldet wird. Sie weisen aber auch auf Wege aus dieser Sackgasse: F\u00fcr die aus dem relativistischen Prokrustes-Bett befreite Physik stehen empirisch korrekte und widerspruchsfreie L\u00f6sungen zur Verf\u00fcgung. Sowohl Dynamik, Elektrodynamik als auch Thermodynamik fordern ein globales ausgew\u00e4hltes Bezugssystem, damit wichtige Ph\u00e4nomene wie Energie- und Impulserhaltung, Strahlung, Sternaberration, Unipolarinduktion und Temperatur konsistent beschrieben werden k\u00f6nnen. Galilei hat Recht: Die Erde bewegt sich &#8211; sie bewegt sich im absoluten Sinne! Das Buch ist eine aufmunternde Rechtfertigung f\u00fcr alle, die nicht einer absurden Lehrmeinung, sondern ihrem gesunden Verstand vertrauen.<\/p>\n<p><strong>Georg Galeczki<\/strong> (*1945 in Lugosch), 1980 am Technion in Haifa promoviert und f\u00fcr seine weiteren Arbeiten mit dem Landau-Forschungspreis ausgezeichnet, ist Fachmann f\u00fcr Magnetismus und HgCdTe-Infrarot-Detektoren. Seit 1980 befa\u00dft er sich parallel zu seiner Industrie- und Forschungst\u00e4tigkeit intensiv mit Grundlagenforschung. Autor von \u00fcber 50 Ver\u00f6ffentlichungen, darunter 20 kritische Arbeiten \u00fcber Relativit\u00e4t, Quantentheorie und Kosmologie. Mehrfach im Dictionary of International Biography und im Who is Who in the World erw\u00e4hnt.<\/p>\n<p><strong>Peter Marquardt<\/strong> (*1947 in Berlin), Promotion 1976 mit einer Dissertation \u00fcber ferromagnetische d\u00fcnne Schichten, forschte und publizierte u.a. \u00fcber kleinste Festk\u00f6rper (\u201eNanokristalle&#8220;), verschiedene nanokristalline Strukturen sowie kolloidale Systeme. Projektarbeiten \u00fcber Einsatzm\u00f6glichkeiten von Mikrogravitation und \u00fcber Aufbau, Charakterisierung und Modellierung neuartiger Nanostrukturen mittels Rastersondenmikroskopie. Durch G. Galeczki auf grundlagenphysikalische Probleme aufmerksam gemacht, Zusammenarbeit mit diesem, die zu diesem Buch gef\u00fchrt hat.<\/p><\/blockquote>\n<p>Sowie eine Rezension dieses Buchs von <strong>Helmut Hille<\/strong>:<\/p>\n<blockquote><p>Das Buch best\u00e4tigt meine in langer Auseinandersetzung gewonnene \u00dcberzeugung: Die Spezielle Relativit\u00e4tstheorie l\u00f6st jene Probleme, die Einstein zuvor erst erfunden hatte, um seine &#8222;L\u00f6sungen&#8220; verkaufen zu k\u00f6nnen, die jedoch keine Probleme der Physik sind. Das Problem der Physik ist, da\u00df ihr rationale Kriterien fehlen, z.B. in Form einer allseits anerkannten soliden Metrologie, die Einsteins frei erfundene Behauptungen von der Relativit\u00e4t von Zeit und Raum sofort zur\u00fcckweisen w\u00fcrde. So ist es nur konsequent, wenn die beiden Autoren sich \u00fcber weite Strecken mit seinen metrologisch unsinnigen Annahmen auseinandersetzen, zu der auch die \u00dcberzeugung geh\u00f6rt, da\u00df man die Zeit messen k\u00f6nnte. Doch die Zeit ist eine physikalische Gr\u00f6\u00dfe, die &#8211; wie alle physikalischen Gr\u00f6\u00dfen &#8211; durch Definition bestimmt werden mu\u00df, mit deren Hilfe gemessen werden kann, n\u00e4mlich die Dauer realer Ereignisse und Zust\u00e4nde. Das Scheitern einer Lehre, die den Ma\u00dfstab des Messens f\u00fcr den Gegenstand des Messens h\u00e4lt, die also weder einen Begriff davon hat, was messen hei\u00dft, noch zwischen dem Gegenstand des Forschens und dem Mittel des Forschens zu unterscheiden versteht oder die zur St\u00fctzung des Physikalismus dies nicht wissen will, um beweisen zu k\u00f6nnen, da\u00df es eine Raum-Zeit gibt, ist da nur konsequent. Aber Raum und Zeit sind keine realen Gegenst\u00e4nde sondernd bleiben mentale Muster, mit deren Hilfe der kognitive Apparat das Chaos der Erscheinungen auf eine ihm verst\u00e4ndliche Weise ordnet. Und wer sein Verstehen nicht versteht, versteht letztlich gar nichts.<\/p><\/blockquote>\n<p>Weiterlesen unter:<br \/>\n<a href=\"http:\/\/www.helmut-hille.de\/galeczki.html\">http:\/\/www.helmut-hille.de\/galeczki.html<\/a><br \/>\n\u00a0<\/p>\n","protected":false},"excerpt":{"rendered":"<p>Eine Buchempfehlung: Requiem f\u00fcr die Spezielle Relativit\u00e4t\u00a0 Georg Galeczki und Peter Marquardt Verlag Haag+Herchen Frankfurt\/M. 1997 Aus dem r\u00fcckseitigen Buchumschlag:\u00a0 Requiem ist ein treffender Titel f\u00fcr dieses Buch \u00fcber eine Kulttheorie, die seit ihren Anf\u00e4ngen von Widerspr\u00fcchen geplagt ist &#8211; Widerspr\u00fcche, die dem Laien und dem Fachmann verharmlosend als \u201eParadoxien&#8220; angeboten werden. Unverst\u00e4ndlichkeit ist zum [&hellip;]<\/p>\n","protected":false},"author":3,"featured_media":0,"comment_status":"closed","ping_status":"open","sticky":false,"template":"","format":"standard","meta":{"om_disable_all_campaigns":false,"_monsterinsights_skip_tracking":false,"_monsterinsights_sitenote_active":false,"_monsterinsights_sitenote_note":"","_monsterinsights_sitenote_category":0,"ngg_post_thumbnail":0,"footnotes":""},"categories":[13],"tags":[29,31,1336,30],"class_list":["post-58","post","type-post","status-publish","format-standard","hentry","category-kritik-der-relativitatstheorie","tag-georg-galeczki","tag-helmut-hille","tag-kritik-der-relativitatstheorie","tag-peter-marquardt"],"aioseo_notices":[],"_links":{"self":[{"href":"https:\/\/www.jocelyne-lopez.de\/blog\/wp-json\/wp\/v2\/posts\/58"}],"collection":[{"href":"https:\/\/www.jocelyne-lopez.de\/blog\/wp-json\/wp\/v2\/posts"}],"about":[{"href":"https:\/\/www.jocelyne-lopez.de\/blog\/wp-json\/wp\/v2\/types\/post"}],"author":[{"embeddable":true,"href":"https:\/\/www.jocelyne-lopez.de\/blog\/wp-json\/wp\/v2\/users\/3"}],"replies":[{"embeddable":true,"href":"https:\/\/www.jocelyne-lopez.de\/blog\/wp-json\/wp\/v2\/comments?post=58"}],"version-history":[{"count":0,"href":"https:\/\/www.jocelyne-lopez.de\/blog\/wp-json\/wp\/v2\/posts\/58\/revisions"}],"wp:attachment":[{"href":"https:\/\/www.jocelyne-lopez.de\/blog\/wp-json\/wp\/v2\/media?parent=58"}],"wp:term":[{"taxonomy":"category","embeddable":true,"href":"https:\/\/www.jocelyne-lopez.de\/blog\/wp-json\/wp\/v2\/categories?post=58"},{"taxonomy":"post_tag","embeddable":true,"href":"https:\/\/www.jocelyne-lopez.de\/blog\/wp-json\/wp\/v2\/tags?post=58"}],"curies":[{"name":"wp","href":"https:\/\/api.w.org\/{rel}","templated":true}]}}