{"id":5728,"date":"2014-03-13T09:33:06","date_gmt":"2014-03-13T08:33:06","guid":{"rendered":"https:\/\/www.jocelyne-lopez.de\/blog\/?p=5728"},"modified":"2014-08-30T13:16:34","modified_gmt":"2014-08-30T12:16:34","slug":"verwaltungsgericht-duesseldorf-oder-wie-schnell-man-das-informationsfreiheitsgesetz-aushebeln-kann","status":"publish","type":"post","link":"https:\/\/www.jocelyne-lopez.de\/blog\/2014\/03\/verwaltungsgericht-duesseldorf-oder-wie-schnell-man-das-informationsfreiheitsgesetz-aushebeln-kann\/","title":{"rendered":"Verwaltungsgericht D\u00fcsseldorf oder wie schnell man das Informationsfreiheitsgesetz aushebeln kann"},"content":{"rendered":"<p style=\"text-align: justify;\"><img loading=\"lazy\" decoding=\"async\" class=\"alignleft size-full wp-image-1831\" title=\"\u00a9 Bild Norbert Fenske Photographically http:\/\/www.photografically.de\/\" src=\"http:\/\/www.kritik-relativitaetstheorie.de\/wp-content\/uploads\/2014\/01\/Bild-Justiz.jpg\" alt=\"\" width=\"98\" height=\"169\" \/><\/p>\n<p style=\"text-align: justify;\">Ich verweise auf meine Kommentare als Kl\u00e4gerin \u00fcber das Urteil 26 K 2277\/13 des Verwaltungsgerichts D\u00fcsseldorf vom 07.02.2014:<\/p>\n<p style=\"text-align: left;\"><a href=\"https:\/\/www.jocelyne-lopez.de\/blog\/2014\/02\/das-verwaltungsgericht-duesseldorf-hebelt-das-informationsfreiheitsgesetz-aus\/\" target=\"_blank\">Verwaltungsgericht D\u00fcsseldorf hebelt das Informationsfreiheitsgesetz aus <\/a><\/p>\n<p style=\"text-align: justify;\">F\u00fcr meine Auskunftsersuche im Rahmen des Informations-freiheitsgesetzes zur Herbeif\u00fchrung der notwendigen Transparenz bei den von LANUV NRW genehmigten Primatenversuchen an der Ruhruniversit\u00e4t Bochum, habe ich Anspruch auf Geb\u00fchrenbefreiung wegen \u00f6ffentlichem Interesse geltend gemacht, sowie auch vorher eine Mitstreiterin in derselben Angelegenheit. Diese Versuche werden seit Jahrzehnten im Land NRW und sogar bundesweit in der \u00d6ffentlichkeit stark umstritten. Aufgrund der Antworte der Beh\u00f6rde LANUV NRW wurde auch Strafanzeige bei der Staatsanwaltschaft Bochum wegen Vorwurf des Versto\u00dfes gegen das Tierschutzgesetz erstattet, sowie eine <a href=\"https:\/\/www.jocelyne-lopez.de\/pdfDateien\/PetitionBochum_16_08_13.pdf\" target=\"_blank\">Petition\u00a0 beim Landtag NRW<\/a> eingereicht, die aktuell noch bearbeitet wird.<\/p>\n<p style=\"text-align: justify;\">Mein Anspruch auf Geb\u00fchrenbefreiung bei diesem eindeutigen Fall von \u00f6ffentlichem Interesse beruht auf folgenden gesetzlichen Bestimmungen:<\/p>\n<p style=\"text-align: justify;\">Das Informationsfreiheitsgesetz des Lands Nordrhein-Westfalen (IFG NRW) regelt nur die Geb\u00fchrenbefreiung <b>im Falle der Billigkeit <\/b>zur Vermeidung sozialer H\u00e4rten, jedoch nicht im <b>Falle des \u00f6ffentlichen Interesses<\/b>, ein Fall, der dort dementsprechend unber\u00fchrt bleibt:<\/p>\n<p style=\"text-align: justify; padding-left: 30px;\">IFG NRW \u00a7 11 Abs.2:<\/p>\n<p style=\"text-align: justify; padding-left: 30px;\"><i>Die Landesregierung wird erm\u00e4chtigt, im Einvernehmen mit dem Landtags-ausschuss f\u00fcr Innere Verwaltung und Verwaltungsstrukturreform die Geb\u00fchrentat-best\u00e4nde und die Geb\u00fchren durch Rechtsverordnung (Geb\u00fchrenordnung) zu bestimmen. <b>Die Bestimmungen des Geb\u00fchrengesetzes des Landes Nordrhein-Westfalen bleiben im \u00dcbrigen unber\u00fchrt.<\/b><\/i>\u00a0\u00a0 [Hervorhebung durch mich]<\/p>\n<p style=\"text-align: justify;\">Da der Fall der Geb\u00fchrenbefreiung bei \u00f6ffentlichem Interesse einzig im Geb\u00fchrengesetz NRW geregelt ist, gilt dementsprechend einzig in solchen F\u00e4llen das Geb\u00fchrengesetz NRW \u00a7 6 &#8211; der Richter best\u00e4tigt auch im schriftlichen Urteil vom 07.02.2014, dass ein R\u00fcckgriff auf das Geb\u00fchrengesetz NRW im Rahmen des IFG NRW grunds\u00e4tzlich zul\u00e4ssig ist:<\/p>\n<p style=\"text-align: justify; padding-left: 30px;\">Geb\u00fcrengesetz NRW &#8211; \u00a7 6 Erm\u00e4\u00dfigung und Befreiung:<\/p>\n<p style=\"text-align: justify; padding-left: 30px;\"><em>Aus Gr\u00fcnden der Billigkeit, insbesondere zur Vermeidung sozialer H\u00e4rten, kann Geb\u00fchrenerm\u00e4\u00dfigung und Auslagenerm\u00e4\u00dfigung sowie Geb\u00fchrenbefreiung und Auslagenbefreiung vorgesehen und zugelassen werden. <strong>Dasselbe gilt f\u00fcr Amtshandlungen, die einem von der handelnden Beh\u00f6rde wahrzunehmenden \u00f6ffentlichen Interesse dienen.\u00a0 <\/strong><\/em>[Hervorhebung durch mich]<\/p>\n<p style=\"text-align: justify;\">Dass die Geb\u00fchrenbefreiung im Falle eines \u00f6ffentlichen Interesses schon lange vor der Verabschiedung des IFG NRW als anerkanntes Recht f\u00fcr die B\u00fcrger bestand, beweist auch die eindeutige Formulierung der geltenden Verwaltungsgeb\u00fchrensatzung der Stadt Recklinghausen (Sitz des LANUV) vom 07.11.2000:<\/p>\n<p style=\"text-align: justify; padding-left: 30px;\">Amtsblatt Nr. 35 vom 04.12.2000 &#8211; \u00a7 4 \u2013 Sachliche Geb\u00fchrenfreiheit \u2013 Absatz 2:<\/p>\n<p style=\"text-align: justify; padding-left: 30px;\"><i>Geb\u00fchren werden nicht erhoben f\u00fcr besondere Leistungen, die \u00fcberwiegend im \u00f6ffentlichen Interesse vorgenommen werden.<\/i><\/p>\n<p style=\"text-align: justify;\">Es kann nicht im Sinne des Gesetzgebers des IFG NRW gewesen sein, die B\u00fcrger mit dem neuen Gesetz schlechter zu stellen als vorher. W\u00fcrde also der Fall der Geb\u00fchrenbefreiung bei \u00f6ffentlichem Interesse nur wegen einer Verschachtelung der Formulierungen und der Gesetze aus dem IFG NRW v\u00f6llig eliminiert werden, w\u00fcrde es einer Aushebelung des Sinnes des Informationsfreiheitgesetzes entsprechen, das f\u00fcr ehrenamtlich gesellschaftlich engagierte B\u00fcrger dann unpraktikabel w\u00e4re.<\/p>\n<p style=\"text-align: justify;\">Sowohl die Beh\u00f6rde LANUV NRW als auch der Richter, der un\u00fcbersehbar in diesem Fall ausschlie\u00dflich als Vertreter der Interessen der Beh\u00f6rde auftrat, \u00a0haben diese Verschachtelung zwischen zwei geltenden Gesetzen des Landes NRW ausgenutzt, um das Recht der B\u00fcrger auf Geb\u00fchrenbefreiung in den F\u00e4llen von \u00f6ffentlichem Interesse zu beseitigen.<\/p>\n<p style=\"text-align: justify;\">Dementsprechend kann durch eine finanzielle Abschreckung bis zu 500 Euro pro Auskunftsersuche die \u00fcberwiegende Mehrheit der gesellschaftlich engagierten B\u00fcrger lahmgelegt werden, die \u00a0\u00fcberwiegend ehrenamtlich t\u00e4tig sind. So schnell und so wirksam kann man ein unliebsames Bestreben von B\u00fcrgern nach Transparenz \u00fcber Handlungen einer Beh\u00f6rde ausschalten.<\/p>\n<p style=\"text-align: justify;\">Dass die Erhebung von Geb\u00fchren im Rahmen des IFG NRW nach Auffassung des Richters auch vom Gesetzgeber als Abschreckung der B\u00fcrger gewollt worden sei,\u00a0hat er unverbl\u00fcmt w\u00e4hrend der m\u00fcndlichen Verhandlung dargelegt, siehe meine Berichtserstattungen:<\/p>\n<p style=\"padding-left: 30px;\"><a href=\"https:\/\/www.jocelyne-lopez.de\/blog\/2014\/02\/verwaltungsgericht-duesseldorf-die-buerger-sind-alle-heinis-und-tussis\/\" target=\"_blank\">Verwaltungsgericht D\u00fcsseldorf: Die B\u00fcrger sind alle Heinis und Tussis <\/a><\/p>\n<p style=\"padding-left: 30px;\"><a href=\"https:\/\/www.jocelyne-lopez.de\/blog\/2014\/02\/verwaltungsgericht-duesseldorf-was-will-diese-tussi-von-uns\/\" target=\"_blank\">Verwaltungsgericht D\u00fcsseldorf: Was will diese Tussi von uns?<\/a><\/p>\n<p><span style=\"color: #000000;\">sowie:<\/span><\/p>\n<p style=\"padding-left: 30px;\"><a href=\"https:\/\/www.jocelyne-lopez.de\/blog\/2014\/06\/buergeranfrage-an-lanuv-nrw-wegen-affenlabor-covance-und-gebuehrenerhebung\/\" target=\"_blank\">B\u00fcrgeranfrage an LANUV NRW wegen Affenlabor COVANCE und Geb\u00fchrenerhebung<\/a><\/p>\n<p style=\"padding-left: 30px;\"><span style=\"color: #ffffff;\">.<\/span><\/p>\n<h6 class=\"MsoNormal\" style=\"text-align: left; margin-right: 10px;\" align=\"justify\"><em>\u00a9 Bild <a href=\"http:\/\/www.photografically.de\/\" target=\"_blank\">Norbert Fenske \u2013 Photografically<\/a><\/em><\/h6>\n<p style=\"padding-left: 30px;\">\n","protected":false},"excerpt":{"rendered":"<p>Ich verweise auf meine Kommentare als Kl\u00e4gerin \u00fcber das Urteil 26 K 2277\/13 des Verwaltungsgerichts D\u00fcsseldorf vom 07.02.2014: Verwaltungsgericht D\u00fcsseldorf hebelt das Informationsfreiheitsgesetz aus F\u00fcr meine Auskunftsersuche im Rahmen des Informations-freiheitsgesetzes zur Herbeif\u00fchrung der notwendigen Transparenz bei den von LANUV NRW genehmigten Primatenversuchen an der Ruhruniversit\u00e4t Bochum, habe ich Anspruch auf Geb\u00fchrenbefreiung wegen \u00f6ffentlichem Interesse [&hellip;]<\/p>\n","protected":false},"author":3,"featured_media":0,"comment_status":"closed","ping_status":"open","sticky":false,"template":"","format":"standard","meta":{"om_disable_all_campaigns":false,"_monsterinsights_skip_tracking":false,"_monsterinsights_sitenote_active":false,"_monsterinsights_sitenote_note":"","_monsterinsights_sitenote_category":0,"ngg_post_thumbnail":0,"footnotes":""},"categories":[9],"tags":[1048,830,270,869,831,8,7,1334,1026],"class_list":["post-5728","post","type-post","status-publish","format-standard","hentry","category-tierversuche-abschaffen","tag-26-k-227713","tag-affenversuche","tag-jocelyne-lopez","tag-lanuv-nrw","tag-primatenversuche","tag-tierrechte","tag-tierschutz","tag-tierversuche-abschaffen","tag-verwaltungsgericht-duesseldorf"],"aioseo_notices":[],"_links":{"self":[{"href":"https:\/\/www.jocelyne-lopez.de\/blog\/wp-json\/wp\/v2\/posts\/5728"}],"collection":[{"href":"https:\/\/www.jocelyne-lopez.de\/blog\/wp-json\/wp\/v2\/posts"}],"about":[{"href":"https:\/\/www.jocelyne-lopez.de\/blog\/wp-json\/wp\/v2\/types\/post"}],"author":[{"embeddable":true,"href":"https:\/\/www.jocelyne-lopez.de\/blog\/wp-json\/wp\/v2\/users\/3"}],"replies":[{"embeddable":true,"href":"https:\/\/www.jocelyne-lopez.de\/blog\/wp-json\/wp\/v2\/comments?post=5728"}],"version-history":[{"count":0,"href":"https:\/\/www.jocelyne-lopez.de\/blog\/wp-json\/wp\/v2\/posts\/5728\/revisions"}],"wp:attachment":[{"href":"https:\/\/www.jocelyne-lopez.de\/blog\/wp-json\/wp\/v2\/media?parent=5728"}],"wp:term":[{"taxonomy":"category","embeddable":true,"href":"https:\/\/www.jocelyne-lopez.de\/blog\/wp-json\/wp\/v2\/categories?post=5728"},{"taxonomy":"post_tag","embeddable":true,"href":"https:\/\/www.jocelyne-lopez.de\/blog\/wp-json\/wp\/v2\/tags?post=5728"}],"curies":[{"name":"wp","href":"https:\/\/api.w.org\/{rel}","templated":true}]}}