{"id":5640,"date":"2013-12-16T07:38:27","date_gmt":"2013-12-16T06:38:27","guid":{"rendered":"https:\/\/www.jocelyne-lopez.de\/blog\/?p=5640"},"modified":"2013-12-16T08:14:02","modified_gmt":"2013-12-16T07:14:02","slug":"die-spezielle-relativitaetstheorie-wurde-schon-1909-durch-einen-freund-einsteins-widerlegt","status":"publish","type":"post","link":"https:\/\/www.jocelyne-lopez.de\/blog\/2013\/12\/die-spezielle-relativitaetstheorie-wurde-schon-1909-durch-einen-freund-einsteins-widerlegt\/","title":{"rendered":"Die Spezielle Relativit\u00e4tstheorie wurde schon 1909 durch einen Freund Einsteins widerlegt"},"content":{"rendered":"<p>Ich verweise auf Austausche im MAHAG-Forum, wo der Teilnehmer Yukterez, der sich mit dem Ausdruck \u201e<em>j\u00fcdische Elite<\/em>\u201c selbst schm\u00fcckt und mich wegen meiner angeblichen antisemitischen Motivation bei der Kritik der Relativit\u00e4tstheorie seit Jahren im Internet massiv stalkt, mich wiedermal im \u201e<em>braunen Sumpf<\/em>\u201c der Kritiker der Relativit\u00e4tstheorie steckt:<\/p>\n<p>&nbsp;<\/p>\n<p><a href=\"http:\/\/www.mahag.com\/neufor\/viewtopic.php?f=7&amp;t=618&amp;p=65818#p65747\" target=\"_blank\">14.12.2013 \u2013 Zitat von Yukterez<\/a>:<\/p>\n<p>Nun, Lopez, dann sehen wir uns doch einmal an, was von den Verfechtern der Crackpotterie, zu denen ich auch Sie z\u00e4hle, zu dem Thema ins Netz gestellt wird:<\/p>\n<p><a href=\"http:\/\/derhonigmannsagt.wordpress.com\/2012\/12\/09\/der-jude-albert-einstein-der-groste-dieb-geistigen-eigentums-des-20-jahrhunderts\" target=\"_blank\">http:\/\/derhonigmannsagt.wordpress.com\/2012\/12\/09\/der-jude-albert-einstein-der-groste-dieb-geistigen-eigentums-des-20-jahrhunderts<\/a><\/p>\n<p>Ist es das, worauf sie hinauswollen?<\/p>\n<p>Mich im Gegensatz zu Ihnen von der obigen Schaltung distanzierend,<br \/>\nYukterez<br \/>\n<a href=\"http:\/\/forum.alltopic.de\/viewtopic.php?p=15888#p15888\" target=\"_blank\">http:\/\/forum.alltopic.de\/viewtopic.php?p=15888#p15888<\/a><\/p>\n<p>&nbsp;<\/p>\n<p>&nbsp;<\/p>\n<p><a href=\"http:\/\/www.mahag.com\/neufor\/viewtopic.php?f=7&amp;t=618&amp;p=65818#p65750\" target=\"_blank\">14.12.2013 \u2013 Zitat von Jocelyne Lopez<\/a>:<\/p>\n<p>Distanziert sich die \u201e<i>j\u00fcdische Elite Yukterez<\/i>\u201c auch vom folgenden \u201e<i>braunen Sumpf<\/i>\u201c?<\/p>\n<p style=\"padding-left: 30px;\"><a href=\"http:\/\/www.kritik-relativitaetstheorie.de\/2013\/11\/relativitaetstheorie-geschichtsfaelschung-mit-der-angeblich-antisemitisch-motivierten-kritik\/\" target=\"_blank\">Zitat von Jocelyne Lopez &#8211; Relativit\u00e4tstheorie: Geschichtsf\u00e4lschung mit der angeblich antisemitisch motivierten Kritik<br \/>\n<\/a>[&#8230;]<br \/>\nEs gab jedoch schon zur Lebzeit Einsteins vor und w\u00e4hrend dem \u201epsychopathologischen\u201c Medienrummel \u00fcber die Relativit\u00e4tstheorie ab den 20igen Jahren zahlreiche hochqualifizierte Wissenschaftler, die die Spezielle Relativit\u00e4tstheorie kritisiert haben, darunter auch zahlreiche j\u00fcdische Wissenschaftler \u2013 einige davon haben wir in unserer Webseite \u201eKritische Stimmen zur Relativit\u00e4tstheorie\u201c schon vorgestellt, zum Beispiel:<\/p>\n<p style=\"padding-left: 30px;\"><a href=\"http:\/\/www.kritik-relativitaetstheorie.de\/2011\/09\/das-ehrenfest-paradoxon-widerlegt-die-relativitatstheorie\/\" target=\"_blank\">1909 \u2013 Paul Ehrenfest<\/a><br \/>\n<a href=\"http:\/\/www.kritik-relativitaetstheorie.de\/2011\/08\/uber-die-bedenklichkeiten-der-neueren-relativitatstheorie\/\" target=\"_blank\">1911 \u2013 Paul Bernays<\/a><br \/>\n<a href=\"http:\/\/www.kritik-relativitaetstheorie.de\/2011\/08\/relativitat-und-gravitation-erwiderung-auf-eine-bemerkung-des-hrn-a-einstein\/\" target=\"_blank\">1912 \u2013 Max Abraham<\/a><br \/>\n<a href=\"http:\/\/www.kritik-relativitaetstheorie.de\/2011\/12\/uber-einsteins-aquivalenzhypothese-und-die-gravitation\/\" target=\"_blank\">1916 \u2013 Friedrich Kottler<\/a><br \/>\n<a href=\"http:\/\/www.kritik-relativitaetstheorie.de\/2012\/12\/the-astronomical-aspects-of-aether-theory-versus-relativity\/\" target=\"_blank\">1920 \u2013 Ludwik Silberstein<\/a><br \/>\n<a href=\"http:\/\/www.kritik-relativitaetstheorie.de\/2012\/12\/die-experimente-von-albert-abraham-michelson\/\" target=\"_blank\">1920 \u2013 Albert Michelson<\/a><br \/>\n<a href=\"http:\/\/www.kritik-relativitaetstheorie.de\/2011\/11\/beitrag-zur-allgemeinen-diskussion-uber-die-relativitatstheorie\/\" target=\"_blank\">1920 \u2013 Melchior Pal\u00e1gyi<\/a><br \/>\n<a href=\"http:\/\/www.kritik-relativitaetstheorie.de\/2011\/10\/dauer-und-gleichzeitigkeit-uber-die-theorie-einsteins\/\" target=\"_blank\">1922 \u2013 Henri Bergson<\/a><br \/>\n<a href=\"http:\/\/www.kritik-relativitaetstheorie.de\/2011\/09\/offene-briefe-an-albert-einstein-und-max-von-laue\/\" target=\"_blank\">1925 \u2013 Oskar Kraus<\/a><br \/>\n<a href=\"http:\/\/www.kritik-relativitaetstheorie.de\/2011\/09\/die-spezielle-relativitatstheorie-ist-ein-skandal\/\">1926 \u2013 Ernst Marcus<\/a><br \/>\n<a href=\"http:\/\/www.kritik-relativitaetstheorie.de\/2011\/09\/die-kultur-in-gefahr\/\">1928 \u2013 Emanuel Lasker<\/a><br \/>\n<a href=\"http:\/\/www.kritik-relativitaetstheorie.de\/2011\/09\/der-terror-der-anhanger-der-relativitatstheorie\/\">1931 \u2013 Hans Israel<\/a><br \/>\n<a href=\"http:\/\/www.kritik-relativitaetstheorie.de\/2011\/06\/kant-gegen-einstein\/\">1934 \u2013 Salomo Friedlaender<\/a><\/p>\n<p style=\"padding-left: 30px;\">\u2026 und viele, viele Anderen.<\/p>\n<p>&nbsp;<\/p>\n<p>&nbsp;<\/p>\n<p><a href=\"http:\/\/www.mahag.com\/neufor\/viewtopic.php?f=7&amp;t=618&amp;p=65818#p65814\" target=\"_blank\">15.12.2013 \u2013 Zitat von Yuterez<\/a>:<\/p>\n<p>Das, Lopez, ist wieder einmal typisch f\u00fcr Sie. Schon der Erste auf Ihrer komischen Liste<\/p>\n<p style=\"padding-left: 30px;\"><a href=\"http:\/\/www.kritik-relativitaetstheorie.de\/2011\/09\/das-ehrenfest-paradoxon-widerlegt-die-relativitatstheorie\/\" target=\"_blank\">1909 \u2013 Paul Ehrenfest<\/a><br \/>\n\u2026 und viele, viele Anderen.<\/p>\n<p>war das genaue Gegenteil von dem Crackpot, als den Sie ihn gerne hinstellen w\u00fcrden:<\/p>\n<p style=\"padding-left: 30px;\"><i><a href=\"http:\/\/de.wikipedia.org\/wiki\/Paul_Ehrenfest\" target=\"_blank\">http:\/\/de.wikipedia.org\/wiki\/Paul_Ehrenfest<\/a>: <\/i><em>Ehrenfest selbst wurde ab 1910 zu einem wichtigen Verteidiger der speziellen Relativit\u00e4tstheorie und ver\u00f6ffentlichte mehrere Arbeiten, in denen er auf die Fehlinterpretationen der speziellen Relativit\u00e4tstheorie durch andere Autoren wie Wladimir Sergejewitsch Ignatowski einging. Um diese Zeit wurde Ehrenfest zu einem Freund von Einstein, mit dem er im Briefwechsel stand. Zusammen mit Hendrik Antoon Lorentz war Ehrenfest auch einer der wenigen, die Einstein bei seinen Bem\u00fchungen zur allgemeinen Relativit\u00e4tstheorie unterst\u00fctzten.<\/em><\/p>\n<p>Mit den vielen, vielen Anderen auf Ihrer Liste wird es sich wohl genauso verhalten.<\/p>\n<p>Die Farce durchschauend,<br \/>\nYukterez<\/p>\n<p><span style=\"color: #ffffff;\">.<\/span><\/p>\n<p>&nbsp;<\/p>\n<p><a href=\"http:\/\/www.mahag.com\/neufor\/viewtopic.php?f=7&amp;t=618&amp;p=65818#p65816\" target=\"_blank\">15.12.2013 \u2013 Zitat von Jocelyne Lopez<\/a>:<\/p>\n<p>Meine &#8222;<i>komische Liste<\/i>&#8220; der Kritiker Einsteins als j\u00fcdische Antisemiten?? :- ))<\/p>\n<p>Zu Deiner Information als &#8222;<i>j\u00fcdische Elite<\/i>&#8222;:<\/p>\n<p>Paul Ehrenfest hat schon 1909 die Spezielle Relativit\u00e4tstheorie widerlegt.<br \/>\nSogar eingefleischte Relativisten m\u00fcssen zugeben (und haben es auch im MAHAG-Forum getan, Joachim Schulz, wenn ich mich recht entsinne), dass das Ehrenfest-Paradoxon innerhalb der Speziellen Relativit\u00e4tstheorie nicht l\u00f6sbar ist. H\u00f6chstens muss man daf\u00fcr die Allgemeine Relativit\u00e4tstheorie bem\u00fchen.<\/p>\n<p>Also geh\u00f6rt Paul Ehrenfest eindeutig nach der Logik der &#8222;<i>j\u00fcdischen Elite Yukterez<\/i>&#8220; zur antisemitischen Crakpotterie mit \u00fcblem braunem Geruch. :- ))<\/p>\n<p style=\"padding-left: 30px;\"><i>Yukterez hat geschrieben:<\/i><br \/>\nwar das genaue Gegenteil von dem Crackpot, als den Sie ihn gerne hinstellen w\u00fcrden:<br \/>\n<i><a href=\"http:\/\/de.wikipedia.org\/wiki\/Paul_Ehrenfest\" target=\"_blank\">http:\/\/de.wikipedia.org\/wiki\/Paul_Ehrenfest<\/a> hat geschrieben:<\/i><\/p>\n<p>Die &#8222;<i>j\u00fcdische Elite Yukterez<\/i>&#8220; sollte mal andere Quellen als Wikipedia bei der Kritik der Relativit\u00e4tstheorie bem\u00fchen, die bekanntlich vollst\u00e4ndig von Mainstream-Figuren kontrolliert wird, wie jeder wei\u00df: <a href=\"http:\/\/www.kritik-relativitaetstheorie.de\/2012\/06\/wikipedia-kritik-an-der-relativitatstheorie\/\" target=\"_blank\">Wikipedia: Kritik an der Relativit\u00e4tstheorie<\/a><\/p>\n<p>Zum Beispiel diese Quelle \u00fcber Paul Ehrenfest:<\/p>\n<p style=\"padding-left: 30px;\"><a href=\"http:\/\/www.ekkehard-friebe.de\/friebeforum\/thread.php?threadid=613&amp;sid=fdfc4bbd5d948cab20597aa4de1988ac\" target=\"_blank\">Reinhard Rohmer &#8211; Einstein in der Kritik<br \/>\n<\/a>[&#8230;]<br \/>\nDass seine Physik von Raum und Zeit absurd ist, hat Einstein bald im Stillen selbst eingesehen. Das schlie\u00dfe ich aus der Tatsache, dass er das &#8222;Zwillingsparadoxon&#8220; in keiner seiner sp\u00e4teren Arbeiten wiederholt oder auch nur erw\u00e4hnt und nur ein Jahr sp\u00e4ter (1912) in einem Brief an den Theoretiker Paul Ehrenfest (1880 &#8211; 1933), seinen besten Freund unter den Physikern, schreibt:<\/p>\n<p style=\"padding-left: 60px;\"><em>&#8222;Ich gratuliere Ihnen herzlich zu Lorentz Nachricht. Au\u00dfer Ihnen w\u00fcrde sich niemand mehr freuen wie ich, wenn Sie nach Holland berufen w\u00fcrden. Sie sind einer der wenigen Theoretiker, denen die Mathematik-Seuche nicht den nat\u00fcrlichen Verstand geraubt hat.&#8220; (&#8222;The collected papers of Albert Einstein&#8220;, Band 5, Brief vom 30. Juni 1912)<\/em><\/p>\n<p style=\"padding-left: 30px;\">Einstein z\u00e4hlte sich selbst zu diesem Zeitpunkt nicht zu diesen Wenigen. &#8222;<i>Die Mathematik-Seuche hat mir den nat\u00fcrlichen Verstand geraubt<\/i>&#8222;, das war es, was er dem Freund hier klagte. In diese Zeit f\u00e4llt wohl auch sein Bekenntnis:<\/p>\n<p style=\"padding-left: 60px;\">&#8222;<em>Mathematik ist die einzige perfekte Methode, sich selber an der Nase herumzuf\u00fchren.<\/em>&#8220; (zitiert in Carl Seelig, Helle Zeit &#8211; Dunkle Zeit, S. 72 &#8211; 73)<\/p>\n<p style=\"padding-left: 30px;\">Bleiben wir einen Moment bei Ehrenfest. Sein Schicksal ist au\u00dferordentlich tragisch. Mit der Relativit\u00e4tstheorie (und der Quantentheorie) ist er nie fertig geworden. Er musste sie aber lehren. 1933 nahm er sich das Leben, weil er es nicht l\u00e4nger aushielt, seinen Studenten etwas vorzumachen. Einstein war tief betroffen. In seinem Nachruf auf den Ungl\u00fccklichen sagte er:<\/p>\n<p style=\"padding-left: 60px;\">&#8222;<em>Er war ja nicht nur der beste Lehrer unseres Faches, den ich kennen gelernt habe; er war auch leidenschaftlich erf\u00fcllt von dem Interesse f\u00fcr Entwicklung und Schicksal der Menschen, insbesondere aber seiner Studenten. &#8230; Die Studenten und Kollegen in Leiden liebten und sch\u00e4tzten ihn, sie kannten seine aufopfernde Hingabe, sein nur auf Dienen und Helfen eingestelltes Wesen. Musste er nicht gl\u00fccklich sein?<\/em><\/p>\n<p style=\"padding-left: 60px;\"><em>In Wahrheit f\u00fchlte er sich jedoch ungl\u00fccklicher als alle anderen, die mir n\u00e4her getreten sind. Dies kam daher, dass er sich der hohen ihm gestellten Aufgabe nicht gewachsen f\u00fchlte. &#8230; Zu lernen und zu lehren, was man nicht in vollem Ma\u00dfe innerlich bejaht, ist an sich eine schwere Sache, doppelt schwer f\u00fcr einen fanatisch ehrlichen Geist, dem Klarheit alles bedeutet<\/em>.&#8220; (&#8222;Aus meinen sp\u00e4ten Jahren&#8220;, S. 205, &#8222;In memoriam Paul Ehrenfest&#8220;, 1934)<\/p>\n<p style=\"padding-left: 30px;\">Der Physikhistoriker Franco Selleri berichtet von der &#8222;\u00fcberw\u00e4ltigenden Ehrlichkeit&#8220; Ehrenfests, &#8222;die sowohl sein Leben, als auch seine Forschung bestimmte. Deshalb wurde er auch von seinen Kollegen als &#8222;das Gewissen der Physik&#8220; betrachtet.&#8220; (&#8222;Die Debatte um die Quantentheorie&#8220;, 1990, S. 13) Von dieser Sorte Wissenschaftler gibt es viel zu wenige. [&#8230;]<\/p>\n<p style=\"padding-left: 30px;\"><span style=\"color: #ffffff;\">.<\/span><\/p>\n<p>&nbsp;<\/p>\n<p><a href=\"http:\/\/www.mahag.com\/neufor\/viewtopic.php?f=7&amp;t=618&amp;p=65818#p65814\" target=\"_blank\">15.12.2013 \u2013 Zitat von Yuterez<\/a>:<\/p>\n<p>[&#8230;] Mit den vielen, vielen Anderen auf Ihrer Liste wird es sich wohl genauso verhalten.[&#8230;]<\/p>\n<p><span style=\"color: #ffffff;\">.<\/span><\/p>\n<p>&nbsp;<\/p>\n<p><a href=\"http:\/\/www.mahag.com\/neufor\/viewtopic.php?f=7&amp;t=618&amp;p=65818#p65816\" target=\"_blank\">15.12.2013 \u2013 Zitat von Jocelyne Lopez<\/a>:<\/p>\n<p>Wir wollen aber die Kommentare der &#8222;<i>j\u00fcdischen Elite Yukterez<\/i>&#8220; \u00fcber die anderen j\u00fcdischen Antisemiten des braunen Sumpfs der Physik aus meiner Liste.<\/p>\n<p>Also weiter: Wie ist es mit <a href=\"http:\/\/www.kritik-relativitaetstheorie.de\/2011\/08\/uber-die-bedenklichkeiten-der-neueren-relativitatstheorie\/\" target=\"_blank\">1911 &#8211; Paul Bernays<\/a>?<\/p>\n<p><span style=\"color: #ffffff;\">.<\/span><\/p>\n<p>&nbsp;<\/p>\n<p><a href=\"http:\/\/www.mahag.com\/neufor\/viewtopic.php?f=7&amp;t=618&amp;p=65818#p65817\" target=\"_blank\">15.12.2013 \u2013 Zitat von McDaniel-77<\/a>:<\/p>\n<p>[&#8230;] das Ehrenfest-Paradoxon gef\u00e4llt mir. So einfach, da muss man erst mal drauf kommen. \u00dcbrigens hei\u00dft es weiter unten im Text <a href=\"http:\/\/www.kritik-relativitaetstheorie.de\/2011\/09\/das-ehrenfest-paradoxon-widerlegt-die-relativitatstheorie\/\" target=\"_blank\">http:\/\/www.kritik-relativitaetstheorie.de\/2011\/09\/das-ehrenfest-paradoxon-widerlegt-die-relativitatstheorie\/<\/a>, dass die Spezielle Relativit\u00e4tstheorie\u00a0 f\u00fcr die Betrachtung von Rotationen unbrauchbar sei.<\/p>\n<p>Die Erde ist ein rotierendes System, das Sonnensystem rotiert und die Milchstra\u00dfe rotiert auch, also kann man die Spezielle Relativit\u00e4tstheorie endlich in die M\u00fclltonne werfen. [&#8230;]<\/p>\n<p><span style=\"color: #ffffff;\">\u00a0.<\/span><\/p>\n<p>&nbsp;<\/p>\n<p><a href=\"http:\/\/www.mahag.com\/neufor\/viewtopic.php?f=7&amp;t=618&amp;p=65818#p65818\" target=\"_blank\">15.12.2013 \u2013 Zitat von Jocelyne Lopez<\/a>:<\/p>\n<p>2009 sind umfangreiche Diskussionen im MAHAG-Forum gelaufen, alle mit demselben Ergebnis, dass das Ehrenfest-Paradoxon innerhalb der Speziellen Relativit\u00e4tstheorie unl\u00f6sbar ist.<\/p>\n<p>Siehe zum Beispiel Harald Maurer, der auch die Physiker Galeczki und Marquardt zitiert hatte:<\/p>\n<p style=\"padding-left: 30px;\"><a href=\"viewtopic.php?f=6&amp;t=48&amp;p=4354&amp;hilit=ehrenfest#p4353\" target=\"_blank\">Zitat Harald Maurer<\/a><b>:<\/b><br \/>\n[&#8230;]<br \/>\nDer Versuch, das Ehrenfest-Paradoxon ausschlie\u00dflich mit der Speziellen Relativit\u00e4tstheorie zu l\u00f6sen, ist zwecklos. F\u00fcr Einstein war dieses Paradoxon einer der Beweggr\u00fcnde, die Allgemeine Relativit\u00e4tstheorie zu entwickeln. Das Ehrenfest-Paradoxon eignet sich daher hervorragend zur Konstruktion von Stolpersteinen f\u00fcr die Spezielle Relativit\u00e4tstheorie, weil das Rad bei gleichbleibenden Radien und Winkeln aufgrund der W\u00f6lbung kleiner und dicker wird &#8211; also in Konflikt mit den y-und z-Dimensionen kommt, deren Koordinaten sich ja in der Speziellen Relativit\u00e4tstheorie nicht \u00e4ndern. Zahnradbahnen werden daher niedriger, Radk\u00e4sten werden zu klein etc. etc.<\/p>\n<p style=\"padding-left: 30px;\">Es kommt nicht von ungef\u00e4hr, dass Einstein just im Jahre 1909 in mehreren Arbeiten versuchte, die Spezielle Relativit\u00e4tstheorie ad acta zu legen, weil er erkannte, dass sie zu Widerspr\u00fcchen f\u00fchrt, wenn Gravitation und Rotation im Spiel sind. Die Spezielle Relativit\u00e4tstheorie (welche Einstein nach eigenen Worten bald zum Halse heraushing) faszinierte aber das Publikum zu sehr, als dass sie von ihr h\u00e4tten lassen k\u00f6nnen. Mit der Allgemeinen Relativit\u00e4tstheorie hat Einstein all diese Probleme l\u00f6sen k\u00f6nnen, aber zum Preis anderer skuriller Voraussetzungen. Immerhin hat sich die Allgemeine Relativit\u00e4tstheorie aufgrund ihrer Kompliziertheit und mathematisch hohen Anspr\u00fcche der Diskussion weitgehend entziehen k\u00f6nnen &#8211; aber auch ihrer allgemeinen Anwendung!<\/p>\n<p>Oder der Teilnehmer Faber, der sich sehr intensiv damit besch\u00e4ftigt hat, siehe zum Beispiel die Threads<\/p>\n<p style=\"padding-left: 30px;\"><a href=\"http:\/\/www.mahag.com\/neufor\/viewtopic.php?f=6&amp;t=340\" target=\"_blank\">Zum `Ehrenfest-Paradoxon&#8216; (Zur Zahnradbahn)<\/a><br \/>\noder<br \/>\n<a href=\"http:\/\/www.mahag.com\/neufor\/viewtopic.php?f=6&amp;t=48\" target=\"_blank\">Scheinbares? Garagenparadoxon &#8212; reloaded and exploded<\/a><\/p>\n<p>Der US-amerikanische Kritiker <a href=\"http:\/\/www.worldsci.org\/php\/index.php?tab0=Scientists&amp;tab1=Scientists&amp;tab2=Display&amp;id=170\" target=\"_blank\">Thomas E. Phipps<\/a> hat auch experimentell best\u00e4tigt, dass das Ehrenfest-Paradoxon die Spezielle Relativit\u00e4tstheorie widerlegt.<\/p>\n<p>Siehe auch die Abhandlung des Kritikers Peter Ripota: <a href=\"http:\/\/www.kritik-relativitaetstheorie.de\/2011\/03\/das-ehrenfestsche-paradoxon\/\" target=\"_blank\">Das Ehrenfestsche Paradoxon<\/a><\/p>\n<p>&nbsp;<\/p>\n<p>Das ist immer die gleiche Problematik, man kann sie nicht entgehen:<\/p>\n<p style=\"padding-left: 30px;\">&#8211; Es lohnt sich nicht mehr, die Spezielle Relativit\u00e4tstheorie zu widerlegen, das ist schon seit mehr als 100 Jahren geschehen, tausendfach, einschlie\u00dflich experimentell.<\/p>\n<p style=\"padding-left: 30px;\">&#8211; Es lohnt sich nicht mehr, \u00fcber die Spezielle Relativit\u00e4tstheorie zu diskutieren, das ist schon seit mehr als 100 Jahren geschehen, millionenfach, endlos.<\/p>\n<p>Die Thematik Spezielle Relativit\u00e4tstheorie ist keine wissenschaftliche Thematik, das ist eine gesellschaftliche Thematik.<br \/>\nDie Spezielle Relativit\u00e4tstheorie ist nicht Wissenschaft, sondern Wissenschaftsbetrug.<\/p>\n<p>Wenn Du was f\u00fcr die Wissenschaft tun m\u00f6chtest, kannst Du erst einmal nur etwas Gesellschaftliches tun, <b><span style=\"text-decoration: underline;\">als B\u00fcrger<\/span><\/b>, sonst nichts, die M\u00fche kann sich jeder Wissenschaftler seit 100 Jahren sparen:<\/p>\n<p style=\"padding-left: 30px;\"><a href=\"http:\/\/www.kritik-relativitaetstheorie.de\/2013\/11\/wissenschaftlicher-skandal-relativitaetstheorie-die-einzige-loesung-ist-der-rechtliche-weg\/\" target=\"_blank\">Wissenschaftlicher Skandal Relativit\u00e4tstheorie: Die einzige L\u00f6sung ist der rechtliche Weg<\/a><\/p>\n<p style=\"padding-left: 30px;\"><a href=\"http:\/\/www.kritik-relativitaetstheorie.de\/2013\/11\/skandal-relativitaetstheorie-der-staat-verstoesst-massiv-gegen-das-grundgesetz\/\" target=\"_blank\">Skandal Relativit\u00e4tstheorie: Der Staat verst\u00f6\u00dft massiv gegen das Grundgesetz<\/a><\/p>\n<p style=\"padding-left: 30px;\"><span style=\"color: #ffffff;\">.<\/span><\/p>\n","protected":false},"excerpt":{"rendered":"<p>Ich verweise auf Austausche im MAHAG-Forum, wo der Teilnehmer Yukterez, der sich mit dem Ausdruck \u201ej\u00fcdische Elite\u201c selbst schm\u00fcckt und mich wegen meiner angeblichen antisemitischen Motivation bei der Kritik der Relativit\u00e4tstheorie seit Jahren im Internet massiv stalkt, mich wiedermal im \u201ebraunen Sumpf\u201c der Kritiker der Relativit\u00e4tstheorie steckt: &nbsp; 14.12.2013 \u2013 Zitat von Yukterez: Nun, Lopez, [&hellip;]<\/p>\n","protected":false},"author":3,"featured_media":0,"comment_status":"closed","ping_status":"open","sticky":false,"template":"","format":"standard","meta":{"om_disable_all_campaigns":false,"_monsterinsights_skip_tracking":false,"_monsterinsights_sitenote_active":false,"_monsterinsights_sitenote_note":"","_monsterinsights_sitenote_category":0,"ngg_post_thumbnail":0,"footnotes":""},"categories":[13],"tags":[33,1335,16,149,270,4,338,177,339,967],"class_list":["post-5640","post","type-post","status-publish","format-standard","hentry","category-kritik-der-relativitatstheorie","tag-ekkehard-friebe","tag-go-mueller","tag-gom-projekt","tag-harald-maurer","tag-jocelyne-lopez","tag-kritik","tag-paul-ehrenfest","tag-peter-ripota","tag-reinhard-rohmer","tag-yukterez"],"aioseo_notices":[],"_links":{"self":[{"href":"https:\/\/www.jocelyne-lopez.de\/blog\/wp-json\/wp\/v2\/posts\/5640"}],"collection":[{"href":"https:\/\/www.jocelyne-lopez.de\/blog\/wp-json\/wp\/v2\/posts"}],"about":[{"href":"https:\/\/www.jocelyne-lopez.de\/blog\/wp-json\/wp\/v2\/types\/post"}],"author":[{"embeddable":true,"href":"https:\/\/www.jocelyne-lopez.de\/blog\/wp-json\/wp\/v2\/users\/3"}],"replies":[{"embeddable":true,"href":"https:\/\/www.jocelyne-lopez.de\/blog\/wp-json\/wp\/v2\/comments?post=5640"}],"version-history":[{"count":0,"href":"https:\/\/www.jocelyne-lopez.de\/blog\/wp-json\/wp\/v2\/posts\/5640\/revisions"}],"wp:attachment":[{"href":"https:\/\/www.jocelyne-lopez.de\/blog\/wp-json\/wp\/v2\/media?parent=5640"}],"wp:term":[{"taxonomy":"category","embeddable":true,"href":"https:\/\/www.jocelyne-lopez.de\/blog\/wp-json\/wp\/v2\/categories?post=5640"},{"taxonomy":"post_tag","embeddable":true,"href":"https:\/\/www.jocelyne-lopez.de\/blog\/wp-json\/wp\/v2\/tags?post=5640"}],"curies":[{"name":"wp","href":"https:\/\/api.w.org\/{rel}","templated":true}]}}