{"id":5636,"date":"2013-12-12T09:52:57","date_gmt":"2013-12-12T08:52:57","guid":{"rendered":"https:\/\/www.jocelyne-lopez.de\/blog\/?p=5636"},"modified":"2013-12-12T09:55:13","modified_gmt":"2013-12-12T08:55:13","slug":"luitpold-mayr-ausgezeichnetes-unterrichtmaterial-zur-kritik-der-speziellen-relativitaetstheorie","status":"publish","type":"post","link":"https:\/\/www.jocelyne-lopez.de\/blog\/2013\/12\/luitpold-mayr-ausgezeichnetes-unterrichtmaterial-zur-kritik-der-speziellen-relativitaetstheorie\/","title":{"rendered":"Luitpold Mayr: Ausgezeichnetes Unterrichtmaterial zur Kritik der Speziellen Relativit\u00e4tstheorie"},"content":{"rendered":"<p>Unter dem Motto \u201c<em>Sapere aude! Habe Mut, dich deines eigenen Verstandes zu bedienen!<\/em>\u201c von Immanuel Kant, bietet Luitpold Mayr in seinen Blogs <span style=\"mso-spacerun: yes;\">\u00a0<\/span>\u201e<strong>Zeit und Relativit\u00e4tstheorie<\/strong>\u201c und \u201e<strong>Was ist Zeit?<\/strong>\u201c kurze, pr\u00e4gnante <span style=\"mso-spacerun: yes;\">\u00a0<\/span>und kristallklare Texte zum Verst\u00e4ndnis des Zeitbegriffes. Seine Texte zeichnen sich durch Klarheit des Denkens und\u00a0 der Sprache, gepaart mit einem respektvollen Umgang mit Menschen und Wissenschaften. Sie sind aus meiner Sicht von hoher wissenschaftlicher und didaktischer Qualit\u00e4t:\u00a0 <span style=\"mso-spacerun: yes;\"><br \/>\n<\/span><\/p>\n<p class=\"MsoNormal\" style=\"padding-left: 30px;\"><a href=\" http:\/\/www.zeitrelativ.blogspot.de\/\" target=\"_blank\">Blog Zeit und Relativit\u00e4tstheorie<\/a><\/p>\n<p class=\"MsoNormal\" style=\"padding-left: 30px;\"><a href=\"http:\/\/www.zeitrelationen.blogspot.de\/\" target=\"_blank\">Blog Was ist Zeit?<\/a><\/p>\n<p class=\"MsoNormal\" style=\"padding-left: 30px;\"><a href=\"http:\/\/www.kritik-relativitaetstheorie.de\/?s=mayr\" target=\"_blank\">Auswahl von Beitr\u00e4gen<\/a> in unserem Blog \u201e<em>Kritische Stimmen zur Relativit\u00e4tstheorie<\/em>&#8222;<\/p>\n<p style=\"padding-left: 30px;\"><a href=\"http:\/\/www.kritik-relativitaetstheorie.de\/2013\/12\/eight-proofs-of-absolute-simultaneity\/#comments\" target=\"_blank\">Ein Artikel-Kommentar vom 11.12.13<\/a>\u00a0 \u00fcber die unendlich diskutierte Frage der &#8222;<em>Relativit\u00e4t der Gleichzeitigkeit<\/em>&#8222;<\/p>\n<p class=\"MsoNormal\"><span style=\"color: #ffffff;\">.<\/span><\/p>\n<p class=\"MsoNormal\">Sollte in Zukunft die Kritik der Speziellen Relativit\u00e4tstheorie im \u00f6ffentlichen Bildungssystem erlaubt sein und gelehrt werden, w\u00fcnsche ich mir, dass seine Ver\u00f6ffentlichungen zum Unterrichtmaterial herangezogen werden. Gro\u00dfartig!<\/p>\n<p class=\"MsoNormal\"><span style=\"color: #ffffff;\">.<\/span><\/p>\n","protected":false},"excerpt":{"rendered":"<p>Unter dem Motto \u201cSapere aude! Habe Mut, dich deines eigenen Verstandes zu bedienen!\u201c von Immanuel Kant, bietet Luitpold Mayr in seinen Blogs \u00a0\u201eZeit und Relativit\u00e4tstheorie\u201c und \u201eWas ist Zeit?\u201c kurze, pr\u00e4gnante \u00a0und kristallklare Texte zum Verst\u00e4ndnis des Zeitbegriffes. Seine Texte zeichnen sich durch Klarheit des Denkens und\u00a0 der Sprache, gepaart mit einem respektvollen Umgang mit [&hellip;]<\/p>\n","protected":false},"author":3,"featured_media":0,"comment_status":"closed","ping_status":"open","sticky":false,"template":"","format":"standard","meta":{"om_disable_all_campaigns":false,"_monsterinsights_skip_tracking":false,"ngg_post_thumbnail":0,"footnotes":""},"categories":[13],"tags":[33,1335,16,270,4,998],"class_list":["post-5636","post","type-post","status-publish","format-standard","hentry","category-kritik-der-relativitatstheorie","tag-ekkehard-friebe","tag-go-mueller","tag-gom-projekt","tag-jocelyne-lopez","tag-kritik","tag-luitpold-mayr"],"aioseo_notices":[],"_links":{"self":[{"href":"https:\/\/www.jocelyne-lopez.de\/blog\/wp-json\/wp\/v2\/posts\/5636"}],"collection":[{"href":"https:\/\/www.jocelyne-lopez.de\/blog\/wp-json\/wp\/v2\/posts"}],"about":[{"href":"https:\/\/www.jocelyne-lopez.de\/blog\/wp-json\/wp\/v2\/types\/post"}],"author":[{"embeddable":true,"href":"https:\/\/www.jocelyne-lopez.de\/blog\/wp-json\/wp\/v2\/users\/3"}],"replies":[{"embeddable":true,"href":"https:\/\/www.jocelyne-lopez.de\/blog\/wp-json\/wp\/v2\/comments?post=5636"}],"version-history":[{"count":0,"href":"https:\/\/www.jocelyne-lopez.de\/blog\/wp-json\/wp\/v2\/posts\/5636\/revisions"}],"wp:attachment":[{"href":"https:\/\/www.jocelyne-lopez.de\/blog\/wp-json\/wp\/v2\/media?parent=5636"}],"wp:term":[{"taxonomy":"category","embeddable":true,"href":"https:\/\/www.jocelyne-lopez.de\/blog\/wp-json\/wp\/v2\/categories?post=5636"},{"taxonomy":"post_tag","embeddable":true,"href":"https:\/\/www.jocelyne-lopez.de\/blog\/wp-json\/wp\/v2\/tags?post=5636"}],"curies":[{"name":"wp","href":"https:\/\/api.w.org\/{rel}","templated":true}]}}