{"id":5628,"date":"2013-12-08T12:02:13","date_gmt":"2013-12-08T11:02:13","guid":{"rendered":"https:\/\/www.jocelyne-lopez.de\/blog\/?p=5628"},"modified":"2013-12-08T12:02:13","modified_gmt":"2013-12-08T11:02:13","slug":"die-relativitaetstheorie-ist-nicht-wissenschaft-sondern-wissenschaftsbetrug","status":"publish","type":"post","link":"https:\/\/www.jocelyne-lopez.de\/blog\/2013\/12\/die-relativitaetstheorie-ist-nicht-wissenschaft-sondern-wissenschaftsbetrug\/","title":{"rendered":"Die Relativit\u00e4tstheorie ist nicht Wissenschaft, sondern Wissenschaftsbetrug"},"content":{"rendered":"<p>Ich verweise auf einen Austausch in unserem Blog &#8222;Kritische Stimmen zur Relativit\u00e4tstheorie&#8220; als Kommentare zum Artikel\u00a0 <a href=\"http:\/\/www.kritik-relativitaetstheorie.de\/2013\/12\/relativitaetstheorie-die-diplomatischen-antworten-der-etablierten-relativisten\/\" target=\"_blank\">Relativit\u00e4tstheorie: Die &#8222;diplomatischen&#8220; Antworten der etablirten Relativisten:<\/a><\/p>\n<p>&nbsp;<\/p>\n<p><a href=\"http:\/\/www.kritik-relativitaetstheorie.de\/2013\/12\/relativitaetstheorie-die-diplomatischen-antworten-der-etablierten-relativisten\/#comment-3932\" target=\"_blank\"> 06.12.2013 &#8211; Zitat von Luitpold Mayr<\/a>:<\/p>\n<p>[&#8230;] \u201cDagegen trifft die Behauptung relativer L\u00e4ngen (und Zeiten) nicht von Natur aus zu. Vielmehr handelt es sich dabei um eine Behauptung der Relativit\u00e4tstheorie. Wenn man L\u00e4ngen und Zeiten von einem relativ zum Messobjekt bewegten System aus misst, dann sind die Messergebnisse infolge wechselnder Lichtlaufzeit relativ <span style=\"text-decoration: underline;\">und m\u00fcssen korrigiert werden, um die wirklichen L\u00e4ngen und Zeiten zu erhalten<\/span>. Einstein schreibt allerdings vor, die relativen Messergebnisse, d.h. die unmittelbare Beobachtung <span style=\"text-decoration: underline;\">ohne Korrektur<\/span> als Wirklichkeit zu nehmen.\u201d [&#8230;]<br \/>\n[Hervorhebung durch Unterstreichung durch J. Lopez]<\/p>\n<p><span style=\"color: #ffffff;\">.<\/span><\/p>\n<p>&nbsp;<\/p>\n<p><a href=\"http:\/\/www.kritik-relativitaetstheorie.de\/2013\/12\/relativitaetstheorie-die-diplomatischen-antworten-der-etablierten-relativisten\/#comment-3941\" target=\"_blank\">08.12.2013 &#8211; Zitat von Jocelyne Lopez<\/a>:<\/p>\n<p>In der Praxis werden auch in der Tat diese Werte korrigiert, wie zum Beispiel bei der GPS Technologie, wo die Abweichungen der Uhreng\u00e4nge manuell von den Kontrollstationen am Boden korrigiert werden, siehe die Abhandlung von Harald Maurer: <a title=\"Permanenter Link zu Das M\u00e4rchen der GPS-Navigatore als Best\u00e4tigung der Relativit\u00e4tstheorie\" href=\"http:\/\/www.kritik-relativitaetstheorie.de\/2013\/05\/das-marchen-der-gps-navigatore-als-bestatigung-der-relativitatstheorie-2\/\" target=\"_blank\" rel=\"bookmark\">Das M\u00e4rchen der GPS-Navigatore als Best\u00e4tigung der Relativit\u00e4tstheorie<\/a>.<\/p>\n<p>Auch bei dem CERN Neutrinoexperiment wird diese Korrektur vorgenommen, sprich die Annahme c=const durch c+v korrigiert, siehe <a href=\"http:\/\/www.kritik-relativitaetstheorie.de\/2012\/07\/neutrino-experiment-anfrage-an-die-physikalisch-technische-bundesanstalt\/\" target=\"_blank\" rel=\"nofollow\">die Korrespondenz mit der PTB<\/a>.<\/p>\n<p>Das Problem ist nur, dass diese Korrekturen verschwiegen oder vertuscht werden, und dass man weiterhin offiziell verk\u00fcndet, dass sowohl die GPS-Technologie als auch das CERN-Neutrinoexperiment die Konstanz von c zu bewegten Beobachtern best\u00e4tigen.\u00a0 :- (<\/p>\n<p>Es gelten also weder argumentative noch experimentelle Widerlegungen der Speziellen Relativit\u00e4tstheorie. Das ist innerhalb der Wissenschaft nicht m\u00f6glich, definitiv nicht m\u00f6glich, das ist zurzeit vergebliche Liebesm\u00fche. Es bleibt also definitiv nur der rechtliche Weg \u00fcbrig, um diese Missst\u00e4nde in der Wissenschaft zu beseitigen: <a href=\"http:\/\/www.kritik-relativitaetstheorie.de\/2013\/11\/wissenschaftlicher-skandal-relativitaetstheorie-die-einzige-loesung-ist-der-rechtliche-weg\/\" target=\"_blank\" rel=\"nofollow\">Wissenschaftlicher Skandal Relativit\u00e4tstheorie: Die einzige L\u00f6sung ist der rechtliche Weg<\/a>, da es sich nicht um Wissenschaft handelt, sondern um Betrug in der Wissenschaft.<\/p>\n<p><span style=\"color: #ffffff;\">.<\/span><\/p>\n","protected":false},"excerpt":{"rendered":"<p>Ich verweise auf einen Austausch in unserem Blog &#8222;Kritische Stimmen zur Relativit\u00e4tstheorie&#8220; als Kommentare zum Artikel\u00a0 Relativit\u00e4tstheorie: Die &#8222;diplomatischen&#8220; Antworten der etablirten Relativisten: &nbsp; 06.12.2013 &#8211; Zitat von Luitpold Mayr: [&#8230;] \u201cDagegen trifft die Behauptung relativer L\u00e4ngen (und Zeiten) nicht von Natur aus zu. Vielmehr handelt es sich dabei um eine Behauptung der Relativit\u00e4tstheorie. Wenn [&hellip;]<\/p>\n","protected":false},"author":3,"featured_media":0,"comment_status":"closed","ping_status":"open","sticky":false,"template":"","format":"standard","meta":{"om_disable_all_campaigns":false,"_monsterinsights_skip_tracking":false,"ngg_post_thumbnail":0,"footnotes":""},"categories":[13],"tags":[915,895,33,1335,16,149,270,4,998,839],"class_list":["post-5628","post","type-post","status-publish","format-standard","hentry","category-kritik-der-relativitatstheorie","tag-cern-experimente","tag-cern-neutrino-experiment","tag-ekkehard-friebe","tag-go-mueller","tag-gom-projekt","tag-harald-maurer","tag-jocelyne-lopez","tag-kritik","tag-luitpold-mayr","tag-ptb"],"aioseo_notices":[],"_links":{"self":[{"href":"https:\/\/www.jocelyne-lopez.de\/blog\/wp-json\/wp\/v2\/posts\/5628"}],"collection":[{"href":"https:\/\/www.jocelyne-lopez.de\/blog\/wp-json\/wp\/v2\/posts"}],"about":[{"href":"https:\/\/www.jocelyne-lopez.de\/blog\/wp-json\/wp\/v2\/types\/post"}],"author":[{"embeddable":true,"href":"https:\/\/www.jocelyne-lopez.de\/blog\/wp-json\/wp\/v2\/users\/3"}],"replies":[{"embeddable":true,"href":"https:\/\/www.jocelyne-lopez.de\/blog\/wp-json\/wp\/v2\/comments?post=5628"}],"version-history":[{"count":0,"href":"https:\/\/www.jocelyne-lopez.de\/blog\/wp-json\/wp\/v2\/posts\/5628\/revisions"}],"wp:attachment":[{"href":"https:\/\/www.jocelyne-lopez.de\/blog\/wp-json\/wp\/v2\/media?parent=5628"}],"wp:term":[{"taxonomy":"category","embeddable":true,"href":"https:\/\/www.jocelyne-lopez.de\/blog\/wp-json\/wp\/v2\/categories?post=5628"},{"taxonomy":"post_tag","embeddable":true,"href":"https:\/\/www.jocelyne-lopez.de\/blog\/wp-json\/wp\/v2\/tags?post=5628"}],"curies":[{"name":"wp","href":"https:\/\/api.w.org\/{rel}","templated":true}]}}