{"id":5620,"date":"2013-12-05T08:16:10","date_gmt":"2013-12-05T07:16:10","guid":{"rendered":"https:\/\/www.jocelyne-lopez.de\/blog\/?p=5620"},"modified":"2013-12-05T08:32:22","modified_gmt":"2013-12-05T07:32:22","slug":"urknalltheorie-kann-die-vouivre-daran-glauben","status":"publish","type":"post","link":"https:\/\/www.jocelyne-lopez.de\/blog\/2013\/12\/urknalltheorie-kann-die-vouivre-daran-glauben\/","title":{"rendered":"Urknalltheorie: Kann die Vouivre daran glauben?"},"content":{"rendered":"<p>Ich verweise auf einen Austausch mit einem Teilnehmer, der im MAHAG-Forum die umstrittene\u00a0 Urknalltheorie der modernen Physik analysiert &#8211; und selbst eine physikalische Theorie ohne Urknall aufgestellt hat:<\/p>\n<p><span style=\"color: #ffffff;\">.<\/span><br \/>\n<a href=\"http:\/\/www.mahag.com\/neufor\/viewtopic.php?f=7&amp;p=65410#p65400\" target=\"_blank\">03.12.2013 \u2013 Zitat von McDaniel-77<\/a>:<\/p>\n<p>[&#8230;] Warum suchen wir Menschen in der Kosmologie einen Anfang mit Tendenzen Richtung Ende? Weil Menschen geboren werden und sterben. Ein Kommen und Gehen. [&#8230;]<\/p>\n<p>&nbsp;<\/p>\n<p><a href=\"http:\/\/www.mahag.com\/neufor\/viewtopic.php?f=7&amp;p=65410#p65405\" target=\"_blank\">03.12.213 \u2013 Zitat von Jocelyne Lopez<\/a>:<\/p>\n<p>Das stimmt, es f\u00e4llt uns schwer, uns die Unendlichkeit vorzustellen, weil wir selbst endlich sind.<\/p>\n<p>Deshalb suchen wir intuitiv immer nach einem Anfang und einem Ende f\u00fcr alles, was wir erleben oder empfinden. Die Unendlichkeit k\u00f6nnen wir nicht aus nat\u00fcrlicher Weise konkret erleben und empfinden, wie wir alle anderen Naturerscheinungen aus nat\u00fcrlicher Weise konkret erleben und empfinden k\u00f6nnen, da fehlen uns daf\u00fcr die entsprechenden Sinne bzw. die entsprechenden Hirnwindungen. Sich als endlicher Mensch die Unendlichkeit vorzustellen (was jeder von uns wohl schon als Kind versucht hat) ist eine rein abstrakte Leistung unseres Geistes und sie ist zwangsl\u00e4ufig sehr primitiv, weil unser Gehirn eben nicht daf\u00fcr gebaut ist, diese Abstraktion zu produzieren. Deshalb produzieren wir lieber in allen Kulturen und seit jeher Genesis-Geschichten, von religi\u00f6ser Art, von weltanschaulicher Art und auch jetzt mit dem Urknall von \u201ewissenschaftlicher\u201c Art.<\/p>\n<p>Wie w\u00fcrden wir die Welt und die Naturerscheinungen erleben und empfinden, wenn wir nicht endlich w\u00e4ren, also wenn wir nicht das Bestreben h\u00e4tten, zeitliche Abschnitte zu bilden, einen Anfang und ein Ende f\u00fcr alle zu suchen? Das kann eigentlich keiner sagen. Man k\u00f6nnte vielleicht sagen, dass wir dann zum Beispiel die Zeitdauer von Ereignissen nie messen w\u00fcrden, weil sie uns nicht interessieren w\u00fcrde und f\u00fcr uns die Zeit unbrauchbar und bedeutungslos w\u00e4re. Wie ist ein Dasein, wo die Zeit keine Rolle spielt, wo sie doch in unserem endlichen Dasein die grundlegende Rolle spielt?<\/p>\n<p>Ich habe mich als Jugendliche beim Lesen des Romans \u201eLa Vouivre\u201c von <a href=\"http:\/\/de.wikipedia.org\/wiki\/Marcel_Aym%C3%A9\" target=\"_blank\">Marcel Aym\u00e9<\/a> mal diese Fragen gestellt, der Anla\u00df zu solchen Gedanken liefert. Der Roman erz\u00e4hlt einen Abschnitt im Leben der \u201eVouivre\u201c: Nach einer Legende aus der Burgund ist \u201edie Vouivre\u201c ein unsterbliches M\u00e4dchen, das wild im Wald lebt und ein Diadem mit einem gro\u00dfen Rubin tr\u00e4gt. Es wird von Schlangen begleitet und gesch\u00fctzt, die sofort angreifen, wenn jemand sich dem M\u00e4dchen n\u00e4hert. Eines Tages sieht ein junger Bauer die Vouivre beim Baden und n\u00e4hert sich. Die Schlangen erscheinen sofort, aber das M\u00e4dchen pfeift sie zur\u00fcck. Die beiden kn\u00fcpfen dann einen Kontakt, der junge Mann verliebt sich an die Vouivre. Verliebt sich die Vouivre an den jungen Mann? Auf jeden Fall scheint seine Gesellschaft der Vouivre zu gefallen, sie erlaubt ihm, sie wieder zu besuchen und sie verabreden sich \u00f6fter. Durch irgendwelche Umst\u00e4nde kommt eines Tages der junge Mann ohne Verabredung, die Vouivre ist am Baden und sieht ihn nicht rechtszeitig, um die Schlangen zur\u00fcckzupfeifen. Die Schlangen bei\u00dfen den jungen Mann, der in den Armen der Vouivre stirbt.<\/p>\n<p>Was hat die Vouivre empfunden? Das ganze Leben des jungen Mannes und ihre ganze gemeinsame zeitliche Zusammensein war f\u00fcr sie nicht einmal so lang wie der Bruchteil einer Sekunde. Hat sein Tod einen Schmerz ausgel\u00f6st, der nicht einmal so stark wie ein Nadelstich war? Oder wom\u00f6glich gar nichts, gar nichts Wahrnehmbares, aus Mangel an Dauer?<\/p>\n<p>Immer wenn ich nach S\u00fcdfrankreich fahre, mache ich m\u00f6glichst Halt an der Autobahnrastst\u00e4tte in der Burgund, die \u201eLa Vouivre\u201c hei\u00dft. Dort gibt es auch einen kleinen See. Badet sie immer noch da? Ich habe zwar immer geguckt, aber gesehen habe ich sie leider nie. ;- )<\/p>\n<p><span style=\"color: #ffffff;\">.<\/span><\/p>\n<p><span style=\"color: #ffffff;\">.<\/span><\/p>\n<p style=\"text-align: center;\"><img loading=\"lazy\" decoding=\"async\" class=\"alignnone\" alt=\"\" src=\"https:\/\/encrypted-tbn1.gstatic.com\/images?q=tbn:ANd9GcT12S0z9VkRcumqCRmWNOirvkHC7jq39RaU-w5PT32xFd7RyQQ-Iw\" width=\"385\" height=\"194\" \/><\/p>\n<h6 style=\"text-align: center;\"><em>Bild: <a href=\"http:\/\/www.cinematheque.fr\/data\/museo\/visites\/images\/6186519e-2b37-4d93-a896-000000000322.jpg\">La cin\u00e9math\u00e8que <\/a><a href=\"http:\/\/www.cinematheque.fr\/data\/museo\/visites\/images\/6186519e-2b37-4d93-a896-000000000322.jpg\">fran<\/a><a href=\"http:\/\/www.cinematheque.fr\/data\/museo\/visites\/images\/6186519e-2b37-4d93-a896-000000000322.jpg\">\u00e7aise<\/a> (aus\u00a0einer Verfilmung des\u00a0Romans von Marcel Aym\u00e9)<\/em><\/h6>\n<p><span style=\"color: #ffffff;\">.<\/span><\/p>\n<p>Kann die Vouivre Gef\u00fchle empfinden? Und kann sie an die Urknalltheorie glauben?<\/p>\n<p><span style=\"color: #ffffff;\">.<\/span><\/p>\n","protected":false},"excerpt":{"rendered":"<p>Ich verweise auf einen Austausch mit einem Teilnehmer, der im MAHAG-Forum die umstrittene\u00a0 Urknalltheorie der modernen Physik analysiert &#8211; und selbst eine physikalische Theorie ohne Urknall aufgestellt hat: . 03.12.2013 \u2013 Zitat von McDaniel-77: [&#8230;] Warum suchen wir Menschen in der Kosmologie einen Anfang mit Tendenzen Richtung Ende? Weil Menschen geboren werden und sterben. Ein [&hellip;]<\/p>\n","protected":false},"author":3,"featured_media":0,"comment_status":"closed","ping_status":"open","sticky":false,"template":"","format":"standard","meta":{"om_disable_all_campaigns":false,"_monsterinsights_skip_tracking":false,"ngg_post_thumbnail":0,"footnotes":""},"categories":[13],"tags":[33,1335,16,270,4],"class_list":["post-5620","post","type-post","status-publish","format-standard","hentry","category-kritik-der-relativitatstheorie","tag-ekkehard-friebe","tag-go-mueller","tag-gom-projekt","tag-jocelyne-lopez","tag-kritik"],"aioseo_notices":[],"_links":{"self":[{"href":"https:\/\/www.jocelyne-lopez.de\/blog\/wp-json\/wp\/v2\/posts\/5620"}],"collection":[{"href":"https:\/\/www.jocelyne-lopez.de\/blog\/wp-json\/wp\/v2\/posts"}],"about":[{"href":"https:\/\/www.jocelyne-lopez.de\/blog\/wp-json\/wp\/v2\/types\/post"}],"author":[{"embeddable":true,"href":"https:\/\/www.jocelyne-lopez.de\/blog\/wp-json\/wp\/v2\/users\/3"}],"replies":[{"embeddable":true,"href":"https:\/\/www.jocelyne-lopez.de\/blog\/wp-json\/wp\/v2\/comments?post=5620"}],"version-history":[{"count":0,"href":"https:\/\/www.jocelyne-lopez.de\/blog\/wp-json\/wp\/v2\/posts\/5620\/revisions"}],"wp:attachment":[{"href":"https:\/\/www.jocelyne-lopez.de\/blog\/wp-json\/wp\/v2\/media?parent=5620"}],"wp:term":[{"taxonomy":"category","embeddable":true,"href":"https:\/\/www.jocelyne-lopez.de\/blog\/wp-json\/wp\/v2\/categories?post=5620"},{"taxonomy":"post_tag","embeddable":true,"href":"https:\/\/www.jocelyne-lopez.de\/blog\/wp-json\/wp\/v2\/tags?post=5620"}],"curies":[{"name":"wp","href":"https:\/\/api.w.org\/{rel}","templated":true}]}}