{"id":5348,"date":"2013-01-13T19:09:27","date_gmt":"2013-01-13T18:09:27","guid":{"rendered":"https:\/\/www.jocelyne-lopez.de\/blog\/?p=5348"},"modified":"2013-01-19T17:46:57","modified_gmt":"2013-01-19T16:46:57","slug":"dritter-blog-artikel-von-markus-possel-bei-scilogs-uber-den-umgang-mit-kritikern-der-relativitatstheorie","status":"publish","type":"post","link":"https:\/\/www.jocelyne-lopez.de\/blog\/2013\/01\/dritter-blog-artikel-von-markus-possel-bei-scilogs-uber-den-umgang-mit-kritikern-der-relativitatstheorie\/","title":{"rendered":"Dritter Blog-Artikel von Markus P\u00f6ssel bei SciLogs \u00fcber den Umgang mit Kritikern der Relativit\u00e4tstheorie"},"content":{"rendered":"<p>Nach zwei Meta-Diskussionen des Bloggers Markus P\u00f6ssel auf SciLogs \u00fcber den Umgang mit Kritikern der Relativit\u00e4tstheorie bzw. mit kritischen Teilnehmern, wo es in erster Linie\u00a0um meine Person ging:\u00a0<\/p>\n<p style=\"PADDING-LEFT: 60px\">Juli 2010: <a href=\"http:\/\/www.scilogs.de\/wblogs\/blog\/relativ-einfach\/zweifelhaftes\/2010-07-17\/kritiker-diskussionen\">Diskussionen mit unorthodoxen Kritikern<\/a><br \/>\nDez. 2012: <a href=\"http:\/\/www.scilogs.de\/wblogs\/blog\/relativ-einfach\/allgemein\/2012-12-25\/kontroverse-kommentare\">Zuk\u00fcnftiger Umgang mit Blog-Kommentaren auf &#8222;Relativ einfach&#8220;<\/a><\/p>\n<p>er\u00f6ffnet Markus P\u00f6ssel eine 3. Metadiskussion \u00fcber diese Thematik:\n<\/p>\n<p style=\"PADDING-LEFT: 60px\">Januar 2013 : <a href=\"http:\/\/www.scilogs.de\/wblogs\/blog\/relativ-einfach\/allgemein\/2013-01-12\/blog-kommentare-relativ-einfach\">Kommentare auf &#8222;Relativ einfach&#8220; &#8211; v2<\/a><\/p>\n<p>Wie gehabt werden weiterhin Kommentare von mir nicht freigeschaltet und somit meine Meinungen als Hauptbetroffene unterdr\u00fcckt. Nachstehend zwei weitere Kommentare von mir, die von Markus P\u00f6ssel nicht freigeschaltet wurden:<\/p>\n<p>\u00a0<\/p>\n<p><a href=\"http:\/\/www.scilogs.de\/wblogs\/blog\/relativ-einfach\/allgemein\/2012-12-25\/kontroverse-kommentare\/page\/2#comment-44301\" target=\"_blank\">09.01.2013 \u2013 21:10 Uhr: Zitat Jochen Ebel<\/a>:<\/p>\n<p>[&#8230;] Genau das, was diese \u201eKritiker\u201c den Fachleuten zu Unrecht vorwerfen \u2013 die Diskussion verweigern \u2013 was z.B. Jocelyne Lopez macht, indem Sie Vorhaltungen zu Ihrem Verhalten einfach ignoriert und neue Vorw\u00fcrfe erfindet. [&#8230;]<\/p>\n<p>\u00a0<\/p>\n<p><strong>12.01.12 \u2013 Kommentar von Jocelyne Lopez<\/strong> <span style=\"color: #ff0000;\">(von Markus P\u00f6ssel nicht frei geschaltet)<\/span><\/p>\n<p>Hier verbreiten Sie falsche Informationen:\u00a0<\/p>\n<p>1) Ich \u201e<em>erfinde<\/em>\u201c nicht \u201e<em>neue Vorw\u00fcrfe<\/em>\u201c, sondern ich habe das Verhalten von Markus P\u00f6ssel als Blogbetreiber moniert, dass er Schm\u00e4hkritik gegen Ekkehard Friebe und mich, sowie gegen das GOM-Projekt, dessen Interesse wir in der \u00d6ffentlichkeit vertreten, in seinem Blog zugelassen und sich damit diese Anschuldigung zu eigen gemacht hat. Jemanden als Sektenanf\u00fchrer oder Sektenanh\u00e4nger zu beschuldigen f\u00e4llt rechtlich auf gar keinen Fall unter der Meinungsfreiheit. Das ist eine falsche Tatsachenbehauptung bzw. eine Verleumdung, die zur Ver\u00e4chtlichmachung der beschuldigten Personen in der \u00d6ffentlichkeit dienen soll.\u00a0<\/p>\n<p>2) Ich habe mich an einem Austausch zwischen Markus P\u00f6ssel und einem Teilnehmer \u00fcber die Thematisierung der in der \u00d6ffentlichkeit verbreiteten Beschuldigung oder Unterstellung beteiligt, dass die Kritiker der Relativit\u00e4tstheorie aus antisemitischer und rassistischer Motivation die Theorie kritisieren w\u00fcrden (zum Beispiel durch Milena Wazeck oder auch bei SciLogs durch den Blogger Joachim Schulz). Die Anschuldigung, dass jemanden ein Antisemit oder Rassist sei, f\u00e4llt rechtlich auch nicht unter der Meinungsfreiheit, sondern ist gravierende Schm\u00e4hkritik. Siehe zum Beispiel einen Bescheid des Landgerichts K\u00f6ln vom 04.09.08:<\/p>\n<p>Zitat \u201e<em>Die 28. Zivilkammer weist darauf hin, dass der Antisemitismusvorwurf vor dem Hintergrund des Nationalsozialismus besonders schwer wiegt. Er sei wie kaum ein anderer geeignet, den mit dieser Geisteshaltung in Verbindung Gebrachten in den Augen der \u00d6ffentlichkeit herabzusetzen<\/em>.\u201c\u00a0<\/p>\n<p>Viele Gr\u00fc\u00dfe<br \/>\nJocelyne Lopez<\/p>\n<p>\u00a0<\/p>\n<p><a href=\"http:\/\/www.scilogs.de\/wblogs\/blog\/relativ-einfach\/allgemein\/2013-01-12\/blog-kommentare-relativ-einfach#comment-44364\" target=\"_blank\">13.01.12 12:33 Uhr Zitat Markus P\u00f6ssel<\/a>:<\/p>\n<p>[&#8230;] Zur Frage der strafrechtlich relevanten Beleidigungen: In der wirklichen Welt ist das ganze komplizierter, als Sie es hier darstellen. Ich hatte \u00fcber das Dickicht von wahren und unwahren Tatsachenbehauptungen im Unterschied zu (zul\u00e4ssigen, unzul\u00e4ssigen&#8230;) Meinungs\u00e4u\u00dferungen damals im Zusammenhang mit dem <a href=\"http:\/\/www.scilogs.de\/wblogs\/blog\/relativ-einfach\/wissenschaft-medien\/2011-12-08\/rahmstorf-im-zerrspiegel\" target=\"_blank\">SPIEGEL-Artikel \u00fcber Stefan Rahmstorf<\/a> ja bereits gebloggt. Die Einsch\u00e4tzung, wann das eine, wann das andere vorliegt, wird in schwierigeren F\u00e4llen erst vor Gericht getroffen. Der Blogbeitrag bietet als interessantes Beispiel die Behauptung Rahmstorfs, eine bestimmte Journalistin habe den IPCC-Bericht gar nicht gelesen. Naiv gesehen eine Tatsachenbehauptung: Dass die Journalistin den Bericht gelesen oder nicht gelesen hat ist ein Faktum. Vom Gericht aber als Meinungs\u00e4u\u00dferung gewertet: Der Durchschnittsleser, so die Aussage, verst\u00fcnde sehr wohl, dass die Behauptung im allgemeineren Sinne, also sinngem\u00e4\u00df als &#8222;nicht richtig\/nicht sorgf\u00e4ltig genug gelesen&#8220; gemeint sei. Denken Sie ruhig mal dar\u00fcber nach, ob die von Ihnen monierten F\u00e4lle nicht \u00e4hnlich gelagert sind.\u201c[&#8230;]<\/p>\n<p>\u00a0<\/p>\n<p><strong>13.01.12 \u2013 15:00 Uhr \u2013 Beitrag von Jocelyne Lopez<\/strong> <span style=\"color: #ff0000;\">(von Markus P\u00f6ssel nicht freigeschaltet)<\/span>:<\/p>\n<p>Dass die in Ihrem Blog verbreitete Behauptung &#8211; die\u00a0Sie sich rechtlich zu Eigen gemacht haben indem\u00a0Sie meine Aufforderungen zur L\u00f6schung\u00a0ignorierten &#8211;\u00a0 Ekkehard Friebe, die Forschungsgruppe G.O. Mueller und ich seien eine vom Hass zerfressene \u201eSekte\u201c,\u00a0 deren\u00a0 fanatische \u201eHetzseiten\u201c hier nicht zu verlinken sein d\u00fcrfen, ein schwieriger Fall f\u00fcr die Einsch\u00e4tzung zwischen Meinungsfreiheit und falscher Tatsachenbehauptung bzw. schwerwiegender Verleumdung sei, die erst vor Gericht getroffen werden k\u00f6nnte, zeugt nicht nur von Ihrem geringf\u00fcgigen Rechtsgef\u00fchl, sondern vor allem auch von Ihrer inneren feindseligen Einstellung zu der Kritik der Relativit\u00e4tstheorie und zu den Tausenden von kritischen Autoren, die \u00fcber eine Zeitspanne von 95 Jahren durch die Forschungsgruppe G.O. Mueller seit 10 Jahren in der \u00d6ffentlichkeit vorgestellt werden.\u00a0<\/p>\n<p>Dass die Redaktion von SciLogs solche \u00c4u\u00dferungen auf seiner Plattform duldet bzw. sich zu eigen macht, zeugt auch von ihrer grunds\u00e4tzlichen feindseligen Einstellung zur Kritik der Relativit\u00e4tstheorie und zu kritischen Autoren oder Teilnehmern, die sie schon in anderen Blogs in den letzten Jahren gezeigt hat:\u00a0<\/p>\n<p>&#8211; Massive pers\u00f6nliche Anfeindungen und Schm\u00e4hkritik im SciLogs-Blog Ihrer Mitarbeiterin Carolin Liefke <a href=\"http:\/\/www.scilogs.de\/kosmo\/blog\/astronomers-do-it-at-night\/immer-rger-mit...\/2009-05-09\/einstein-widerleger-und-co\" target=\"_blank\">Einsteins Widerleger &amp; Co<\/a> .<\/p>\n<p>&#8211; Einstellung 2010 des ChronoLogs-Blog <a href=\"http:\/\/www.scilogs.de\/chrono\/blog\/briefe-aus-meiner-muhle\" target=\"_blank\">Briefe aus meiner M\u00fchle<\/a>\u00a0 des kritischen Bloggers Wolfgang Herrig, wobei es Hinweise im Internet gibt, dass diese Einstellung auf Veranlassung von anonymen Figuren aus dem illegalen Internet-Pranger \u201eAlpha Centauri \/ RelativKritisch\u201c (der Anla\u00df zu Strafanzeigen gegen Unbekannt gegeben hat) zustande gekommen sei.<\/p>\n<p>&#8211; Duldung des Antisemitismus-Vorwurfs gegen die Kritiker der Relativit\u00e4tstheorie durch den Blogger Joachim Schulz in seinem SciLogs <a href=\"http:\/\/www.scilogs.de\/wblogs\/blog\/quantenwelt\/ber-den-tellerrand\/2012-02-14\/herzlichen-gl-ckwunsch-relativkritisch\" target=\"_blank\">Herzliche Gl\u00fcckw\u00fcnsche RelativKritisch<\/a>, sowie\u00a0 Duldung der Verlinkung auf den illegalen Internet-Pranger \u201eAlpha Centauri \/ RelativKritisch\u201c, der seit 2006 solche Vorw\u00fcrfe massiv und in besonderer aggressiver und niedertr\u00e4chtiger Weise im Internet verbreitet.<\/p>\n<p>Viele Gr\u00fc\u00dfe<br \/>\nJocelyne Lopez<\/p>\n<p>\u00a0<\/p>\n<p>\u00a0<\/p>\n<p>&#8212;&#8212;&#8212;&#8212;&#8212;&#8212;&#8212;&#8212;&#8212;&#8212;&#8212;&#8212;&#8212;&#8212;&#8212;&#8212;&#8212;&#8212;&#8212;&#8212;&#8211;<br \/>\nSiehe auch in diesem Zusammenhang:<strong>\u00a0<\/strong><\/p>\n<p><a href=\"https:\/\/www.jocelyne-lopez.de\/blog\/2012\/10\/nicht-freigeschaltete-beitrage-im-blog-von-markus-possel\/\" target=\"_blank\">Nicht freigeschaltete Beitr\u00e4ge im Blog von Markus P\u00f6ssel <\/a><\/p>\n<p><a href=\"https:\/\/www.jocelyne-lopez.de\/blog\/2012\/10\/der-blogger-markus-possel-und-schmahkritik-uber-jocelyne-lopez\/\" target=\"_blank\">Der Blogger Markus P\u00f6ssel und Schm\u00e4hkritik \u00fcber Jocelyne Lopez <\/a><\/p>\n<p><a href=\"https:\/\/www.jocelyne-lopez.de\/blog\/2012\/12\/blog-von-markus-possel-bei-scilogs-und-die-%e2%80%9egom-sekte%e2%80%9c\/\">Blog von Markus P\u00f6ssel bei SciLogs und die \u201eGOM-Sekte\u201c <\/a><\/p>\n<p><a href=\"https:\/\/www.jocelyne-lopez.de\/blog\/2012\/12\/blog-%e2%80%9eeinstein-verstehen%e2%80%9c-von-markus-possel-und-die-%e2%80%9egom-sekte%e2%80%9c\/\" target=\"_blank\">Blog \u201eEinstein verstehen\u201c von Markus P\u00f6ssel und die \u201eGOM-Sekte\u201c <\/a><\/p>\n<p><a href=\"https:\/\/www.jocelyne-lopez.de\/blog\/2012\/12\/bitte-um-loschun-von-schmahkritik-im-blog-von-markus-possel-an-die-redaktion-von-scilogs\/\" target=\"_blank\">Bitte um L\u00f6schung von Schm\u00e4hkritik im Blog von Markus P\u00f6ssel an die Redaktion von \u201cSciLogs\u201d <\/a><\/p>\n<p><a href=\"https:\/\/www.jocelyne-lopez.de\/blog\/2013\/01\/blog-von-markus-possel-relativitatstheorie-und-geschichtsfalschung\/\">Blog von Markus P\u00f6ssel : Relativit\u00e4tstheorie und Geschichtsf\u00e4lschung <\/a><\/p>\n","protected":false},"excerpt":{"rendered":"<p>Nach zwei Meta-Diskussionen des Bloggers Markus P\u00f6ssel auf SciLogs \u00fcber den Umgang mit Kritikern der Relativit\u00e4tstheorie bzw. mit kritischen Teilnehmern, wo es in erster Linie\u00a0um meine Person ging:\u00a0 Juli 2010: Diskussionen mit unorthodoxen Kritikern Dez. 2012: Zuk\u00fcnftiger Umgang mit Blog-Kommentaren auf &#8222;Relativ einfach&#8220; er\u00f6ffnet Markus P\u00f6ssel eine 3. Metadiskussion \u00fcber diese Thematik: Januar 2013 : [&hellip;]<\/p>\n","protected":false},"author":3,"featured_media":0,"comment_status":"closed","ping_status":"open","sticky":false,"template":"","format":"standard","meta":{"om_disable_all_campaigns":false,"_monsterinsights_skip_tracking":false,"_monsterinsights_sitenote_active":false,"_monsterinsights_sitenote_note":"","_monsterinsights_sitenote_category":0,"ngg_post_thumbnail":0,"footnotes":""},"categories":[11,13],"tags":[530,33,1335,16,599,270,1336,183,637],"class_list":["post-5348","post","type-post","status-publish","format-standard","hentry","category-go-mueller","category-kritik-der-relativitatstheorie","tag-carolin-liefke","tag-ekkehard-friebe","tag-go-mueller","tag-gom-projekt","tag-joachim-schulz","tag-jocelyne-lopez","tag-kritik-der-relativitatstheorie","tag-markus-possel","tag-wolfgang-herrig"],"aioseo_notices":[],"_links":{"self":[{"href":"https:\/\/www.jocelyne-lopez.de\/blog\/wp-json\/wp\/v2\/posts\/5348"}],"collection":[{"href":"https:\/\/www.jocelyne-lopez.de\/blog\/wp-json\/wp\/v2\/posts"}],"about":[{"href":"https:\/\/www.jocelyne-lopez.de\/blog\/wp-json\/wp\/v2\/types\/post"}],"author":[{"embeddable":true,"href":"https:\/\/www.jocelyne-lopez.de\/blog\/wp-json\/wp\/v2\/users\/3"}],"replies":[{"embeddable":true,"href":"https:\/\/www.jocelyne-lopez.de\/blog\/wp-json\/wp\/v2\/comments?post=5348"}],"version-history":[{"count":0,"href":"https:\/\/www.jocelyne-lopez.de\/blog\/wp-json\/wp\/v2\/posts\/5348\/revisions"}],"wp:attachment":[{"href":"https:\/\/www.jocelyne-lopez.de\/blog\/wp-json\/wp\/v2\/media?parent=5348"}],"wp:term":[{"taxonomy":"category","embeddable":true,"href":"https:\/\/www.jocelyne-lopez.de\/blog\/wp-json\/wp\/v2\/categories?post=5348"},{"taxonomy":"post_tag","embeddable":true,"href":"https:\/\/www.jocelyne-lopez.de\/blog\/wp-json\/wp\/v2\/tags?post=5348"}],"curies":[{"name":"wp","href":"https:\/\/api.w.org\/{rel}","templated":true}]}}