{"id":5310,"date":"2012-12-13T11:10:04","date_gmt":"2012-12-13T10:10:04","guid":{"rendered":"https:\/\/www.jocelyne-lopez.de\/blog\/?p=5310"},"modified":"2014-04-23T07:52:50","modified_gmt":"2014-04-23T06:52:50","slug":"tierversuche-von-andreas-kreiter-affen-leiden-anders-leiden-auch-die-richter-des-bremer-oberverwaltungsgerichts-anders","status":"publish","type":"post","link":"https:\/\/www.jocelyne-lopez.de\/blog\/2012\/12\/tierversuche-von-andreas-kreiter-affen-leiden-anders-leiden-auch-die-richter-des-bremer-oberverwaltungsgerichts-anders\/","title":{"rendered":"Tierversuche von Andreas Kreiter: Affen leiden anders? Leiden auch die Richter des Bremer Oberverwaltungsgerichts anders?"},"content":{"rendered":"<p>Wie die Vereinigung <em>\u00c4rzte gegen Tierversuche e.V.<\/em> es schon am Tag der Urteilsverk\u00fcndung im Fall der Klage der Universit\u00e4t Bremen es mitgeteilt hat, d\u00fcrfen die horrenden Experimente des Hirnforschers Andreas Kreiter weiter fortgef\u00fchrt werden, siehe meinen gestrigen Blog-Eintrag: <a href=\"https:\/\/www.jocelyne-lopez.de\/blog\/2012\/12\/hirnforschung-die-bremer-versuchsaffen-durfen-zu-ende-massakriert-werden\/\" target=\"_blank\">Hirnforschung: Die Bremer Versuchsaffen d\u00fcrfen zu Ende massakriert werden <\/a>.<\/p>\n<p>Wie es aus diesem Artikel und aus den nachstehenden Artikeln aus der Presse zu entnehmen ist, beruht die Entscheidung der Richter des Bremer OVG einzig auf ihrem eigenen, pers\u00f6nlichen\u00a0Ermessen, dass die Versuchstiere nur \u201e<em>m\u00e4\u00dfig<\/em>\u201c bei diesen Versuchen leiden w\u00fcrden:<\/p>\n<p>&nbsp;<\/p>\n<p style=\"padding-left: 60px;\"><a href=\"http:\/\/www.aerzte-gegen-tierversuche.de\/component\/content\/article\/20-neuigkeiten\/1066-vernichtendes-gerichtsurteil-in-bremen-.html\" target=\"_blank\">Zitat \u00c4rtze gegen Tierversuche e.V.<\/a> :<\/p>\n<p style=\"padding-left: 60px;\">[&#8230;] Wie in Bremen, wurden auch in M\u00fcnchen und Berlin vergleichbare Hirnversuche an Affen ebenfalls abgelehnt, da die Beh\u00f6rden das Leid der Tiere als zu hoch und den medizinischen Nutzen als nicht gegeben sahen. Die in M\u00fcnchen zust\u00e4ndige Beh\u00f6rde machte in ihrem Ablehnungsbescheid 2008 deutlich: \u00bbUm einem lebensbedrohlichen Leiden (Durst) zu entrinnen, f\u00fcgt sich das Tier in ein anderes erhebliches Leiden (Kopffixierung im Primatenstuhl).\u00ab Die betroffenen Experimentatoren akzeptierten im Gegensatz zu Kreiter die Ablehnung ihrer Tierversuche. [&#8230;]<\/p>\n<p>&nbsp;<\/p>\n<p style=\"text-align: justify; padding-left: 60px;\"><a href=\"http:\/\/www.taz.de\/Tierversuche-in-Bremen\/!107274\/\" target=\"_blank\">Zitat TAZ.de &#8211; Affen leiden anders<\/a>:<\/p>\n<p style=\"text-align: justify; padding-left: 60px;\">Das Bremer Oberverwaltungsgericht hat am Dienstag in einem jahrelangen Rechtsstreit entschieden: Die zust\u00e4ndige Gesundheitsbeh\u00f6rde darf die Experimente des <a href=\"http:\/\/www.brain.uni-bremen.de\/research\/forschung.htm\" target=\"_blank\">Neurobiologen Andreas Kreiter<\/a> mit Makaken-Affen nicht untersagen. Die Belastung der Tiere, so das Gericht, sei eine \u201em\u00e4\u00dfige\u201c, die Abw\u00e4gung mit den Belangen des Tierschutzes m\u00fcsse daher eindeutig zu Gunsten der Wissenschaft ausfallen. Eine Revision vor dem Bundes-verwaltungsgericht lie\u00dfen die Richter nicht zu. [&#8230;]<\/p>\n<p style=\"text-align: justify; padding-left: 60px;\">\n<p style=\"text-align: justify; padding-left: 60px;\"><a href=\"http:\/\/www.weser-kurier.de\/bremen\/wirtschaft2_artikel,-Kreiter-darf-Arbeit-fortsetzen-_arid,454185.html\" target=\"_blank\">Zitat Weserkurier<\/a>:<\/p>\n<p style=\"text-align: justify; padding-left: 60px;\">[&#8230;] Wie sehr werden die Tiere gequ\u00e4lt und l\u00e4sst sich das rechtfertigen? &#8222;Der Schl\u00fcssel des Verfahrens&#8220;, sagte Hans Alexy, Vorsitzender Richter am OVG. Und genau an diesem Punkt trafen die Positionen unvers\u00f6hnlich aufeinander. W\u00e4hrend die Gesundheitsbeh\u00f6rde von Zust\u00e4nden ausgeht, bei denen es gar nicht anders sein k\u00f6nne, als dass die Affen schweren k\u00f6rperlichen und seelischen Zumutungen ausgesetzt seien, spricht die Gegenseite von allenfalls m\u00e4\u00dfigen Belastungen. &#8222;Mehr als zehn Jahre Forschung beweisen das&#8220;, sagte Wolfgang L\u00f6wer, der in dem Verfahren die Universit\u00e4t vertrat.<\/p>\n<p style=\"text-align: justify; padding-left: 60px;\">Eine Sichtweise, die von dem OVG geteilt wird, so sehr, dass in der Begr\u00fcndung sogar die gleichen Worte gew\u00e4hlt werden. &#8222;Das OVG ist aufgrund einer Auswertung der verschiedenen Gutachten und Stellungnahmen zu dem Ergebnis gelangt, dass die Tiere durch die Versuche allenfalls m\u00e4\u00dfigen Belastungen ausgesetzt sind&#8220;, hei\u00dft es in einer Mitteilung vom Abend. Dabei habe das Gericht ber\u00fccksichtigt, dass diese Versuche bereits seit 1998 durchgef\u00fchrt werden. [&#8230;]<\/p>\n<p style=\"text-align: justify; padding-left: 60px;\">\n<p style=\"text-align: justify; padding-left: 60px;\"><a href=\"http:\/\/www.radiobremen.de\/politik\/nachrichten\/affenversucheunibremengerichtentscheidung100.html\" target=\"_blank\">Zitat Radio Bremen:<\/a><\/p>\n<p style=\"padding-left: 60px;\">[&#8230;] Der Neurobiologe Andreas Kreiter erforscht seit Ende der 1990er Jahre, wie das Gehirn von Affen funktioniert. Im Jahr 2007 beschloss die Bremische B\u00fcrgerschaft, dass damit Schluss sein soll, weil die Tiere nach \u00dcberzeugung der Gesundheitsbeh\u00f6rde zu sehr leiden. Der Wissenschaftler und die Leitung der Universit\u00e4t sehen das anders. Die Makaken-Affen w\u00fcrden nur gering belastet, so ein Uni-Sprecher. Au\u00dferdem seien die Experimente ohne Affen nicht zu machen. [&#8230;]<\/p>\n<p style=\"text-align: justify; padding-left: 60px;\">\n<p style=\"text-align: justify; padding-left: 60px;\"><a href=\" http:\/\/www.focus.de\/wissen\/natur\/tiere-und-pflanzen\/ethisch-vertretbar-bremer-gericht-erlaubt-forschern-affen-experimente_aid_879681.html\" target=\"_blank\">Zitat Focus online<\/a>:<\/p>\n<p style=\"padding-left: 60px;\">[&#8230;] Die Affen leiden \u201em\u00e4\u00dfig\u201c stark unter den Versuchen, sagen die Richter<\/p>\n<p style=\"text-align: justify; padding-left: 60px;\">Bei der Verhandlung am Dienstag ging es im Wesentlichen um die Frage, wie stark die Tiere unter den Versuchen leiden. Beide Seiten f\u00fchrten Gutachten mit unterschiedlichen Bewertungen dazu an. Das Gericht ging bei seiner Entscheidung von einer m\u00e4\u00dfigen Belastung der Tiere aus. [&#8230;]<\/p>\n<p>&nbsp;<\/p>\n<p>Tats\u00e4chlich? Die Tiere leiden nach dem Ermessen der Bremer OVG-Richter nur\u00a0\u201e<em>m\u00e4ssig<\/em>\u201c bei diesen Experimenten? Das Bohren des Sch\u00e4dels, die Implantierung von Elektroden im Gehirn, der massige Wasserentzug, die stundenlange Fixierung des Kopfs auf Primatenst\u00fchlen w\u00e4hrend den \u201e\u00dcbungen\u201c, diese jahrelange Tortur bis zum anschlie\u00dfenden T\u00f6ten der Tiere, das alles ist f\u00fcr die \u00a0Richter des Bremer OVG nur \u201e<em>m\u00e4ssiges<\/em>\u201c Leiden? Haben die OVG-Richter ihr Empfinden von Leiden und Grausamkeit etwa bei Frankenstein- und sonstige Gewalt und Horror-Filmen entwickelt? Wollen uns die Richter eine Welt der Gewalt, des Horrors, des Alptraums und der Grausamkeit aufzwingen?<\/p>\n<p>Und was ist mit der lebenslangen Gefangenschaft der\u00a0 Tiere im Einzelhaft, wie Andreas Kreiter sich grinsend vor den K\u00e4figen seiner Opfer fotografieren l\u00e4sst? Ist etwa auch\u00a0eine lebenslange Gefangenschaft ein \u201e<em>m\u00e4ssiges Leiden<\/em>\u201c f\u00fcr die Richter des Bremer OVG? Haben die Richter des Bremer OVG Sehnsucht nach K\u00e4fighaltung oder nach den mittelalterlichen Verliesen von grausamen Despoten? Meinen etwa die Richter des Bremer OVG, dass hoch empfindliche und psychisch hochentwickelte Wesen wie Affen oder Menschen &#8211; die hier bei diesem Forschungszweck wissenschaftlich gleichgestellt werden &#8211; unter einer lebenslangen Gefangenschaft nicht leiden, gebrochen und zerst\u00f6rt werden? Glauben etwa die Richter des Bremer OVG, dass irgendwelche wissenschaftliche Beobachtungen und Messungen an Tiere oder Menschen, die unter dieser extremen lebenslangen Belastung vorgenommen werden, irgendwelche aussagekr\u00e4ftige und brauchbare Erkenntnisse f\u00fcr die Heilung von nat\u00fcrlich entstandenen Krankheiten bei Menschen gewonnen werden k\u00f6nnen? Ist den Richtern der Bremer OVG noch nicht hinreichend bekannt, dass Gewalt Menschen und Tiere physisch und seelisch ver\u00e4ndern\u00a0und zerst\u00f6ren? \u00a0Brauchen die Richter der Bremer OVG noch Beweise daf\u00fcr? In welcher Welt des \u201e<em>m\u00e4ssigen<\/em>\u201c Gr\u00e4uels leben die Richter des Bremer OVG?<\/p>\n<p>Und was ist mit der im Voraus genehmigten T\u00f6tung der Versuchstiere nach den Experimenten? Ist auch der Tod f\u00fcr die Richter des OVG ein \u201e<em>m\u00e4ssiger<\/em>\u201c Schaden f\u00fcr Menschen oder Tiere? In welcher Welt der Gewalt und der Zerst\u00f6rung leben die Richter des Bremer\u00a0OVG mit ihrem Ermessen von \u201e<em>m\u00e4\u00dfigen<\/em>\u201c Schmerzen, Leiden und Sch\u00e4den?<\/p>\n<p>Und was ist mit der horrenden T\u00f6tung der Tiere nach den Experimenten? Ist das auch f\u00fcr die Richter des Bremer OVG \u201e<em>m\u00e4ssiges Leiden<\/em>\u201c? Im Internet kursieren z.B. Informationen, dass der Hirnforscher Wolf Singer, der schon seit Jahrzehnten die gleichen Experimente an Primaten in Frankfurt beim Max Planck Institut f\u00fcr Hirnforschung durchf\u00fchrt (Andreas Kreiter ist sein eifriger Sch\u00fcler in Bremen), die Gehirne seiner jahrelang gequ\u00e4lten Versuchstiere bei lebendigem Leib und ohne Narkose seziert, siehe zum Beispiel mit schockierendem Bild: <a href=\"http:\/\/jena.waldenburg.org\/themen-und-texte\/tierversuche-in-jena\/41-wolf-singer-und-seine-tierversuche\" target=\"_blank\">Wolf Singer und seine Tierversuche<\/a>\u00a0oder <a href=\"http:\/\/www.seniorentreff.de\/diskussion\/archiv7\/a185.html\" target=\"_blank\">Prof. Dr. Wolf Singer forscht an den Hirnen lebender und nicht-betaeubter Tiere&#8230;<\/a> . Ist f\u00fcr die Richter des Bremer OVG das S\u00e4gen des Sch\u00e4dels und das Sezieren des Gehirns beim Bewu\u00dftsein etwa ein \u201e<em>m\u00e4ssiges Leiden<\/em>\u201c?<\/p>\n<p>Und was ist mit den erheblichen Kollateralsch\u00e4den von solchen horrenden Versuchen f\u00fcr Menschen und Gesellschaft? Haben sich die Richter des Bremer OVG dar\u00fcber Gedanken gemacht? \u00a0Siehe: <a href=\"https:\/\/www.jocelyne-lopez.de\/blog\/2012\/04\/gravierende-kollateralschaden-der-tierversuche-fur-mensch-und-gesellschaft\/\">Gravierende Kollateralsch\u00e4den der Tierversuche f\u00fcr Mensch und Gesellschaft. <\/a>Offensichtlich leiden Millionen von Menschen anders als die Richter des Bremer OVG.<\/p>\n<p>Welche Welt des Grauens, der Gewalt, der Angst und des Leidens wollen uns die Richter des Bremer OVG mit ihrem fragw\u00fcrdigen pers\u00f6nlichen Ermessen von \u201e<em>m\u00e4ssigen<\/em>\u201c Schmerzen, Leiden und Sch\u00e4den aufzwingen? Das ist eine fremde Welt, eine Welt der horrenden Vergangenheit und Gegenwart, das ist eine von der \u00fcberwiegenden Mehrheit der Bev\u00f6lkerung Deutschlands abgelehnte Welt, die sie auch durch ihre demokratisch gew\u00e4hlten legislativen Vertreter zum Ausdruck gebracht hat, nicht nur f\u00fcr die Bremer Bev\u00f6lkerung:<\/p>\n<p style=\"text-align: justify; padding-left: 60px;\"><a href=\"http:\/\/www.weser-kurier.de\/bremen\/wirtschaft2_artikel,-Kreiter-darf-Arbeit-fortsetzen-_arid,454185.html\" target=\"_blank\">Zitat Weser Kurier<\/a>: <a href=\"http:\/\/www.weser-kurier.de\/bremen\/wirtschaft2_artikel,-Kreiter-darf-Arbeit-fortsetzen-_arid,454185.html\">l<\/a><\/p>\n<p style=\"text-align: justify; padding-left: 60px;\">[&#8230;] Die Gesundheitsbeh\u00f6rde geht davon aus und hat das gestern noch einmal betont, dass die Affen gro\u00dfes Leid erdulden m\u00fcssen. Es sei deswegen unter ethischen Gesichtspunkten unvertretbar, weiter Versuche an ihnen auszu\u00fcben. Zumal, so der Prozessbevollm\u00e4chtigte Wolfgang Ewer, ein Verwaltungsrechtler aus Kiel, den Experimenten kein messbarer Nutzen gegen\u00fcberstehe.<br \/>\n[&#8230;]<br \/>\nGrunds\u00e4tzlich, so der Anwalt, tr\u00e4fen bei dem Streit zwei verfassungsrechtliche Positionen aufeinander: die Wissenschaftsfreiheit und der Tierschutz, der seit zehn Jahren als Staatsziel im Grundgesetz verankert sei. &#8222;Und wer anderes als die demokratisch legitimierte Exekutive kann festlegen, welchem der beiden Rechtsg\u00fcter nach sorgf\u00e4ltiger Abw\u00e4gung der Vorrang gegeben wird?&#8220;, erkl\u00e4rte Ewer.<\/p>\n<p>&nbsp;<\/p>\n<p>Ja, wer anderes als die demokratisch legitimierte Exekutive und Legislative kann festlegen, wie Affen und Menschen leiden? Bestimmt nicht allein die Richter des\u00a0Bremer OVG. Wir sind das Volk, wir k\u00e4mpfen weiter, gegen die Leiden der Versuchstiere und gegen unsere eigenen Leiden.\u00a0Gegen Grauel, Angst und Gewalt. Wir k\u00e4mpfen weiter, auch wenn die Bremer Versuchsaffen zu Ende massakriert werden d\u00fcrfen, weil die Richter des Bremer OVG \u201e<em>anders leiden<\/em>\u201c und anders denken, vorsichtshalber ohne Revision, damit das besser beim Volk sitzen kann.<\/p>\n<p>Wie ist es mit einer Revision beim Bundesverfassungsgericht, wenn die Bremer OVG-Richter eine Revision beim Bundesveraltungsgericht ausgeschlossen haben?<\/p>\n<p>&nbsp;<\/p>\n<p>&#8212;&#8212;&#8212;&#8212;&#8212;&#8212;&#8212;-<br \/>\nSiehe auch:<\/p>\n<p><a href=\"https:\/\/www.jocelyne-lopez.de\/blog\/2014\/04\/primatenversuche-in-bremen-andreas-kreiter-macht-eiskalt-weiter\/\" target=\"_blank\" rel=\"bookmark\">Primatenversuche in Bremen: Andreas Kreiter macht eiskalt weiter<br \/>\n<\/a><\/p>\n<p>&nbsp;<\/p>\n<p align=\"center\">\u2014\u2014\u2014\u2014\u2014\u2014\u2014\u2014\u2014\u2014\u2014\u2014\u2014\u2014\u2014\u2014\u2014\u2014<\/p>\n<p align=\"center\"><strong><span style=\"color: #008080;\">In Liebe und z\u00e4rtlichem Gedenken der vergessenen Tiere,<br \/>\n<\/span><\/strong><span style=\"color: #56a997;\"><strong><span style=\"color: #008080;\">in Stehs\u00e4rgen ohne N\u00e4chte und Tage,<br \/>\nin den Forschungslaboratorien von Medizin und Wissenschaft,<br \/>\ndenn sie sind die Opfer eines endlosen, irren Verbrechens.<br \/>\n(anonym<\/span>)<\/strong><\/span><\/p>\n<p align=\"center\"><span style=\"color: #56a997;\"><strong><span style=\"color: #ffffff;\">.<\/span><\/strong><\/span><\/p>\n<p align=\"center\">\n","protected":false},"excerpt":{"rendered":"<p>Wie die Vereinigung \u00c4rzte gegen Tierversuche e.V. es schon am Tag der Urteilsverk\u00fcndung im Fall der Klage der Universit\u00e4t Bremen es mitgeteilt hat, d\u00fcrfen die horrenden Experimente des Hirnforschers Andreas Kreiter weiter fortgef\u00fchrt werden, siehe meinen gestrigen Blog-Eintrag: Hirnforschung: Die Bremer Versuchsaffen d\u00fcrfen zu Ende massakriert werden . Wie es aus diesem Artikel und aus [&hellip;]<\/p>\n","protected":false},"author":3,"featured_media":0,"comment_status":"closed","ping_status":"open","sticky":false,"template":"","format":"standard","meta":{"om_disable_all_campaigns":false,"_monsterinsights_skip_tracking":false,"_monsterinsights_sitenote_active":false,"_monsterinsights_sitenote_note":"","_monsterinsights_sitenote_category":0,"ngg_post_thumbnail":0,"footnotes":""},"categories":[9],"tags":[830,873,270,874,831,143,8,7,1334,185,877],"class_list":["post-5310","post","type-post","status-publish","format-standard","hentry","category-tierversuche-abschaffen","tag-affenversuche","tag-andrea-kreiter","tag-jocelyne-lopez","tag-ovg-bremen","tag-primatenversuche","tag-prof-dr-wolf-singer","tag-tierrechte","tag-tierschutz","tag-tierversuche-abschaffen","tag-wolf-singer","tag-wolfgang-ewer"],"aioseo_notices":[],"_links":{"self":[{"href":"https:\/\/www.jocelyne-lopez.de\/blog\/wp-json\/wp\/v2\/posts\/5310"}],"collection":[{"href":"https:\/\/www.jocelyne-lopez.de\/blog\/wp-json\/wp\/v2\/posts"}],"about":[{"href":"https:\/\/www.jocelyne-lopez.de\/blog\/wp-json\/wp\/v2\/types\/post"}],"author":[{"embeddable":true,"href":"https:\/\/www.jocelyne-lopez.de\/blog\/wp-json\/wp\/v2\/users\/3"}],"replies":[{"embeddable":true,"href":"https:\/\/www.jocelyne-lopez.de\/blog\/wp-json\/wp\/v2\/comments?post=5310"}],"version-history":[{"count":0,"href":"https:\/\/www.jocelyne-lopez.de\/blog\/wp-json\/wp\/v2\/posts\/5310\/revisions"}],"wp:attachment":[{"href":"https:\/\/www.jocelyne-lopez.de\/blog\/wp-json\/wp\/v2\/media?parent=5310"}],"wp:term":[{"taxonomy":"category","embeddable":true,"href":"https:\/\/www.jocelyne-lopez.de\/blog\/wp-json\/wp\/v2\/categories?post=5310"},{"taxonomy":"post_tag","embeddable":true,"href":"https:\/\/www.jocelyne-lopez.de\/blog\/wp-json\/wp\/v2\/tags?post=5310"}],"curies":[{"name":"wp","href":"https:\/\/api.w.org\/{rel}","templated":true}]}}