{"id":5146,"date":"2012-04-25T05:40:55","date_gmt":"2012-04-25T04:40:55","guid":{"rendered":"https:\/\/www.jocelyne-lopez.de\/blog\/?p=5146"},"modified":"2012-06-22T16:19:33","modified_gmt":"2012-06-22T15:19:33","slug":"die-bundeskanzlerin-wird-gebeten-sich-nicht-fur-die-klarung-von-intransparenten-umstanden-um-die-relativitatstheorie-einzubringen","status":"publish","type":"post","link":"https:\/\/www.jocelyne-lopez.de\/blog\/2012\/04\/die-bundeskanzlerin-wird-gebeten-sich-nicht-fur-die-klarung-von-intransparenten-umstanden-um-die-relativitatstheorie-einzubringen\/","title":{"rendered":"Die Bundeskanzlerin  wird gebeten, sich nicht f\u00fcr die Kl\u00e4rung von intransparenten Umst\u00e4nden um die Relativit\u00e4tstheorie einzubringen"},"content":{"rendered":"<p>Ich komme auf meine <a href=\"https:\/\/www.jocelyne-lopez.de\/blog\/2012\/04\/zweite-bitte-an-die-bundeskanzlerin-angela-merkel-in-ihrem-blog-%e2%80%9everbannung-der-relativitatstheorie-aus-forschung-und-lehre%e2%80%9c\/\" target=\"_blank\">2. Bitte an die Bundeskanzlerin Merkel<\/a> in ihrem Blog &#8222;<em>Verbannung der Relativit\u00e4tstheorie aus Forschung und Lehre<\/em>&#8220; im Rahmen des Projekts \u201e<em>Zukunftsdialog<\/em>\u201c zur\u00fcck.<\/p>\n<p>Ein\u00a0 Teilnehmer hat daraufhin auch eine Bitte an Frau Merkel gerichtet und sie darum gebeten, sich weder f\u00fcr die Beantwortung meiner <a href=\"http:\/\/www.kritik-relativitaetstheorie.de\/2012\/04\/bitte-an-die-bundeskanzlerin-angela-merkel-in-ihrem-blog-%e2%80%9cverbannung-der-relativitatstheorie-aus-forschung-und-lehre%e2%80%9d\/\" target=\"_blank\">Anfrage an die zust\u00e4ndige und verantwortliche Beh\u00f6rde f\u00fcr die Vermittlung der Relativit\u00e4tstheorie im Bildungssystem<\/a>,\u00a0noch f\u00fcr meine <a href=\"http:\/\/www.kritik-relativitaetstheorie.de\/2012\/04\/zweite-bitte-an-die-bundeskanzlerin-angela-merkel-in-ihrem-blog-%e2%80%9everbannung-der-relativitatstheorie-aus-forschung-und-lehre%e2%80%9c\/\" target=\"_blank\">Bitte um Pr\u00fcfung des umstrittenen Experiments Hafele\/Keating<\/a>\u00a0einzubringen:<\/p>\n<p>\u00a0<\/p>\n<p style=\"PADDING-LEFT: 60px\"><strong><a href=\"https:\/\/www.dialog-ueber-deutschland.de\/DE\/20-Vorschlaege\/30-Wie-Lernen\/Einzelansicht\/vorschlaege_einzelansicht_node.html?cms_idIdea=14740\" target=\"_blank\">23.04.2012 um 22:14 Uhr \u2013 Zitat von Herr Senf<\/a><\/strong><\/p>\n<p style=\"PADDING-LEFT: 60px\">Dritte Bitte an Frau Bundeskanzlerin Angela Merkel<br \/>\n__________\n<\/p>\n<p style=\"PADDING-LEFT: 60px\">Sehr geehrte Frau Dr. Merkel,<\/p>\n<p style=\"PADDING-LEFT: 60px\">bitte kommen Sie der Zweiten wie auch der Ersten Bitte von Frau Lopez nicht nach!<br \/>\nBegr\u00fcndung: Frau Lopez verlangt die \u00dcberpr\u00fcfung US-amerikanischer Physiker und Laboratorien durch &lt; zust\u00e4ndige und verantwortliche Beh\u00f6rden &gt; Deutschlands.\n<\/p>\n<p style=\"PADDING-LEFT: 60px\">Sowohl f\u00fcr die USA als auch die BRD gilt Wissenschaftsfreiheit. Beh\u00f6rden sind weder f\u00fcr Forschungsergebnisse zust\u00e4ndig noch verantwortlich. Die Wissenschaft pr\u00fcft sich st\u00e4ndig selbst und akzeptiert nur wiederholt best\u00e4tigte Ergebnisse, seri\u00f6se Ver\u00f6ffentlichungen durchlaufen ein peer review und zwar international, die Kritiker diskriminieren lediglich die Wissenschaft in Pseydozeitschriften und Eigenverlagen.<\/p>\n<p style=\"PADDING-LEFT: 60px\">Die Hafele-Keating-Messungen von 1971 wurden m\u00f6glich, weil die Atomuhren damals eine daf\u00fcr erforderliche Genauigkeit erreicht hatten, um die gravitative und die relativistische Zeitdilatation an Bord von Flugzeugen direkt zu messen, was beim Westw\u00e4rtsflug mit 10% Genauigkeit m\u00f6glich war.<br \/>\nDas National Physical Laboratory NPL wiederholte die Fl\u00fcge 1996 und 2010 mit erh\u00f6hter Pr\u00e4zision durch den Fortschritt der Atomuhren- und \u00dcbertragungstechnik.\n<\/p>\n<p style=\"PADDING-LEFT: 60px\">Die gravitative und relativistische Zeitdilatation m\u00fcssen im GPS-System hardware-seitig ber\u00fccksichtigt werden (ebenso Galileo, Glonass &#8230;), weil die Navigation sonst aufgrund der kumulativen Zeitverschiebungen die Genauigkeit besser als 10 bzw 1 Meter nach kurzer Zeit verlieren w\u00fcrde.<\/p>\n<p>\u00a0<\/p>\n<p>Dazu meine Kommentare im Blog der Bundeskanzlerin:<\/p>\n<p>\u00a0<\/p>\n<p style=\"PADDING-LEFT: 60px\"><strong>24.04.12 &#8211; Zitat Jocelyne Lopez:<\/strong><\/p>\n<p style=\"PADDING-LEFT: 60px\">Es gilt weder f\u00fcr die USA noch f\u00fcr die BRD die Freiheit, F\u00e4lschung und Betrug zu begehen, siehe:<\/p>\n<p style=\"PADDING-LEFT: 90px\"><a href=\"http:\/\/www.kritik-relativitaetstheorie.de\/2009\/11\/was-sagen-die-jura-experten-zur-rechtlichen-untersuchung-von-%E2%80%9Elug-und-trug-in-den-wissenschaften%E2%80%9C\/\" target=\"_blank\">Was sagen die Jura-Experten zur rechtlichen Untersuchung von \u201eLug und Trug in den Wissenschaften? <\/a>:<\/p>\n<p style=\"PADDING-LEFT: 90px\">\u00a0[&#8230;] Die interne Verantwortung des Wissenschaftlers realisiert sich in der Beachtung der Standards guter wissenschaftlicher Praxis. Traurige Ber\u00fchmtheit wissenschaftlichen Fehlverhalten haben die \u201egro\u00dfen\u201d Betrugsf\u00e4lle, wie etwa die F\u00e4lschungen des Nanophysikers Jan Hendrik Sch\u00f6n, erlangt. J\u00fcngste Studien aus den Vereinigten Staaten belegen aber, dass diese gleichsam nur die Spitze eines Eisbergs bilden. So haben von rund 3000 anonym befragten Wissenschaftlern der National Institutes of Health ein Drittel zugegeben, in den vergangenen drei Jahren mindestens einmal gegen die Standards guter wissenschaftlicher Praxis versto\u00dfen zu haben. \u201eLug und Trug in den Wissenschaften\u201d sind allerdings auch in Deutschland ein Thema, wie die dreistellige Zahl von F\u00e4llen, die dem Ombudsmann der DFG vorliegen [&#8230;]<\/p>\n<p style=\"PADDING-LEFT: 90px\">Dahinter steht die Erkenntnis, die der Wissenschaftshistoriker Michael Hagner treffend auf den Punkt gebracht hat: \u201e<em>Die soziokulturelle Brisanz von Betrug und F\u00e4lschung besteht schlicht darin, dass wenn die Naturwissenschaften dieses Problem nicht in absehbarer Zeit von innen heraus l\u00f6sen k\u00f6nnen, dann werden es andere f\u00fcr sie tun<\/em>\u201c. (Prof. Dr. Martin Schulte)<\/p>\n<p style=\"PADDING-LEFT: 60px\">\u00a0<\/p>\n<p style=\"PADDING-LEFT: 60px\"><strong>24.02.12 \u2013 Zitat von Jocelyne Lopez:<\/strong><\/p>\n<p style=\"PADDING-LEFT: 60px\">Lesen Sie bitte die Antwort vom 20.02.12 der Bundesministerin f\u00fcr Bildung und Forschung Annette Schavan:<\/p>\n<p style=\"PADDING-LEFT: 90px\"><a href=\"http:\/\/www.kritik-relativitaetstheorie.de\/2012\/03\/antwort-der-bundesministerin-annette-schavan-auf-meine-anfrage-wegen-vermittlung-der-relativitatstheorie-im-bildungssystem\/\" target=\"_blank\">Antwort der Bundesministerin Annette Schavan auf meine Anfrage wegen Vermittlung der Relativit\u00e4tstheorie im Bildungssystem<\/a> :<\/p>\n<p style=\"PADDING-LEFT: 90px\">[&#8230;] F\u00fcr Fragen der schulischen Bildung \u2013 und somit auch f\u00fcr Unterrichtsinhalte \u2013 sind entsprechend unserer f\u00f6deralen staatlichen Ordnung die L\u00e4nder verantwortlich.<br \/>\nDeshalb sollte hier der Kontakt mit<\/p>\n<p style=\"PADDING-LEFT: 90px\">* dem Sekretariat der Kultusministerkonferenz der L\u00e4nder \u2013 KMK (Sekretariat der St\u00e4ndigen Konferenz der Kultusminister der L\u00e4nder in der Bundesrepublik Deutschland)<br \/>\nbzw. Schulwesen im Sekretariat der Kultusministerkonferenz\n<\/p>\n<p style=\"PADDING-LEFT: 90px\">aufgenommen werden.<\/p>\n<p style=\"PADDING-LEFT: 60px\"><strong>\u00a0<\/strong><\/p>\n<p style=\"PADDING-LEFT: 60px\"><strong>24.02.12 \u2013 Zitat von Jocelyne Lopez:<\/strong>\u00a0<\/p>\n<p style=\"PADDING-LEFT: 60px\">Auch der Vorwurf der Manipulation der Ergebnisse des Sonnenfinsternis 1919 sollte eingehend gepr\u00fcft werden: Detaillierte Analysen der Beobachtungen von 1919, ihrer Bedingungen und Ergebnisse, und der vom Experimentator vorgetragenen Auswertung haben ergeben, dass die Ergebnisse nicht so zustande gekommen sind, wie offiziell behauptet wird, und beweisen nicht, was sie angeblich beweisen sollen, siehe:<br \/>\n<a href=\"http:\/\/www.kritik-relativitaetstheorie.de\/2011\/07\/manipulation-der-ergebnisse-der-sonnenfinsternis-von-1919\/\" target=\"_blank\">Manipulation der Ergebnisse der Sonnenfinsternis von 1919<\/a>\n<\/p>\n<p style=\"PADDING-LEFT: 60px\">\u00a0<\/p>\n<p style=\"PADDING-LEFT: 60px\"><strong>24.02.12 \u2013 Zitat von Jocelyne Lopez:<\/strong><\/p>\n<p style=\"PADDING-LEFT: 60px\">Hier w\u00e4re zum Beispiel meiner Meinung nach auch angebracht, dass eine offizielle Pr\u00fcfung der fragw\u00fcrdigen Strukturen der Deutsche Forschungsgemeinschaft vorgenommen wird, die Jahr f\u00fcr Jahr Forschungsgelder aus der Steuerkasse anonym und ohne Kontrolle in Milliardenh\u00f6he verteilt, siehe in der FAZ ein ganzseitiger Artikel vom 18.10.11 von zwei Experten:<\/p>\n<p style=\"PADDING-LEFT: 90px\"><a href=\"http:\/\/www.faz.net\/aktuell\/feuilleton\/forschung-und-lehre\/kritik-an-der-dfg-die-freie-wissenschaft-ist-bedroht-11497511.html\" target=\"_blank\">Die freie Wissenschaft ist bedroht<\/a><br \/>\nF\u00f6rdert die m\u00e4chtige Deutsche Forschungsgemeinschaft (DFG) den Ideenklau und die Selbstbedienung?<br \/>\nTransparenz ist f\u00fcr sie ein Fremdwort. Dieses Monopol ist bedenklich.<br \/>\nVon Roland Reu\u00df und Volker Rieble\n<\/p>\n<p style=\"PADDING-LEFT: 60px\">Die Relativit\u00e4tstheorie, sowie relativit\u00e4tstheoriekonforme Antr\u00e4ge beschlagnahmen anonym seit Jahrzehnten den L\u00f6wenanteil der Forschungsgelder aus der Steuerkasse in der theoretischen Physik, was f\u00fcr einen Zufall. Bei dem letzten millionenschweren Experiment hat das jedoch nicht einmal ausgereicht, um einen vern\u00fcnftigen Kabel zur Best\u00e4tigung der Staatstheorie zu kaufen. Was sollen die Steuerzahler dar\u00fcber denken?<\/p>\n<p style=\"PADDING-LEFT: 60px\">\u00a0<\/p>\n<p style=\"PADDING-LEFT: 60px\"><strong>24.02.12 &#8211; Zitat von Jocelyne Lopez:<\/strong><\/p>\n<p style=\"PADDING-LEFT: 60px\">Auch die seit Jahrzehnten aus vielen Quellen erhobenen Vorw\u00fcrfe des Plagiats durch Albert Einstein von Henri Poincar\u00e9, David Hilbert und Eli Cartan, wissenschaftlich und historisch belegt, sollten gepr\u00fcft werden, zum Beispiel:<\/p>\n<p style=\"PADDING-LEFT: 90px\"><a href=\"http:\/\/termessos.de\/EinsteinHilbert.htm\" target=\"_blank\">\u201czwei wirkliche Kerle\u201d &#8211; Daniela Wunsch<\/a><br \/>\noder<br \/>\n<a href=\"http:\/\/einstein.peter-ripota.de\/einsteinderplag-de-361.html\" target=\"_blank\">Einstein, der gro\u00dfe Plagiator? &#8211; Peter Ripota<\/a><br \/>\noder<br \/>\n<a href=\"http:\/\/newsletter.peter-ripota.de\/newsletter\/4069.htm\" target=\"_blank\">Zu Guttenbergs Vorg\u00e4nger &#8211; Peter Ripota<\/a>\n<\/p>\n<p style=\"PADDING-LEFT: 60px\">\u00a0\u00a0<\/p>\n","protected":false},"excerpt":{"rendered":"<p>Ich komme auf meine 2. Bitte an die Bundeskanzlerin Merkel in ihrem Blog &#8222;Verbannung der Relativit\u00e4tstheorie aus Forschung und Lehre&#8220; im Rahmen des Projekts \u201eZukunftsdialog\u201c zur\u00fcck. Ein\u00a0 Teilnehmer hat daraufhin auch eine Bitte an Frau Merkel gerichtet und sie darum gebeten, sich weder f\u00fcr die Beantwortung meiner Anfrage an die zust\u00e4ndige und verantwortliche Beh\u00f6rde f\u00fcr [&hellip;]<\/p>\n","protected":false},"author":3,"featured_media":0,"comment_status":"closed","ping_status":"open","sticky":false,"template":"","format":"standard","meta":{"om_disable_all_campaigns":false,"_monsterinsights_skip_tracking":false,"_monsterinsights_sitenote_active":false,"_monsterinsights_sitenote_note":"","_monsterinsights_sitenote_category":0,"ngg_post_thumbnail":0,"footnotes":""},"categories":[13],"tags":[826,1336,177,782,824,783],"class_list":["post-5146","post","type-post","status-publish","format-standard","hentry","category-kritik-der-relativitatstheorie","tag-daniela-wunsch","tag-kritik-der-relativitatstheorie","tag-peter-ripota","tag-roland-reus","tag-verbannung-der-relativitatstheorie-aus-forschung-und-lehre","tag-volker-rieble"],"aioseo_notices":[],"_links":{"self":[{"href":"https:\/\/www.jocelyne-lopez.de\/blog\/wp-json\/wp\/v2\/posts\/5146"}],"collection":[{"href":"https:\/\/www.jocelyne-lopez.de\/blog\/wp-json\/wp\/v2\/posts"}],"about":[{"href":"https:\/\/www.jocelyne-lopez.de\/blog\/wp-json\/wp\/v2\/types\/post"}],"author":[{"embeddable":true,"href":"https:\/\/www.jocelyne-lopez.de\/blog\/wp-json\/wp\/v2\/users\/3"}],"replies":[{"embeddable":true,"href":"https:\/\/www.jocelyne-lopez.de\/blog\/wp-json\/wp\/v2\/comments?post=5146"}],"version-history":[{"count":0,"href":"https:\/\/www.jocelyne-lopez.de\/blog\/wp-json\/wp\/v2\/posts\/5146\/revisions"}],"wp:attachment":[{"href":"https:\/\/www.jocelyne-lopez.de\/blog\/wp-json\/wp\/v2\/media?parent=5146"}],"wp:term":[{"taxonomy":"category","embeddable":true,"href":"https:\/\/www.jocelyne-lopez.de\/blog\/wp-json\/wp\/v2\/categories?post=5146"},{"taxonomy":"post_tag","embeddable":true,"href":"https:\/\/www.jocelyne-lopez.de\/blog\/wp-json\/wp\/v2\/tags?post=5146"}],"curies":[{"name":"wp","href":"https:\/\/api.w.org\/{rel}","templated":true}]}}