{"id":5130,"date":"2012-04-07T10:09:35","date_gmt":"2012-04-07T09:09:35","guid":{"rendered":"https:\/\/www.jocelyne-lopez.de\/blog\/?p=5130"},"modified":"2012-04-07T10:10:21","modified_gmt":"2012-04-07T09:10:21","slug":"bitte-an-die-bundeskanzlerin-angela-merkel-in-ihrem-blog-verbannung-der-relativitatstheorie-aus-forschung-und-lehre","status":"publish","type":"post","link":"https:\/\/www.jocelyne-lopez.de\/blog\/2012\/04\/bitte-an-die-bundeskanzlerin-angela-merkel-in-ihrem-blog-verbannung-der-relativitatstheorie-aus-forschung-und-lehre\/","title":{"rendered":"Bitte an die Bundeskanzlerin Angela Merkel in ihrem Blog &#8222;Verbannung der Relativit\u00e4tstheorie aus Forschung und Lehre&#8220;"},"content":{"rendered":"<p>Ich habe heute folgende Bitte an die Bundeskanzlerin Angela Merkel in ihrem Blog <a href=\"https:\/\/www.dialog-ueber-deutschland.de\/DE\/20-Vorschlaege\/30-Wie-Lernen\/Einzelansicht\/vorschlaege_einzelansicht_node.html?cms_idIdea=14740\" target=\"_blank\">Verbannung der Relativit\u00e4tstheorie aus Forschung und Lehre<\/a> im Rahmen des Projekts\u00a0&#8222;<em>Zukunftsdialog<\/em>&#8220; gerichtet, der bis zum heutigen Zeitpunkt 303 unterst\u00fctzende Stimmen und 92 Kommentare verzeichnet:<\/p>\n<p>\u00a0<\/p>\n<blockquote>\n<p style=\"PADDING-LEFT: 30px\"><strong>Bitte an die Bundeskanzlerin Angela Merkel<br \/>\n<\/strong>&#8212;&#8212;&#8211;\n<\/p>\n<p style=\"PADDING-LEFT: 30px\">Sehr geehrte Frau Bundeskanzlerin Merkel,<\/p>\n<p style=\"PADDING-LEFT: 30px\">wie es aus diesem Blog hervorgeht, ist der wissenschaftliche Meinungsstreit \u00fcber die G\u00fcltigkeit und die Relevanz der Relativit\u00e4tstheorie Einsteins seit 100 Jahren immer noch aktuell, so da\u00df es f\u00fcr mich nicht nachvollziehbar ist, warum die Kritik dieser Theorie im \u00f6ffentlichen Bildungssystem v\u00f6llig ausgeblendet wird.<\/p>\n<p style=\"PADDING-LEFT: 30px\">&#8211; Am 20.02.12 habe ich die Bundesministerin f\u00fcr Bildung und Forschung Annette Schavan gebeten, mir die zust\u00e4ndige und verantwortliche Beh\u00f6rde zu nennen, die mir folgende Frage beantworten kann:<\/p>\n<p style=\"PADDING-LEFT: 60px\">&#8222;<strong>Aus welchen Gr\u00fcnden wird die Kritik der Speziellen Relativit\u00e4tstheorie im \u00f6ffentlichen Bildungssystem nicht vermittelt und nicht behandelt?\u201c<\/strong><\/p>\n<p style=\"PADDING-LEFT: 30px\"><strong><\/strong><br \/>\n&#8211; Am 07.03.12 nannte mir Frau Annette Schavan das Sekretariat der Kultusministerkonferenz der L\u00e4nder \u2013 KMK (Sekretariat der St\u00e4ndigen Konferenz der Kultusminister der L\u00e4nder in der Bundesrepublik Deutschland bzw. Schulwesen im Sekretariat der Kultusministerkonferenz.\n<\/p>\n<p style=\"PADDING-LEFT: 30px\">&#8211; Am 07.03.12 habe ich die zwei genannten Beh\u00f6rden gebeten, mir die gestellte Frage bis zum 06.04.12 zu beantworten.<\/p>\n<p style=\"PADDING-LEFT: 30px\">Da ich keine Antwort bekommen habe und ein dringender Verdacht auf Verst\u00f6\u00dfe gegen das Grundgesetz und gegen das unmittelbar geltende Recht vorliegt, w\u00fcrde ich es sehr begr\u00fc\u00dfen, wenn Sie sich einbringen w\u00fcrden, dass mir diese Frage von den zust\u00e4ndigen Beh\u00f6rden beantwortet wird.<\/p>\n<p style=\"PADDING-LEFT: 30px\">Ich danke im voraus und verbleibe<br \/>\nmit freundlichen Gr\u00fc\u00dfen<br \/>\nJocelyne Lopez<\/p>\n<\/blockquote>\n","protected":false},"excerpt":{"rendered":"<p>Ich habe heute folgende Bitte an die Bundeskanzlerin Angela Merkel in ihrem Blog Verbannung der Relativit\u00e4tstheorie aus Forschung und Lehre im Rahmen des Projekts\u00a0&#8222;Zukunftsdialog&#8220; gerichtet, der bis zum heutigen Zeitpunkt 303 unterst\u00fctzende Stimmen und 92 Kommentare verzeichnet: \u00a0 Bitte an die Bundeskanzlerin Angela Merkel &#8212;&#8212;&#8211; Sehr geehrte Frau Bundeskanzlerin Merkel, wie es aus diesem Blog [&hellip;]<\/p>\n","protected":false},"author":3,"featured_media":0,"comment_status":"closed","ping_status":"open","sticky":false,"template":"","format":"standard","meta":{"om_disable_all_campaigns":false,"_monsterinsights_skip_tracking":false,"_monsterinsights_sitenote_active":false,"_monsterinsights_sitenote_note":"","_monsterinsights_sitenote_category":0,"ngg_post_thumbnail":0,"footnotes":""},"categories":[13],"tags":[202,1335,16,1336,824],"class_list":["post-5130","post","type-post","status-publish","format-standard","hentry","category-kritik-der-relativitatstheorie","tag-angela-merkel","tag-go-mueller","tag-gom-projekt","tag-kritik-der-relativitatstheorie","tag-verbannung-der-relativitatstheorie-aus-forschung-und-lehre"],"aioseo_notices":[],"_links":{"self":[{"href":"https:\/\/www.jocelyne-lopez.de\/blog\/wp-json\/wp\/v2\/posts\/5130"}],"collection":[{"href":"https:\/\/www.jocelyne-lopez.de\/blog\/wp-json\/wp\/v2\/posts"}],"about":[{"href":"https:\/\/www.jocelyne-lopez.de\/blog\/wp-json\/wp\/v2\/types\/post"}],"author":[{"embeddable":true,"href":"https:\/\/www.jocelyne-lopez.de\/blog\/wp-json\/wp\/v2\/users\/3"}],"replies":[{"embeddable":true,"href":"https:\/\/www.jocelyne-lopez.de\/blog\/wp-json\/wp\/v2\/comments?post=5130"}],"version-history":[{"count":0,"href":"https:\/\/www.jocelyne-lopez.de\/blog\/wp-json\/wp\/v2\/posts\/5130\/revisions"}],"wp:attachment":[{"href":"https:\/\/www.jocelyne-lopez.de\/blog\/wp-json\/wp\/v2\/media?parent=5130"}],"wp:term":[{"taxonomy":"category","embeddable":true,"href":"https:\/\/www.jocelyne-lopez.de\/blog\/wp-json\/wp\/v2\/categories?post=5130"},{"taxonomy":"post_tag","embeddable":true,"href":"https:\/\/www.jocelyne-lopez.de\/blog\/wp-json\/wp\/v2\/tags?post=5130"}],"curies":[{"name":"wp","href":"https:\/\/api.w.org\/{rel}","templated":true}]}}