{"id":503,"date":"2008-12-07T13:30:24","date_gmt":"2008-12-07T12:30:24","guid":{"rendered":"https:\/\/www.jocelyne-lopez.de\/blog\/?p=503"},"modified":"2008-12-07T13:34:14","modified_gmt":"2008-12-07T12:34:14","slug":"austausch-mit-herrn-dr-markus-possel-vom-06071208","status":"publish","type":"post","link":"https:\/\/www.jocelyne-lopez.de\/blog\/2008\/12\/austausch-mit-herrn-dr-markus-possel-vom-06071208\/","title":{"rendered":"Austausch mit Herrn Dr. Markus P\u00f6ssel vom 06.\/07.12.08"},"content":{"rendered":"<p>Ich erhielt im Zusammenhang mit dem <a target=\"_blank\" href=\"https:\/\/www.jocelyne-lopez.de\/blog\/?p=497\"><em>Austausch mit Herrn Dr. Markus P\u00f6ssel vom 30.11.\/01.12.08<\/em> <\/a>\u00a0folgende E-Mail-Antwort:<\/p>\n<blockquote>\n<blockquote><p><strong>Von Markus P\u00f6ssel<\/strong><strong><br \/>\n<strong>An Jocelyne Lopez<\/strong><br \/>\n<strong>Datum: 06.12.08<\/strong><br \/>\n<strong>Betr.: Re: Fragen zur Speziellen Relativit\u00e4tstheorie<\/strong><\/strong><\/p>\n<p>Sehr geehrte Frau Lopez,<\/p>\n<p>Ihre Aussagen zu meiner angeblichen Einstellung gegenueber<br \/>\nRelativitaetskritikern und verwandten Themen sind aus meiner Sicht soweit von der Realitaet entfernt, dass ich Leser unseres E-Mail-Wechsels wiederum nur bitten kann, die Lage nicht nach Ihren recht eigenwilligen Interpretationen zu beurteilen, sondern insbesondere zu Rate zu ziehen, was ich tatsaechlich geschrieben habe.<\/p>\n<p>Zur Laengenkontraktion: Wenn Sie sich eine meiner Aussagen aus dem<br \/>\nZusammenhang reissen und gleichzeitig andere, weit wichtigere Aussagen schlicht ignorieren (Einfluss der Relativitaet der Gleichzeitigkeit), wundert mich nicht im geringsten, dass Sie zu falschen Schluessen kommen.<\/p>\n<p>Aber machen Sie dafuer bitte nicht mich verantwortlich.<\/p>\n<p>Falls auch Ihre naechste E-Mail keine wesentlich neuen Aussagen enthaelt, moechte ich mich mit dieser Mail bereits verabschieden.<\/p>\n<p>Mit den besten Gruessen,<br \/>\nMarkus Poessel<br \/>\n<font color=\"#ffffff\">&#8212;<\/font><\/p><\/blockquote>\n<\/blockquote>\n<p>Hierzu meine Antwort vom 07.12.08:<\/p>\n<blockquote>\n<blockquote><p><strong>Von Jocelyne Lopez<br \/>\n<\/strong><strong>An Markus P\u00f6ssel<br \/>\n<\/strong><strong>Datum: 07.12.08<br \/>\nBetr.: Re: Fragen zur Speziellen Relativit\u00e4tstheorie<\/strong><\/p>\n<p>Sehr geehrter Herr Dr. P\u00f6ssel,<\/p>\n<p>Vielen Dank f\u00fcr Ihre E-Mail vom 06.12.08.<br \/>\nSie schreiben:<\/p>\n<blockquote>\n<blockquote><p><em>Ihre Aussagen zu meiner angeblichen Einstellung gegenueber Relativitaetskritikern und verwandten Themen sind aus meiner Sicht soweit von der Realitaet entfernt, dass ich Leser unseres E-Mail-Wechsels wiederum nur bitten kann, die Lage nicht nach Ihren recht eigenwilligen Interpretationen zu beurteilen, sondern insbesondere zu Rate zu ziehen, was ich tatsaechlich geschrieben habe.<\/em><\/p><\/blockquote>\n<\/blockquote>\n<p>Ausgerechnet damit die Leser unseres E-Mail-Wechsels genau beurteilen k\u00f6nnen, was Sie tats\u00e4chlich geschrieben haben, habe ich sorgf\u00e4ltig unseren Austausch mit allen Originalaussagen, Angaben und zusammenh\u00e4ngenden Verlinkungen jeweils wiedergegeben, sowie auch zusammengefasst: <a target=\"_blank\" href=\"https:\/\/www.jocelyne-lopez.de\/blog\/?p=395\"><em>Kompletter Austausch mit Herrn Dr. Markus P\u00f6ssel<\/em><\/a>.<\/p>\n<p>Ihre Bef\u00fcrchtungen sind also v\u00f6llig unbegr\u00fcndet, dass interessierte Leser daraus lesen k\u00f6nnten, was Sie nicht geschrieben haben. Auf die jeweiligen Beurteilungen und die jeweiligen Interpretationen der Leser k\u00f6nnen wiederum weder Sie noch ich irgendeinen Einfluss aus\u00fcben.<\/p><\/blockquote>\n<blockquote><p>Sie schreiben:<\/p><\/blockquote>\n<\/blockquote>\n<blockquote>\n<blockquote>\n<blockquote>\n<blockquote><p><em>Zur Laengenkontraktion: Wenn Sie sich eine meiner Aussagen aus dem Zusammenhang reissen und gleichzeitig andere, weit wichtigere Aussagen schlicht ignorieren (Einfluss der Relativitaet der Gleichzeitigkeit), wundert mich nicht im geringsten, dass Sie zu falschen Schluessen kommen. <\/em><em><em>Aber machen Sie dafuer bitte nicht mich verantwortlich.<\/em><\/em><\/p><\/blockquote>\n<\/blockquote>\n<p>Zur L\u00e4ngenkontraktion haben Sie eine unmissverst\u00e4ndliche Aussage in <a target=\"_blank\" href=\"https:\/\/www.jocelyne-lopez.de\/blog\/?p=405\"><em>Ihrer E-Mail vom 17.08.08<\/em><\/a> get\u00e4tigt: &#8222;<em>Die Laengenkontraktion geht nicht mit materiellen Veraenderungen des Koerpers einher;&#8220; <\/em>die logischerweise nur zu der Interpretation f\u00fchren kann, dass dieser grundlegende Effekt der Speziellen Relativit\u00e4tstheorie lediglich ein <strong><u>Scheineffekt<\/u><\/strong> ist. Allein durch diese grundlegende Kl\u00e4rung\u00a0 ist die Spezielle Relativit\u00e4tstheorie v\u00f6llig gegenstandlos und es ist nicht n\u00f6tig,\u00a0 weitere Aussagen dieser Theorie zu untersuchen. Die Physik befasst sich mit Sein und nicht mit Schein, diese Theorie hat in der Physik nichts verloren.<\/p>\n<p>Sie schreiben:<\/p>\n<blockquote>\n<blockquote><p><em>Falls auch Ihre naechste E-Mail keine wesentlich neuen Aussagen enthaelt, moechte ich mich mit dieser Mail bereits verabschieden.<\/em><\/p><\/blockquote>\n<\/blockquote>\n<p>Ich hatte Ihnen schon in meiner letzten E-Mail mitgeteilt, dass ich keine weiteren Erl\u00e4uterungen \u00fcber diese Theorie von Ihnen ben\u00f6tige. Sie m\u00f6chten zwar hier keine Argumente von Ihren Kollegen Kritikern h\u00f6ren, jedoch zitiere ich trotzdem als Fazit dieses Dialogs eine Aussage, der ich v\u00f6llig zustimmen kann:<\/p>\n<blockquote>\n<blockquote><p>F\u00fcr mich ist die SRT nicht falsch, sondern gegenstandslos, oder wie es im Buch &#8222;Requiem f\u00fcr die Spezielle Relativit\u00e4t&#8220; von Georg Galeczki und Peter Marquardt so zutreffend hei\u00dft: &#8222;<em>Sie ist nicht einmal falsch<\/em>&#8222;.<\/p>\n<p>(Helmut Hille)<\/p>\n<p><font color=\"#ffffff\">&#8212;<\/font><\/p><\/blockquote>\n<\/blockquote>\n<p>Ich bedanke mich noch einmal f\u00fcr diesen Austausch und verbleibe<br \/>\nmit freundlichen Gr\u00fc\u00dfen<\/p>\n<p>Jocelyne Lopez<\/p><\/blockquote>\n<\/blockquote>\n","protected":false},"excerpt":{"rendered":"<p>Ich erhielt im Zusammenhang mit dem Austausch mit Herrn Dr. Markus P\u00f6ssel vom 30.11.\/01.12.08 \u00a0folgende E-Mail-Antwort: Von Markus P\u00f6ssel An Jocelyne Lopez Datum: 06.12.08 Betr.: Re: Fragen zur Speziellen Relativit\u00e4tstheorie Sehr geehrte Frau Lopez, Ihre Aussagen zu meiner angeblichen Einstellung gegenueber Relativitaetskritikern und verwandten Themen sind aus meiner Sicht soweit von der Realitaet entfernt, dass [&hellip;]<\/p>\n","protected":false},"author":3,"featured_media":0,"comment_status":"closed","ping_status":"open","sticky":false,"template":"","format":"standard","meta":{"om_disable_all_campaigns":false,"_monsterinsights_skip_tracking":false,"_monsterinsights_sitenote_active":false,"_monsterinsights_sitenote_note":"","_monsterinsights_sitenote_category":0,"ngg_post_thumbnail":0,"footnotes":""},"categories":[13],"tags":[39,29,16,31,1336,30],"class_list":["post-503","post","type-post","status-publish","format-standard","hentry","category-kritik-der-relativitatstheorie","tag-dr-markus-possel","tag-georg-galeczki","tag-gom-projekt","tag-helmut-hille","tag-kritik-der-relativitatstheorie","tag-peter-marquardt"],"aioseo_notices":[],"_links":{"self":[{"href":"https:\/\/www.jocelyne-lopez.de\/blog\/wp-json\/wp\/v2\/posts\/503"}],"collection":[{"href":"https:\/\/www.jocelyne-lopez.de\/blog\/wp-json\/wp\/v2\/posts"}],"about":[{"href":"https:\/\/www.jocelyne-lopez.de\/blog\/wp-json\/wp\/v2\/types\/post"}],"author":[{"embeddable":true,"href":"https:\/\/www.jocelyne-lopez.de\/blog\/wp-json\/wp\/v2\/users\/3"}],"replies":[{"embeddable":true,"href":"https:\/\/www.jocelyne-lopez.de\/blog\/wp-json\/wp\/v2\/comments?post=503"}],"version-history":[{"count":0,"href":"https:\/\/www.jocelyne-lopez.de\/blog\/wp-json\/wp\/v2\/posts\/503\/revisions"}],"wp:attachment":[{"href":"https:\/\/www.jocelyne-lopez.de\/blog\/wp-json\/wp\/v2\/media?parent=503"}],"wp:term":[{"taxonomy":"category","embeddable":true,"href":"https:\/\/www.jocelyne-lopez.de\/blog\/wp-json\/wp\/v2\/categories?post=503"},{"taxonomy":"post_tag","embeddable":true,"href":"https:\/\/www.jocelyne-lopez.de\/blog\/wp-json\/wp\/v2\/tags?post=503"}],"curies":[{"name":"wp","href":"https:\/\/api.w.org\/{rel}","templated":true}]}}