{"id":497,"date":"2008-12-01T11:37:04","date_gmt":"2008-12-01T10:37:04","guid":{"rendered":"https:\/\/www.jocelyne-lopez.de\/blog\/?p=497"},"modified":"2008-12-01T11:44:14","modified_gmt":"2008-12-01T10:44:14","slug":"austausch-mit-herrn-dr-markus-possel-vom-3011011208","status":"publish","type":"post","link":"https:\/\/www.jocelyne-lopez.de\/blog\/2008\/12\/austausch-mit-herrn-dr-markus-possel-vom-3011011208\/","title":{"rendered":"Austausch mit Herrn Dr. Markus P\u00f6ssel vom 30.11.\/01.12.08"},"content":{"rendered":"<p>Ich erhielt im Zusammenhang mit dem <a target=\"_blank\" href=\"https:\/\/www.jocelyne-lopez.de\/blog\/?p=493\"><em>Austausch mit Herrn Dr. Markus P\u00f6ssel vom 23.\/26.11.08<\/em><\/a>\u00a0\u00a0folgende E-Mail-Antwort:<\/p>\n<blockquote>\n<blockquote><p><strong>Von Markus P\u00f6ssel<br \/>\nAn Jocelyne Lopez<br \/>\nDatum: 30.11.08<br \/>\nBetr.: Re: Fragen zur Speziellen Relativit\u00e4tstheorie<\/strong><\/p>\n<p>Sehr geehrte Frau Lopez,<\/p>\n<p>ich denke, Leser unseres E-Mail-Wechsels haben anhand des vorliegenden Materials genuegend Gelegenheit, sich zu ueberzeugen, dass die Vorwuerfe in Ihrer letzten Mail unberechtigt sind. Ich habe meinen Aussagen daher nichts hinzuzufuegen.<\/p>\n<p>Wenn Sie doch einmal an einer systematischen und tiefergehenden Diskussion der Laengenkontraktion interessiert sind, koennen Sie sich ja noch einmal melden.<\/p>\n<p>Mit den besten Gruessen,<br \/>\nMarkus Poessel<\/p>\n<p><font color=\"#ffffff\">&#8212;<\/font><\/p><\/blockquote>\n<\/blockquote>\n<p>Dazu meine Antwort vom 01.12.08:<\/p>\n<blockquote>\n<blockquote><p><strong>Von Jocelyne Lopez<br \/>\nAn Markus P\u00f6ssel<br \/>\nDatum: 01.12.08<br \/>\nBetr.: Re: Fragen zur Speziellen Relativit\u00e4tstheorie<\/strong><\/p>\n<p>Sehr geehrter Herr Dr. P\u00f6ssel,<\/p>\n<p>Vielen Dank f\u00fcr Ihre E-Mail vom 30.11.08.<\/p>\n<p>Ich nehme zur Kenntnis, dass Sie \u00fcber die Verunglimpfung, sowie \u00fcber den herabsetzenden und beleidigenden Umgang in der \u00d6ffentlichkeit seit 12 Jahren mit Ihren Kollegen Kritikern der Relativit\u00e4tstheorie durch Ihre zwei Internet-Pamphlete \u201e<em>\u00dcberwiegend harmlos<\/em>\u201c, die 2005 und 2006 Anla\u00df zu Beschwerden an Ihren Arbeitgeber Max-Planck-Institut f\u00fcr Gravitationsphysik gegeben haben, keine weitere Stellungnahme abgeben m\u00f6chten. Wie Sie jedoch durch Ihre langj\u00e4hrige Erfahrung der Online-Welt im Bereich der theoretischen Physik\u00a0zweifellos festgestellt haben d\u00fcrfen, sind die systematische Verunglimpfung, die Erniedrigung und der menschenverachtende Umgang mit den\u00a0 Kritikern der Relativit\u00e4tstheorie, u.a. unter dem Begriff \u201e<em>crank<\/em>\u201c, eine erschreckende Tatsache, die Ihnen kaum entgangen sein d\u00fcrfte. Darauf habe ich Sie auch ausdr\u00fccklich in meiner letzten E-Mail aufmerksam gemacht,\u00a0zum Beispiel mit dem Hinweis auf das deutschsprachige Hetz-Forum \u201e<em>Alpha Centauri<\/em>\u201c, das sich seit mehreren Jahren auf die t\u00e4gliche und massive Beleidigung der Kritiker der Relativit\u00e4tstheorie spezialisiert hat, wo auf Ihren Namen wiederholt Bezug genommen wird, und wo die Nachahmung Ihrer Einstellungen zu den Kritikern der Relativit\u00e4tstheorie und der Einflu\u00df\u00a0Ihres Instituts un\u00fcbersehbar sind \u2013 siehe z.B. Logo \u201e<em>Einstein Online<\/em>\u201c und Leitparole <strong><em>CRANK DOT NET<\/em><\/strong>. Ich h\u00e4tte vor diesem Hintergrund eine deutliche Distanzierung mit den Untaten dieses Forums von Ihnen erwartet.<\/p>\n<p>Aus unserem Austausch seit Juni 2008 \u00fcber die relativistische L\u00e4ngenkontraktion entnehme ich als Fazit Ihre wichtige Kl\u00e4rung \u00fcber die materielle Realit\u00e4t dieses Effekts in <a target=\"_blank\" href=\"https:\/\/www.jocelyne-lopez.de\/blog\/?p=405\"><em>Ihrer E-Mail vom 17.08.08<\/em><\/a>:<\/p>\n<blockquote>\n<blockquote><p><em>Die Laengenkontraktion geht nicht mit materiellen Veraenderungen des Koerpers einher;<\/em><\/p><\/blockquote>\n<\/blockquote>\n<p>Damit ist f\u00fcr mich die Spezielle Relativit\u00e4tstheorie ad absurdum gef\u00fchrt und ich ben\u00f6tige keine weiteren Erl\u00e4uterungen von Ihnen.<\/p>\n<p>Ich bedanke mich f\u00fcr diesen Austausch und verbleibe<br \/>\nmit freundlichen Gr\u00fc\u00dfen<br \/>\nJocelyne Lopez<\/p><\/blockquote>\n<\/blockquote>\n","protected":false},"excerpt":{"rendered":"<p>Ich erhielt im Zusammenhang mit dem Austausch mit Herrn Dr. Markus P\u00f6ssel vom 23.\/26.11.08\u00a0\u00a0folgende E-Mail-Antwort: Von Markus P\u00f6ssel An Jocelyne Lopez Datum: 30.11.08 Betr.: Re: Fragen zur Speziellen Relativit\u00e4tstheorie Sehr geehrte Frau Lopez, ich denke, Leser unseres E-Mail-Wechsels haben anhand des vorliegenden Materials genuegend Gelegenheit, sich zu ueberzeugen, dass die Vorwuerfe in Ihrer letzten Mail [&hellip;]<\/p>\n","protected":false},"author":3,"featured_media":0,"comment_status":"closed","ping_status":"open","sticky":false,"template":"","format":"standard","meta":{"om_disable_all_campaigns":false,"_monsterinsights_skip_tracking":false,"_monsterinsights_sitenote_active":false,"_monsterinsights_sitenote_note":"","_monsterinsights_sitenote_category":0,"ngg_post_thumbnail":0,"footnotes":""},"categories":[13],"tags":[39,357,1336,183,129],"class_list":["post-497","post","type-post","status-publish","format-standard","hentry","category-kritik-der-relativitatstheorie","tag-dr-markus-possel","tag-jahr-der-mathematik","tag-kritik-der-relativitatstheorie","tag-markus-possel","tag-prof-dr-jurgen-richter"],"aioseo_notices":[],"_links":{"self":[{"href":"https:\/\/www.jocelyne-lopez.de\/blog\/wp-json\/wp\/v2\/posts\/497"}],"collection":[{"href":"https:\/\/www.jocelyne-lopez.de\/blog\/wp-json\/wp\/v2\/posts"}],"about":[{"href":"https:\/\/www.jocelyne-lopez.de\/blog\/wp-json\/wp\/v2\/types\/post"}],"author":[{"embeddable":true,"href":"https:\/\/www.jocelyne-lopez.de\/blog\/wp-json\/wp\/v2\/users\/3"}],"replies":[{"embeddable":true,"href":"https:\/\/www.jocelyne-lopez.de\/blog\/wp-json\/wp\/v2\/comments?post=497"}],"version-history":[{"count":0,"href":"https:\/\/www.jocelyne-lopez.de\/blog\/wp-json\/wp\/v2\/posts\/497\/revisions"}],"wp:attachment":[{"href":"https:\/\/www.jocelyne-lopez.de\/blog\/wp-json\/wp\/v2\/media?parent=497"}],"wp:term":[{"taxonomy":"category","embeddable":true,"href":"https:\/\/www.jocelyne-lopez.de\/blog\/wp-json\/wp\/v2\/categories?post=497"},{"taxonomy":"post_tag","embeddable":true,"href":"https:\/\/www.jocelyne-lopez.de\/blog\/wp-json\/wp\/v2\/tags?post=497"}],"curies":[{"name":"wp","href":"https:\/\/api.w.org\/{rel}","templated":true}]}}