{"id":495,"date":"2008-11-28T15:57:07","date_gmt":"2008-11-28T14:57:07","guid":{"rendered":"https:\/\/www.jocelyne-lopez.de\/blog\/?p=495"},"modified":"2008-12-13T09:24:39","modified_gmt":"2008-12-13T08:24:39","slug":"der-staat-handelt-verfassungswidrig","status":"publish","type":"post","link":"https:\/\/www.jocelyne-lopez.de\/blog\/2008\/11\/der-staat-handelt-verfassungswidrig\/","title":{"rendered":"Der Staat handelt verfassungswidrig"},"content":{"rendered":"<p>Ich beziehe mich auf den <a target=\"_blank\" href=\"https:\/\/www.jocelyne-lopez.de\/blog\/?p=92\"><em>Offenen Brief<\/em><\/a> der Forschungsgruppe G.O. Mueller an 200 Professoren der Universit\u00e4ten Berlin und Dresden und auf Ausz\u00fcge aus dem \u201e<em>Bonner<\/em> <em>Kommentar zum Grundgesetz<\/em>&#8222;, die dort zitiert werden.<\/p>\n<p>Das Grundgesetz Art. 5 \u00a7 3 \u201e<em>Wissenschaftsfreiheit<\/em>&#8220; schreibt u.a. f\u00fcr den Staat als unmittelbar geltendes Recht vor:<\/p>\n<blockquote>\n<blockquote><p>&#8211; das Gebot der meinungsneutralen Wissenschaftspflege<\/p>\n<p>&#8211; das Gebot der Nicht-Identifikation mit einer Theorie<\/p>\n<p>&#8211; die meinungsneutrale Wissenschaftspflege und ihre Vermittlung an die n\u00e4chstfolgende Generation durch Bereitstellung von personellen, finanziellen und organisatorischen Mitteln zu erm\u00f6glichen und zu f\u00f6rdern.<\/p>\n<p><font color=\"#ffffff\">&#8212;<\/font><\/p><\/blockquote>\n<\/blockquote>\n<p>Wo kann man feststellen, dass der Staat im Falle der Relativit\u00e4tstheorie diese Gebote respektiert? Wo kann man feststellen, dass der Staat die meinungsneutrale Wissenschaftspflege erm\u00f6glicht, geschweige denn f\u00f6rdert?<\/p>\n<blockquote>\n<blockquote><p>&#8211; Ist es nicht Identifikation mit einer Theorie, wenn der Staat 10 Mio Euro aus der Steuerkasse allein f\u00fcr die Feierlichkeiten im \u201e<em>Einstein-Jahr 2005<\/em>&#8220; ausgibt, ohne je ein einziges Cent f\u00fcr die Vermittlung der Kritik dieser Theorie im Bildungssystem seit Jahrzehnten ausgegeben zu haben? Siehe z.B. <a target=\"_blank\" href=\"https:\/\/www.jocelyne-lopez.de\/blog\/?p=109\"><em>https:\/\/www.jocelyne-lopez.de\/blog\/?p=109<\/em><\/a><\/p>\n<p>&#8211; Ist es meinungsneutrale Wissenschaftspflege und Vermittlung der Wissenschaft an die n\u00e4chstfolgende Generation, wenn anl\u00e4sslich der teueren Feierlichkeiten des Einstein-Jahrs die kritischen Eintr\u00e4ge von 2 B\u00fcrgern (darunter vom Kritiker Christoph von Mettenheim) kommentarlos aus dem G\u00e4stebuch des Bundesministeriums f\u00fcr Bildung und Forschung gel\u00f6scht wurden? Siehe z.B. <a target=\"_blank\" href=\"https:\/\/www.jocelyne-lopez.de\/blog\/?p=180\"><em>https:\/\/www.jocelyne-lopez.de\/blog\/?p=180<\/em><\/a><\/p>\n<p>&#8211; Ist es meinungsneutrale Wissenschaftspflege und Vermittlung der Wissenschaft an die n\u00e4chstfolgende Generation, wenn anl\u00e4sslich der teueren Feierlichkeiten des Einstein-Jahrs in einer vom Bundesministerium finanzierten Aufstellung in Berlin die Kritik der Relativit\u00e4tstheorie einzig und allein durch Aufstellung des Buches eines Kritikers (Gehrke) in einer Vitrine dem Publikum vorgestellt wurde, in unmittelbarer N\u00e4he einer Maschinenpistole des Typs, mit dem 1922 Rathenau ermordert wurde? Ist es meinungsneutrale Wissenschaftspflege und Vermittlung der Wissenschaft an die n\u00e4chstfolgende Generation, dem Publikum zu suggerieren, Kritiker der Relativit\u00e4tstheorie seien M\u00f6rder und Terroristen? Siehe z.B. <a target=\"_blank\" href=\"https:\/\/www.jocelyne-lopez.de\/blog\/?p=226\"><em>https:\/\/www.jocelyne-lopez.de\/blog\/?p=226<\/em><\/a><\/p>\n<p>&#8211; Ist es meinungsneutrale Wissenschaftspflege und Vermittlung der Wissenschaft an die n\u00e4chstfolgende Generation, wenn die Verlage, die die B\u00fccher zur Gestaltung der Lehre im \u00f6ffentlichen Bildungssystem herausgeben, kein Wort \u00fcber eine fachlich fundierte Kritik der Relativit\u00e4tstheorie seit \u00fcber 100 Jahren erw\u00e4hnen, geschweige denn darlegen?<\/p>\n<p>&#8211; Ist es meinungsneutrale Wissenschaftspflege und Vermittlung der Wissenschaft an die n\u00e4chstfolgende Generation, wenn vom bekanntesten Lexikonverlag (Brockhaus) auf Anfrage eines Lehrers zur Gestaltung des Unterrichts die Auskunft erteilt wurde, es g\u00e4be nur antisemitische und unseri\u00f6se Kritiker der Relativit\u00e4tstheorie? Siehe <a target=\"_blank\" href=\"https:\/\/www.jocelyne-lopez.de\/blog\/?p=486\"><em>https:\/\/www.jocelyne-lopez.de\/blog\/?p=486<\/em><\/a><\/p>\n<p>&#8211; Ist es meinungsneutrale Wissenschaftspflege und Vermittlung der Wissenschaft an die n\u00e4chstfolgende Generation, wenn das Max-Planck-Institut f\u00fcr Wissenschaftsgeschichte in den Medien verbreitet, dass es nur antisemitische Kritiker der Relativit\u00e4tstheorie g\u00e4be? <a target=\"_blank\" href=\"https:\/\/www.jocelyne-lopez.de\/blog\/?p=431\"><em>https:\/\/www.jocelyne-lopez.de\/blog\/?p=431<\/em><\/a><\/p>\n<p>&#8211; Ist es meinungsneutrale Wissenschaftspflege und Vermittlung der Wissenschaft an die n\u00e4chstfolgende Generation, wenn eine Bundesministerin f\u00fcr Bildung und Forschung den Kritikern der Relativit\u00e4tstheorie lediglich private Mittel, privates Engagement, Selbstverlage und das Internet zur Verbreitung und Vermittlung ihrer kritischen Ans\u00e4tze und ihrer Arbeiten zuweist? Siehe z.B. <a target=\"_blank\" href=\"https:\/\/www.jocelyne-lopez.de\/blog\/?p=492\"><em>https:\/\/www.jocelyne-lopez.de\/blog\/?p=492<\/em><\/a><\/p>\n<p>&#8211; Ist es meinungsneutrale Wissenschaftspflege und Vermittlung der Wissenschaft an die n\u00e4chstfolgende Generation, wenn der Staat <strong><u>wissentlich<\/u><\/strong> den Kritikern der Relativit\u00e4tstheorie Verleumdungen, Beleidigung und Hetze im Internet aussetzt und daran keinen Handlungsbedarf im Interesse der Allgemeinheit erkennt? Siehe z.B. <a target=\"_blank\" href=\"https:\/\/www.jocelyne-lopez.de\/blog\/?p=176\"><em>https:\/\/www.jocelyne-lopez.de\/blog\/?p=176<\/em><\/a><\/p>\n<p><font color=\"#ffffff\">&#8212;<\/font><\/p><\/blockquote>\n<\/blockquote>\n<p>Soll man davon ausgehen, dass ein Verfassungsrichter diese Umst\u00e4nde als irrelevant im Sinne des Grundgesetzes zur\u00fcckweisen k\u00f6nnte?<\/p>\n<p>(Jocelyne Lopez)<\/p>\n","protected":false},"excerpt":{"rendered":"<p>Ich beziehe mich auf den Offenen Brief der Forschungsgruppe G.O. Mueller an 200 Professoren der Universit\u00e4ten Berlin und Dresden und auf Ausz\u00fcge aus dem \u201eBonner Kommentar zum Grundgesetz&#8222;, die dort zitiert werden. Das Grundgesetz Art. 5 \u00a7 3 \u201eWissenschaftsfreiheit&#8220; schreibt u.a. f\u00fcr den Staat als unmittelbar geltendes Recht vor: &#8211; das Gebot der meinungsneutralen Wissenschaftspflege [&hellip;]<\/p>\n","protected":false},"author":3,"featured_media":0,"comment_status":"closed","ping_status":"open","sticky":false,"template":"","format":"standard","meta":{"om_disable_all_campaigns":false,"_monsterinsights_skip_tracking":false,"_monsterinsights_sitenote_active":false,"_monsterinsights_sitenote_note":"","_monsterinsights_sitenote_category":0,"ngg_post_thumbnail":0,"footnotes":""},"categories":[11,13],"tags":[37,28,16,1336,258],"class_list":["post-495","post","type-post","status-publish","format-standard","hentry","category-go-mueller","category-kritik-der-relativitatstheorie","tag-dr-annette-schavan","tag-forschungsgruppe-go-mueller","tag-gom-projekt","tag-kritik-der-relativitatstheorie","tag-relativitatstheorie"],"aioseo_notices":[],"_links":{"self":[{"href":"https:\/\/www.jocelyne-lopez.de\/blog\/wp-json\/wp\/v2\/posts\/495"}],"collection":[{"href":"https:\/\/www.jocelyne-lopez.de\/blog\/wp-json\/wp\/v2\/posts"}],"about":[{"href":"https:\/\/www.jocelyne-lopez.de\/blog\/wp-json\/wp\/v2\/types\/post"}],"author":[{"embeddable":true,"href":"https:\/\/www.jocelyne-lopez.de\/blog\/wp-json\/wp\/v2\/users\/3"}],"replies":[{"embeddable":true,"href":"https:\/\/www.jocelyne-lopez.de\/blog\/wp-json\/wp\/v2\/comments?post=495"}],"version-history":[{"count":0,"href":"https:\/\/www.jocelyne-lopez.de\/blog\/wp-json\/wp\/v2\/posts\/495\/revisions"}],"wp:attachment":[{"href":"https:\/\/www.jocelyne-lopez.de\/blog\/wp-json\/wp\/v2\/media?parent=495"}],"wp:term":[{"taxonomy":"category","embeddable":true,"href":"https:\/\/www.jocelyne-lopez.de\/blog\/wp-json\/wp\/v2\/categories?post=495"},{"taxonomy":"post_tag","embeddable":true,"href":"https:\/\/www.jocelyne-lopez.de\/blog\/wp-json\/wp\/v2\/tags?post=495"}],"curies":[{"name":"wp","href":"https:\/\/api.w.org\/{rel}","templated":true}]}}