{"id":4947,"date":"2011-09-15T06:21:50","date_gmt":"2011-09-15T05:21:50","guid":{"rendered":"https:\/\/www.jocelyne-lopez.de\/blog\/?p=4947"},"modified":"2012-06-23T11:48:52","modified_gmt":"2012-06-23T10:48:52","slug":"das-max-planck-institut-fur-wissenschaftsgeschichte-und-geschichtsfalschung","status":"publish","type":"post","link":"https:\/\/www.jocelyne-lopez.de\/blog\/2011\/09\/das-max-planck-institut-fur-wissenschaftsgeschichte-und-geschichtsfalschung\/","title":{"rendered":"Das Max-Planck-Institut f\u00fcr Wissenschaftsgeschichte und Geschichtsf\u00e4lschung"},"content":{"rendered":"<p>Ich mache auf meinen heutigen Eintrag im Blog der Webseite <em>Kritische Stimmen zur Relativit\u00e4tstheorie<\/em> aufmerksam:<\/p>\n<p style=\"padding-left: 30px;\"><a title=\"Permanenter Link zu Das Max-Planck-Institut f\u00fcr Wissenschaftsgeschichte und Geschichtsf\u00e4lschung\" rel=\"bookmark\" href=\"http:\/\/www.kritik-relativitaetstheorie.de\/2011\/09\/das-max-planck-institut-fur-wissenschaftsgeschichte-und-geschichtsfalschung\/\" target=\"_blank\">Das Max-Planck-Institut f\u00fcr Wissenschaftsgeschichte und Geschichtsf\u00e4lschung<\/a><\/p>\n<p style=\"padding-left: 90px;\">\u00a0<\/p>\n","protected":false},"excerpt":{"rendered":"<p>Ich mache auf meinen heutigen Eintrag im Blog der Webseite Kritische Stimmen zur Relativit\u00e4tstheorie aufmerksam: Das Max-Planck-Institut f\u00fcr Wissenschaftsgeschichte und Geschichtsf\u00e4lschung \u00a0<\/p>\n","protected":false},"author":3,"featured_media":0,"comment_status":"closed","ping_status":"open","sticky":false,"template":"","format":"standard","meta":{"om_disable_all_campaigns":false,"_monsterinsights_skip_tracking":false,"_monsterinsights_sitenote_active":false,"_monsterinsights_sitenote_note":"","_monsterinsights_sitenote_category":0,"ngg_post_thumbnail":0,"footnotes":""},"categories":[11,13],"tags":[1335,16,557,1336,438,437],"class_list":["post-4947","post","type-post","status-publish","format-standard","hentry","category-go-mueller","category-kritik-der-relativitatstheorie","tag-go-mueller","tag-gom-projekt","tag-jurgen-renn","tag-kritik-der-relativitatstheorie","tag-max-planck-institut-fur-wissenschaftsgeschichte","tag-milena-wazeck"],"aioseo_notices":[],"_links":{"self":[{"href":"https:\/\/www.jocelyne-lopez.de\/blog\/wp-json\/wp\/v2\/posts\/4947"}],"collection":[{"href":"https:\/\/www.jocelyne-lopez.de\/blog\/wp-json\/wp\/v2\/posts"}],"about":[{"href":"https:\/\/www.jocelyne-lopez.de\/blog\/wp-json\/wp\/v2\/types\/post"}],"author":[{"embeddable":true,"href":"https:\/\/www.jocelyne-lopez.de\/blog\/wp-json\/wp\/v2\/users\/3"}],"replies":[{"embeddable":true,"href":"https:\/\/www.jocelyne-lopez.de\/blog\/wp-json\/wp\/v2\/comments?post=4947"}],"version-history":[{"count":0,"href":"https:\/\/www.jocelyne-lopez.de\/blog\/wp-json\/wp\/v2\/posts\/4947\/revisions"}],"wp:attachment":[{"href":"https:\/\/www.jocelyne-lopez.de\/blog\/wp-json\/wp\/v2\/media?parent=4947"}],"wp:term":[{"taxonomy":"category","embeddable":true,"href":"https:\/\/www.jocelyne-lopez.de\/blog\/wp-json\/wp\/v2\/categories?post=4947"},{"taxonomy":"post_tag","embeddable":true,"href":"https:\/\/www.jocelyne-lopez.de\/blog\/wp-json\/wp\/v2\/tags?post=4947"}],"curies":[{"name":"wp","href":"https:\/\/api.w.org\/{rel}","templated":true}]}}