{"id":4946,"date":"2011-09-10T07:36:45","date_gmt":"2011-09-10T06:36:45","guid":{"rendered":"https:\/\/www.jocelyne-lopez.de\/blog\/?p=4946"},"modified":"2012-06-23T11:52:23","modified_gmt":"2012-06-23T10:52:23","slug":"die-verschwiegene-und-unterdruckte-kritik-der-relativitatstheorie","status":"publish","type":"post","link":"https:\/\/www.jocelyne-lopez.de\/blog\/2011\/09\/die-verschwiegene-und-unterdruckte-kritik-der-relativitatstheorie\/","title":{"rendered":"Die verschwiegene und unterdr\u00fcckte Kritik der Relativit\u00e4tstheorie"},"content":{"rendered":"<p style=\"text-align: justify;\">Die Webseite <a href=\"http:\/\/www.kritik-relativitaetstheorie.de\/\" target=\"_blank\">Kritische Stimmen zur Relativit\u00e4tstheorie<\/a> stellt einzigartig in ihrem Blog die unz\u00e4hligen Autoren vor, die schon ab 1910 bis heute noch Kritik an der Relativit\u00e4ts-theorie (in deutscher Sprache) vorgebracht haben\u00a0 &#8211; insgesamt eine massive und vernichtende Kritik, die von der akademischen Physik und den etablierten Medien verschwiegen, unterdr\u00fcckt oder verleumdet wird:<\/p>\n<dl class=\"clearfix fotol\" style=\"text-align: justify; padding-left: 30px; width: 410px;\">\n<dt style=\"PADDING-LEFT: 30px\"><img loading=\"lazy\" decoding=\"async\" class=\"alignleft size-full wp-image-1831\" src=\"http:\/\/www.kritik-relativitaetstheorie.de\/wp-content\/uploads\/2011\/09\/logo-kritische-Stimmen400.jpg\" alt=\"\" width=\"400\" height=\"80\" \/><\/dt>\n<\/dl>\n<p>\u00a0\u00a0<\/p>\n<p>\u00a0<\/p>\n<p>\u00a0<\/p>\n<p style=\"padding-left: 150px;\">\u00a0<\/p>\n<p style=\"padding-left: 120px;\">\u00a0\u00a0\u00a0 <a href=\"http:\/\/www.kritik-relativitaetstheorie.de\/blog\/\" target=\"_blank\"><strong>Blog Kritische Stimmen zur Relativit\u00e4tstheorie<\/strong><\/a><\/p>\n<p style=\"PADDING-LEFT: 120px\">\u00a0<\/p>\n","protected":false},"excerpt":{"rendered":"<p>Die Webseite Kritische Stimmen zur Relativit\u00e4tstheorie stellt einzigartig in ihrem Blog die unz\u00e4hligen Autoren vor, die schon ab 1910 bis heute noch Kritik an der Relativit\u00e4ts-theorie (in deutscher Sprache) vorgebracht haben\u00a0 &#8211; insgesamt eine massive und vernichtende Kritik, die von der akademischen Physik und den etablierten Medien verschwiegen, unterdr\u00fcckt oder verleumdet wird: \u00a0\u00a0 \u00a0 \u00a0 [&hellip;]<\/p>\n","protected":false},"author":3,"featured_media":0,"comment_status":"closed","ping_status":"open","sticky":false,"template":"","format":"standard","meta":{"om_disable_all_campaigns":false,"_monsterinsights_skip_tracking":false,"_monsterinsights_sitenote_active":false,"_monsterinsights_sitenote_note":"","_monsterinsights_sitenote_category":0,"ngg_post_thumbnail":0,"footnotes":""},"categories":[11,13],"tags":[1335,16,1336,746],"class_list":["post-4946","post","type-post","status-publish","format-standard","hentry","category-go-mueller","category-kritik-der-relativitatstheorie","tag-go-mueller","tag-gom-projekt","tag-kritik-der-relativitatstheorie","tag-kritische-stimmen-zur-relativitatstheorie"],"aioseo_notices":[],"_links":{"self":[{"href":"https:\/\/www.jocelyne-lopez.de\/blog\/wp-json\/wp\/v2\/posts\/4946"}],"collection":[{"href":"https:\/\/www.jocelyne-lopez.de\/blog\/wp-json\/wp\/v2\/posts"}],"about":[{"href":"https:\/\/www.jocelyne-lopez.de\/blog\/wp-json\/wp\/v2\/types\/post"}],"author":[{"embeddable":true,"href":"https:\/\/www.jocelyne-lopez.de\/blog\/wp-json\/wp\/v2\/users\/3"}],"replies":[{"embeddable":true,"href":"https:\/\/www.jocelyne-lopez.de\/blog\/wp-json\/wp\/v2\/comments?post=4946"}],"version-history":[{"count":0,"href":"https:\/\/www.jocelyne-lopez.de\/blog\/wp-json\/wp\/v2\/posts\/4946\/revisions"}],"wp:attachment":[{"href":"https:\/\/www.jocelyne-lopez.de\/blog\/wp-json\/wp\/v2\/media?parent=4946"}],"wp:term":[{"taxonomy":"category","embeddable":true,"href":"https:\/\/www.jocelyne-lopez.de\/blog\/wp-json\/wp\/v2\/categories?post=4946"},{"taxonomy":"post_tag","embeddable":true,"href":"https:\/\/www.jocelyne-lopez.de\/blog\/wp-json\/wp\/v2\/tags?post=4946"}],"curies":[{"name":"wp","href":"https:\/\/api.w.org\/{rel}","templated":true}]}}