{"id":4880,"date":"2011-05-24T06:43:38","date_gmt":"2011-05-24T05:43:38","guid":{"rendered":"https:\/\/www.jocelyne-lopez.de\/blog\/?p=4880"},"modified":"2011-05-24T16:03:10","modified_gmt":"2011-05-24T15:03:10","slug":"ich-mochte-mich-mit-dr-markus-possel-aussprechen","status":"publish","type":"post","link":"https:\/\/www.jocelyne-lopez.de\/blog\/2011\/05\/ich-mochte-mich-mit-dr-markus-possel-aussprechen\/","title":{"rendered":"Ich m\u00f6chte mich mit Dr. Markus P\u00f6ssel aussprechen"},"content":{"rendered":"<p>Ich verweise auf Austausche zwischen Dr. Markus P\u00f6ssel, Mitarbeiter vom Albert Einstein Institut\u00a0und mir in seiner Blog-Diskussion\u00a0<a href=\"http:\/\/www.wissenslogs.de\/wblogs\/blog\/relativ-einfach\/relativitatstheorien\/2010-12-02\/einstein-verstehen-ein-blogexperiment-teil-i\" target=\"_blank\">Einstein verstehen: Ein Blogexperiment, Teil I<\/a>, \u00fcber die gegenseitigen Vorw\u00fcrfen, die wir jeweils bei unserer \u00f6ffentlichen Kommunikation \u00fcber die Kritik der Relativit\u00e4tstheorie seit Jahren erheben:<\/p>\n<p>\u00a0<\/p>\n<p><a href=\"http:\/\/www.wissenslogs.de\/wblogs\/blog\/relativ-einfach\/relativitatstheorien\/2010-12-02\/einstein-verstehen-ein-blogexperiment-teil-i\/page\/2#comment-27180\" target=\"_blank\">22.05.11 \u2013 Zitat von Dr. Markus P\u00f6ssel<\/a>:\u00a0\u00a0<\/p>\n<p>[\u2026] Och n\u00f6, muss ich mich jetzt doch noch durch die ganzen Blogbeitr\u00e4ge w\u00fchlen, die Sie zu meiner Person geschrieben haben?<\/p>\n<p>Um&#8217;s m\u00f6glichst kurz zu halten: Wenn die Behauptung, dass es eine &#8222;Fehlleistung&#8220; sei, wenn mir einmal aus Versehen eine verst\u00e4ndliche Aussage gel\u00e4nge, da meine wahre Aufgabe darin best\u00fcnde, &#8222;im Gegenteil [&#8230;] zu verhindern, dass die \u00d6ffentlichkeit eine Antwort versteht bzw. Fragen stellt, die unerw\u00fcnscht sind und die G\u00fcltigkeit der Theorie gef\u00e4hrden&#8220;[1], dann ist das, an jemanden adressiert, der sich seit Jahren engagiert, Wissenschaft allgemeinverst\u00e4ndlich in die \u00d6ffentlichkeit zu bringen, eine ziemlich \u00fcble Unterstellung und ein aggressiver pers\u00f6nlicher Anwurf. Was denn sonst? Eine Sachbehauptung zur Speziellen Relativit\u00e4tstheorie? [\u2026]<\/p>\n<p>\u00a0<\/p>\n<p><a href=\"http:\/\/www.wissenslogs.de\/wblogs\/blog\/relativ-einfach\/relativitatstheorien\/2010-12-02\/einstein-verstehen-ein-blogexperiment-teil-i\/page\/2#comment-27197\" target=\"_blank\">23.05.11 \u2013 Zitat von Jocelyne Lopez<\/a>:<\/p>\n<p>Ihre Formulierungen bei der Beantwortung von Kernfragen sind in vielen F\u00e4llen unverst\u00e4ndlich, missverst\u00e4ndlich, ausweichend, undeutlich, zweideutig, verklausuliert oder sie basieren auf Wortklaubereien. Das ist eine Kritik an Ihre Ausdruckweisen und an Ihre didaktische Kommunikation und keine Beleidigung gegen Ihre Person. Vertragen Sie keine Kritik, Herr Dr. P\u00f6ssel?<\/p>\n<p>Dass Ihre Ausdrucksweisen missverst\u00e4ndlich, undeutlich oder verklausuliert sind empfinde nicht ich als Einzige, weit verfehlt: Seit 2008 wird zum Beispiel in Internetforen heftig dar\u00fcber gestritten, was Sie unter der Aussage <em>\u201eDie L\u00e4ngenkontraktion geht nicht mit materiellen Verformungen des K\u00f6rpers einher;\u201c<\/em> gemeint haben. Viele der Teilnehmer, die sich \u00fcber die Bedeutung dieser Aussage ge\u00e4u\u00dfert haben, sind wie ich der Meinung, dass Sie damit ausdr\u00fccken wollten, dass die Objekte nicht schrumpfen. Viele anderen Teilnehmer sind im Gegenteil der Meinung, dass Sie damit ausdr\u00fccken wollten, dass die Objekte schrumpfen.<\/p>\n<p>Sie haben mir eine <em>\u201eSinnentstellung\u201c<\/em> dieser Aussage vorgeworfen und mir deswegen sogar unterschwellig durch Fristsetzung mit gerichtlichen Schritten gedroht, und zwar <strong>ohne ein Wort dar\u00fcber zu verlieren (bis heute noch!) was Sie wirklich unter dieser Aussage gemeint haben<\/strong>, ohne klarzustellen, ob Sie dabei gemeint haben, dass die Objekte schrumpfen oder im Gegenteil, dass die Objekte nicht schrumpfen. Wenn man merkt, Herr Dr. P\u00f6ssel, dass man eine wichtige Aussage get\u00e4tigt hat, die von vielen Menschen gegenteilig verstanden wurde, sollte man vielleicht den Fehler nicht bei den vielen Menschen suchen, sondern bei sich selbst, oder nicht? Es w\u00e4re auch eine Sache von einer Minute gewesen klarzustellen, was Sie als <em>\u201eSinnentstellung\u201c<\/em> von mir angeprangert haben und was seit Jahren im Internet Anla\u00df zu Konflikten \u00fcber die Interpretation der Relativit\u00e4tstheorie gibt, und das k\u00f6nnen Sie auch hier in dieser Diskussion innerhalb einer Minute klarstellen und den seit Jahren geschleppten Konflikt sofort beilegen:<\/p>\n<p>Schrumpfen die bewegten Objekte in der Relativit\u00e4tstheorie oder schrumpfen sie nicht?<\/p>\n<p><strong>\u00a0<\/strong><\/p>\n<p><strong>Zitat Dr. Markus P\u00f6ssel (aus dem selben o.g. Eintrag vom 22.05.11)<\/strong>:<\/p>\n<p><em>&#8222;Aber verdammt, da haben Sie mich ja bereits wieder hereingelegt, denn offenbar habe ich gerade im Internet recherchiert, um dieses Zitat zu finden. Und dar\u00fcber, dass ich, der ich mich laut Ihrer Aussage &#8222;st\u00e4ndig wegen Zeitmangel bei der Beantwortung von Fragen im Rahmen seiner amtlichen T\u00e4tigkeit beim Albert Einstein Institut\/Einstein Online beschwer[e] und rausred[e]&#8220;, anderseits offenbar Zeit investiere, gelegentlich auch mal im Internet zu schauen, was da so \u00dcbles \u00fcber mich geschrieben wird, haben Sie sich ja auch schon mokiert [2]. Nat\u00fcrlich war auch das &#8222;rein sachlich&#8220;, denn bekannterma\u00dfen ist selbst die Freizeit des Markus P\u00f6ssel integraler Teil der Speziellen Relativit\u00e4tstheorie&#8230; oder irgendwie so etwas.&#8220;<\/em><\/p>\n<p>War es etwa <em>\u201erein sachlich\u201c<\/em> von Ihnen, dass Sie sich in einer eigenen initiierten Diskussion \u00fcber die <em>\u201eunorthodoxen Kritiker\u201c<\/em> f\u00fcr die <em>\u201eInformationen\u201c<\/em> \u00fcber meine Person eines anonymen Teilnehmers bedanken, der auf einen illegalen und anonymen Denunziationsportal \u201eEsowatch\u201c verweist, wobei dieser anonyme Denunziationsportal seit Jahren trotz Strafanzeigen von zahlreichen Gesch\u00e4digten (darunter auch meine) Beleidigungen, Beschimpfungen, Verunglimpfungen, \u00fcble Nachrede und schwerwiegende Verleumdungen \u00fcber eine Vielzahl von Menschen (u. a. \u00fcber mich), das Internet \u00fcberschwemmt? Haben Sie sich durch Ihre Danksagung f\u00fcr die <em>\u201eInformationen\u201c<\/em> \u00fcber mich aus diesem illegalen Denunziationsportal nicht mit seinen Inhalten solidarisiert und sie sich zu eigen gemacht? Ist Ihre juristische und moralische Verantwortung hier Ihrer Meinung nach au\u00dfen vor, oder tragen Sie eine Mitverantwortung f\u00fcr die Verletzungen und die Schaden, die mir dadurch entstehen?<\/p>\n<p>Sind Sie zum Beispiel auch \u00fcber folgende Umst\u00e4nde um das Vortragen der Kritik der Relativit\u00e4tstheorie in der \u00d6ffentlichkeit (u.a. auch durch mich) etwa nicht informiert?<\/p>\n<p>\u00a0<\/p>\n<p>&#8211; In all den Jahren hinterfrage ich die Spezielle Relativit\u00e4tstheorie, zuerst in Internetforen und anschlie\u00dfend auch in meinem Blog.<\/p>\n<p>Sie vertragen also nicht, dass man die Theorie, die Sie f\u00fcr richtig und g\u00fcltig halten hinterfragt und sehen diese Hinterfragung als pers\u00f6nliche Angriffe und Beleidigungen gegen Sie selbst, so sehr identifizieren Sie sich f\u00fcr diese Theorie?<\/p>\n<p>\u00a0<\/p>\n<p>&#8211; In all den Jahren habe ich Tausende von Kritikern der Speziellen Relativit\u00e4tstheorie aus der ganzen Welt und seit Aufstellung der Theorie in Internetforen und in meinem Blog vorgestellt und ihre Einw\u00e4nde und Argumente vorgetragen.<\/p>\n<p>Sie vertragen also nicht, dass man Kritiker der Speziellen Relativit\u00e4tstheorie vorstellt, ihre Argumente bekannt macht und zur Diskussion stellt? Das halten Sie f\u00fcr pers\u00f6nliche Angriffe und Beleidigungen, so sehr identifizieren Sie sich f\u00fcr diese Theorie?<\/p>\n<p>\u00a0<\/p>\n<p>&#8211; In all den Jahren habe ich die Haltung kritisiert, die daraus besteht, die Kritiker der Relativit\u00e4tstheorie als Spinner, \u201ecranks\u201c, Pseudowissenschaftler und sonstige Ewiggestrige abzuwerten und ihre Argumentierungen als unwissenschaftlich, unqualifiziert, substanzlos oder l\u00e4cherlich zu disqualifizieren.<\/p>\n<p>Sie finden es richtig, dass man die Kritiker der Theorie, die Sie bef\u00fcrworten, so disqualifiziert und so behandelt? Ist es in Ihrem Sinne zum Schutz und zur Verteidigung Ihrer Lieblingstheorie? Oder wissen Sie etwa davon nichts?<\/p>\n<p>\u00a0<\/p>\n<p>&#8211; In all den Jahren habe ich die Strategie kritisiert &#8211; und mich auch selbst heftig gegen diese Strategie wehren m\u00fcssen &#8211; die daraus besteht, die Kritiker der Relativit\u00e4tstheorie als Antisemiten, Rassisten, Nazis, Extremisten, Terroristen, Kriegsverbrecher, KZ-Schergen und als b\u00f6sartige und abscheuliche Menschen darzustellen, wie zum Beispiel hier dargelegt wird:<\/p>\n<p><a href=\"https:\/\/www.jocelyne-lopez.de\/blog\/2007\/12\/go-mueller-die-besondere-strategie-der-verleumderische-antisemitismus-vorwurf\/\" target=\"_blank\">Die besondere Strategie: der verleumderische Antisemitismus-Vorwurf<\/a><\/p>\n<p><a href=\"https:\/\/www.jocelyne-lopez.de\/blog\/2008\/09\/go-mueller-was-haben-antisemitismus-nationalsozialismus-und-volkermord-mit-physik-zu-tun\/\" target=\"_blank\">Was haben Antisemitismus, Nationalsozialismus und V\u00f6lkermord mit Physik zu tun?<\/a><\/p>\n<p>Sie verstehen also nicht, dass man diese Strategie infam und pervers findet und dass man sich heftig dagegen wehrt, wenn man selbst Opfer dieser Verleumdungen wird? Sie finden diese weitverbreitete und im Internet massiv anonym durchgesetzte Strategie in Ordnung zur Verteidigung der Theorie, die Sie als richtig und g\u00fcltig erachten, so sehr identifizieren Sie sich mit dieser Theorie? Sie solidarisieren sich f\u00fcr diese Strategie, wenn es darum geht, die Theorie, die Sie bef\u00fcrworten, zu sch\u00fctzen und zu verteidigen? Oder wissen Sie etwa davon nichts?<\/p>\n<p>\u00a0<\/p>\n<p>&#8211; In all den Jahren kritisiere ich das Verhalten der Verantwortliche und Entscheidungs-tr\u00e4ger der \u00f6ffentlichen Hand in Lehre und Forschung, die eine Theorie von Generation zu Generation als richtig und g\u00fcltig tradieren, ohne die Studenten zu informieren, dass eine umfangreiche, wissenschaftlich fundierte, ernstzunehmende und ungebrochene Kritik dieser Theorie aus der ganzen Welt seit Aufstellung der Theorie existiert. F\u00fchlen Sie sich als Spezialist f\u00fcr die Information von 10Kl\u00e4sslern und von naturwissenschaftlich interessierten B\u00fcrgern als Mitarbeiter des Albert Einstein Instituts hier in Ihrer pers\u00f6nlichen Verantwortung nicht angesprochen?<\/p>\n<p>\u00a0<\/p>\n<p>Sich direkt aussprechen nach <em>&#8222;all den Jahren&#8220;<\/em> ist auf jeden Fall eine gute Sache.<\/p>\n<p>Jocelyne Lopez<\/p>\n","protected":false},"excerpt":{"rendered":"<p>Ich verweise auf Austausche zwischen Dr. Markus P\u00f6ssel, Mitarbeiter vom Albert Einstein Institut\u00a0und mir in seiner Blog-Diskussion\u00a0Einstein verstehen: Ein Blogexperiment, Teil I, \u00fcber die gegenseitigen Vorw\u00fcrfen, die wir jeweils bei unserer \u00f6ffentlichen Kommunikation \u00fcber die Kritik der Relativit\u00e4tstheorie seit Jahren erheben: \u00a0 22.05.11 \u2013 Zitat von Dr. Markus P\u00f6ssel:\u00a0\u00a0 [\u2026] Och n\u00f6, muss ich mich [&hellip;]<\/p>\n","protected":false},"author":3,"featured_media":0,"comment_status":"closed","ping_status":"open","sticky":false,"template":"","format":"standard","meta":{"om_disable_all_campaigns":false,"_monsterinsights_skip_tracking":false,"_monsterinsights_sitenote_active":false,"_monsterinsights_sitenote_note":"","_monsterinsights_sitenote_category":0,"ngg_post_thumbnail":0,"footnotes":""},"categories":[13],"tags":[41,206,488,564,16,1336,183],"class_list":["post-4880","post","type-post","status-publish","format-standard","hentry","category-kritik-der-relativitatstheorie","tag-albert-einstein-institut","tag-alpha-centauri","tag-esowatch","tag-g-o-mueller","tag-gom-projekt","tag-kritik-der-relativitatstheorie","tag-markus-possel"],"aioseo_notices":[],"_links":{"self":[{"href":"https:\/\/www.jocelyne-lopez.de\/blog\/wp-json\/wp\/v2\/posts\/4880"}],"collection":[{"href":"https:\/\/www.jocelyne-lopez.de\/blog\/wp-json\/wp\/v2\/posts"}],"about":[{"href":"https:\/\/www.jocelyne-lopez.de\/blog\/wp-json\/wp\/v2\/types\/post"}],"author":[{"embeddable":true,"href":"https:\/\/www.jocelyne-lopez.de\/blog\/wp-json\/wp\/v2\/users\/3"}],"replies":[{"embeddable":true,"href":"https:\/\/www.jocelyne-lopez.de\/blog\/wp-json\/wp\/v2\/comments?post=4880"}],"version-history":[{"count":0,"href":"https:\/\/www.jocelyne-lopez.de\/blog\/wp-json\/wp\/v2\/posts\/4880\/revisions"}],"wp:attachment":[{"href":"https:\/\/www.jocelyne-lopez.de\/blog\/wp-json\/wp\/v2\/media?parent=4880"}],"wp:term":[{"taxonomy":"category","embeddable":true,"href":"https:\/\/www.jocelyne-lopez.de\/blog\/wp-json\/wp\/v2\/categories?post=4880"},{"taxonomy":"post_tag","embeddable":true,"href":"https:\/\/www.jocelyne-lopez.de\/blog\/wp-json\/wp\/v2\/tags?post=4880"}],"curies":[{"name":"wp","href":"https:\/\/api.w.org\/{rel}","templated":true}]}}