{"id":487,"date":"2008-11-21T08:07:03","date_gmt":"2008-11-21T07:07:03","guid":{"rendered":"https:\/\/www.jocelyne-lopez.de\/blog\/?p=487"},"modified":"2009-06-19T15:38:36","modified_gmt":"2009-06-19T14:38:36","slug":"9-das-forschungsprojekt-go-mueller-zieht-eine-zwischenbilanz","status":"publish","type":"post","link":"https:\/\/www.jocelyne-lopez.de\/blog\/2008\/11\/9-das-forschungsprojekt-go-mueller-zieht-eine-zwischenbilanz\/","title":{"rendered":"9 &#8211; Das Forschungsprojekt G.O. Mueller zieht eine Zwischenbilanz"},"content":{"rendered":"<h3><a href=\"https:\/\/www.jocelyne-lopez.de\/blog\/?p=482\"><\/a><\/h3>\n<p>Nachstehend\u00a09. Abschnitt der bisher unver\u00f6ffentlichen Arbeit <a href=\"https:\/\/www.jocelyne-lopez.de\/blog\/?p=455\" target=\"_blank\"><em>Das Forschungs-<\/em><em><span style=\"text-decoration: underline;\"><br \/>\n<\/span><\/em><em>projekt G.O. Mueller zieht eine Zwischenbilanz<\/em><\/a>, die im Forum von Ekkehard Friebe als <a href=\"http:\/\/www.ekkehard-friebe.de\/friebeforum\/thread.php?threadid=651&amp;sid=04e68a9c48641e9b6d8ceac60dbd5cd2\" target=\"_blank\"><strong><em><span style=\"color: #8e1600;\">Fortsetzungsreihe<\/span><\/em><\/strong><\/a>\u00a0vorgestellt wird:<\/p>\n<blockquote>\n<blockquote><p><strong><em>Chronologie der \u00f6ffentlichen Aktivit\u00e4ten der Kritiker<\/em><\/strong><strong> (Auswahl)<\/strong><\/p>\n<p><strong>1920, 29. Mai &#8211; Jahresversammlung der Kantgesellschaft in Halle<\/strong><\/p>\n<p>Im Anschlu\u00df an die Jahresversammlung auf einer &#8222;<em>Zusammenkunft von Freunden der Als-Ob-Philosophie<\/em>&#8220; sind 4 Vortr\u00e4ge gehalten und unter dem Titel &#8222;<em>Zur Relativit\u00e4tstheorie<\/em>&#8220; in den &#8222;<em>Annalen der Philosophie<\/em>&#8220; ver\u00f6ffentlicht worden, darunter 3 kritische Vortr\u00e4ge von O. Kraus, P. F. Linke, F. R. Lipsius. (Dok. Kap. 3, S. 244 &#8211; 246.)<\/p>\n<p><strong>1920, 24. Aug. &#8211; E. Gehrckes Vorwurf an die Relativisten: Massensuggestion!<\/strong><\/p>\n<p>\u00d6ffentlicher Vortrag in der Berliner Philharmonie. Titel: Die Relativit\u00e4tstheorie eine wissenschaftliche Massensuggestion. &#8211; Kritisiert SRT und ART und beurteilt das Verh\u00e4ltnis zwischen beiden als einen Widerspruch. Bestreitet die Behauptungen \u00fcber experimentelle Best\u00e4tigungen der Theorien als irref\u00fchrend und Propaganda. Die Theorie verkn\u00fcpft Aussagen der Physik, der Mathematik und der Erkenntnistheorie; die Vertreter der Theorie antworten auf Kritik an einem der drei Aspekte einfach mit Behauptungen der beiden anderen Aspekte und wollen damit den Kritikern durchweg die Kompetenz bestreiten. Weil sich niemand dem Vorwurf aussetzen will, er verst\u00fcnde nichts von der Sache, funktioniere die Durchsetzung der Theorie wie Andersens M\u00e4rchen &#8222;<em>Des Kaisers neue Kleider<\/em>&#8222;. Damit ist indirekt der Betrugsvorwurf ausgesprochen. (Dok. Kap. 3, S. 247 &#8211; 250; Kap. 4, 546 &#8211; 547.)<\/p>\n<p><strong>1920, 19. &#8211; 25. Sept. &#8211; 86. Naturforscherversammlung in Bad Nauheim<\/strong><\/p>\n<p>&#8222;<em>Naturforscherversammlung<\/em>&#8220; ist die \u00fcbliche Bezeichnung f\u00fcr die Jahresversammlung der Gesellschaft Deutscher Naturforscher und \u00c4rzte (GDN\u00c4). Kernpunkt ist die &#8222;<em>Allgemeine Diskussion \u00fcber Relativit\u00e4tstheorie<\/em>&#8222;, in der vor allem Lenard und Einstein \u00fcber die ART diskutieren. In der Presse wurde gro\u00df berichtet: die \u00d6ffentlichkeit erfuhr zum letzten Mal von einer \u00f6ffentlichen Diskussion zwischen den Vertretern der Theorien und ihren Kritikern. &#8211; (S. oben: Die Blamage der Relativisten 1920 in Bad Nauheim, mit Lit.-Angaben; Dok., Kap. 3, S. 250 &#8211; 253; Kap. 4, S. 372 &#8211; 373.)<\/p>\n<p><strong>1922, Sept. &#8211; \u00d6ffentlicher Gelehrtenprotest auf Handzetteln gegen die Aussperrung der Kritik aus der Hundertjahrfeier der GDN\u00c4 in Leipzig, 17. &#8211; 24. Sept.<\/strong><\/p>\n<p>Aus Protest gegen die Aussperrung der Kritik lassen 19 Unterzeichner einen Handzettel vor dem Tagungsgeb\u00e4ude verteilen. In der \u00d6ffentlichkeit werden die Unterzeichner als unverbesserliche Reaktion\u00e4re und inkompetent hingestellt, obwohl mehrere Universit\u00e4tsprofessoren und auch Nobelpreistr\u00e4ger unterzeichnet hatten und der Handzettel kein einziges antisemitisches Wort enthielt. &#8211; Zur Bedeutung der Vorg\u00e4nge in Leipzig 1922 als kalte Machtergreifung der Mehrheit der Physiker s. oben: Die Vorg\u00e4nge in Leipzig im September 1922. (Dok. Kap. 3, S. 270 &#8211; 275; Kap. 4, S. 374 &#8211; 375.)<\/p>\n<p>Weniger bekannt ist ein anderes, anonymes Flugblatt, das ebenfalls auf der Leipziger Jahrhundertfeier verteilt wurde: &#8222;<em>Den in Leipzig versammelten deutschen Naturforschern und \u00c4rzten zur Erheiterung<\/em>&#8222;, in dem das Zwillingsparadoxon, der damals aktuelle Einstein-Film und das Relativit\u00e4tsprinzip in v\u00f6llig korrekter Argumentation veralbert werden. (Dok. Kap. 4, S. 375 &#8211; 376.)<\/p>\n<p><strong>1924 &#8211; E. Gehrcke: Massensuggestion zur Durchsetzung der Relativit\u00e4tstheorien<\/strong><\/p>\n<p>Ver\u00f6ffentlicht sein Buch &#8222;<em>Die Massensuggestion der Relativit\u00e4tstheorie: kulturhistorisch-psychologische Dokumente<\/em>.&#8220; Bezeichnet die Theorie als Fiktion und mathematisches M\u00e4rchen. Dokumentiert und analysiert die Methoden der Durchsetzung der Theorien in den Jahren 1914-1923 anhand einer eigenen Sammlung von ca. 5000 Zeitungsausschnitten und Zeitschriftenaufs\u00e4tzen. Die Ausschnittsammlung ist im 2. Weltkrieg schwer besch\u00e4digt worden; ca. 3000 (???) Ausschnitte sind noch vorhanden und im Max-Planck-Institut f. Wissenschaftsgeschichte in Berlin vorhanden, wo sie digitalisiert und im Internet zug\u00e4nglich gemacht werden sollen. &#8211; Das Buch appelliert an die \u00d6ffentlichkeit, den Betrug durch die Darstellung in den Medien zu durchschauen. (Dok. Kap. 4, S. 552 &#8211; 553.)<br \/>\n<a href=\"http:\/\/www.amazon.co.uk\/Massensuggestion-Relativit%C3%A4tstheorie-Kultur-historisch-psychologische-Dokumente-Abbildungen\/dp\/B0014QIE9S\" target=\"_blank\"><em>Siehe URL<\/em><\/a><\/p>\n<p>(G.O. Mueller)<\/p><\/blockquote>\n<\/blockquote>\n","protected":false},"excerpt":{"rendered":"<p>Nachstehend\u00a09. Abschnitt der bisher unver\u00f6ffentlichen Arbeit Das Forschungs- projekt G.O. Mueller zieht eine Zwischenbilanz, die im Forum von Ekkehard Friebe als Fortsetzungsreihe\u00a0vorgestellt wird: Chronologie der \u00f6ffentlichen Aktivit\u00e4ten der Kritiker (Auswahl) 1920, 29. Mai &#8211; Jahresversammlung der Kantgesellschaft in Halle Im Anschlu\u00df an die Jahresversammlung auf einer &#8222;Zusammenkunft von Freunden der Als-Ob-Philosophie&#8220; sind 4 Vortr\u00e4ge gehalten [&hellip;]<\/p>\n","protected":false},"author":3,"featured_media":0,"comment_status":"closed","ping_status":"open","sticky":false,"template":"","format":"standard","meta":{"om_disable_all_campaigns":false,"_monsterinsights_skip_tracking":false,"_monsterinsights_sitenote_active":false,"_monsterinsights_sitenote_note":"","_monsterinsights_sitenote_category":0,"ngg_post_thumbnail":0,"footnotes":""},"categories":[11,13],"tags":[28,16,1336,258],"class_list":["post-487","post","type-post","status-publish","format-standard","hentry","category-go-mueller","category-kritik-der-relativitatstheorie","tag-forschungsgruppe-go-mueller","tag-gom-projekt","tag-kritik-der-relativitatstheorie","tag-relativitatstheorie"],"aioseo_notices":[],"_links":{"self":[{"href":"https:\/\/www.jocelyne-lopez.de\/blog\/wp-json\/wp\/v2\/posts\/487"}],"collection":[{"href":"https:\/\/www.jocelyne-lopez.de\/blog\/wp-json\/wp\/v2\/posts"}],"about":[{"href":"https:\/\/www.jocelyne-lopez.de\/blog\/wp-json\/wp\/v2\/types\/post"}],"author":[{"embeddable":true,"href":"https:\/\/www.jocelyne-lopez.de\/blog\/wp-json\/wp\/v2\/users\/3"}],"replies":[{"embeddable":true,"href":"https:\/\/www.jocelyne-lopez.de\/blog\/wp-json\/wp\/v2\/comments?post=487"}],"version-history":[{"count":0,"href":"https:\/\/www.jocelyne-lopez.de\/blog\/wp-json\/wp\/v2\/posts\/487\/revisions"}],"wp:attachment":[{"href":"https:\/\/www.jocelyne-lopez.de\/blog\/wp-json\/wp\/v2\/media?parent=487"}],"wp:term":[{"taxonomy":"category","embeddable":true,"href":"https:\/\/www.jocelyne-lopez.de\/blog\/wp-json\/wp\/v2\/categories?post=487"},{"taxonomy":"post_tag","embeddable":true,"href":"https:\/\/www.jocelyne-lopez.de\/blog\/wp-json\/wp\/v2\/tags?post=487"}],"curies":[{"name":"wp","href":"https:\/\/api.w.org\/{rel}","templated":true}]}}