{"id":4866,"date":"2011-05-10T06:02:30","date_gmt":"2011-05-10T05:02:30","guid":{"rendered":"https:\/\/www.jocelyne-lopez.de\/blog\/?p=4866"},"modified":"2011-05-17T07:00:22","modified_gmt":"2011-05-17T06:00:22","slug":"einstein-verstehen-erneute-frage-an-dr-markus-possel","status":"publish","type":"post","link":"https:\/\/www.jocelyne-lopez.de\/blog\/2011\/05\/einstein-verstehen-erneute-frage-an-dr-markus-possel\/","title":{"rendered":"Einstein verstehen: Erneute Frage an Dr. Markus P\u00f6ssel"},"content":{"rendered":"<p>Ich bin am 20.04. 11 in die Diskussion\u00a0<a href=\"http:\/\/www.wissenslogs.de\/wblogs\/blog\/relativ-einfach\/relativitatstheorien\/2010-12-02\/einstein-verstehen-ein-blogexperiment-teil-i\" target=\"_blank\">Einstein verstehen: Ein Blogexperiment, Teil I<\/a>\u00a0von Dr. Markus P\u00f6ssel, Mitarbeiter vom Albert Einstein Institut und Erfinder der Initiative <a href=\"http:\/\/www.aei.mpg.de\/pdf\/pm_news\/2007\/PM07_Roelin-Preis_MP.pdf\" target=\"_blank\">Einstein online<\/a>\u00a0eingestiegen, um eine strittige Frage \u00fcber die Messung von L\u00e4ngen von ihm kl\u00e4ren zu lassen:<\/p>\n<p style=\"padding-left: 60px;\"><a href=\"http:\/\/www.wissenslogs.de\/wblogs\/blog\/relativ-einfach\/relativitatstheorien\/2010-12-02\/einstein-verstehen-ein-blogexperiment-teil-i#comment-26257\" target=\"_blank\">20.04.11 \u2013 Zitat Jocelyne Lopez<\/a>:<\/p>\n<p style=\"padding-left: 60px;\">@ Dr. Markus P\u00f6ssel<\/p>\n<p style=\"padding-left: 60px;\">Aus meiner Sicht ist noch einiges bei der Messung einer L\u00e4nge zu kl\u00e4ren:<\/p>\n<p style=\"padding-left: 60px;\">Es kursiert n\u00e4mlich in Diskussionsforen die Vorstellung, dass man eine L\u00e4nge ohne jegliche Einbeziehung von Materie messen kann. Diese Vorstellung ist meiner Meinung nach irrig.<br \/>\n[\u2026]<br \/>\nMeiner Meinung nach ist keine konkrete Messung einer L\u00e4nge ohne materielle Wechselwirkung mit dem Objekt \u00fcberhaupt m\u00f6glich.\n<\/p>\n<p style=\"padding-left: 60px;\">Was meinen Sie?<\/p>\n<p>Diese Meinungsverschiedenheit \u00fcber die Messung von L\u00e4ngen hat Dr. P\u00f6ssel nicht gekl\u00e4rt, mit der Begr\u00fcndung, dass eine Kommunikation mit mir aufgrund meiner \u201e<em>Privatsprache<\/em>\u201c extrem schwierig bis unm\u00f6glich sei, siehe <a href=\"https:\/\/www.jocelyne-lopez.de\/blog\/2011\/05\/so-alt-bin-ich-nun-wieder-nicht\/\" target=\"_blank\">hier<\/a>.<\/p>\n<p>Ich habe gestern erneut Dr. P\u00f6ssel eine Frage in dieser Angelegenheit gestellt:<\/p>\n<p style=\"padding-left: 60px;\"><a href=\"http:\/\/www.wissenslogs.de\/wblogs\/blog\/relativ-einfach\/relativitatstheorien\/2010-12-02\/einstein-verstehen-ein-blogexperiment-teil-i#comment-26722\" target=\"_blank\">09.05.11 \u2013 Zitat von Jocelyne Lopez<\/a>:<\/p>\n<p style=\"padding-left: 60px;\">@ Dr. Markus P\u00f6ssel:\u00a0<\/p>\n<p style=\"padding-left: 60px;\">Ich habe eine weitere Frage zur Messung von L\u00e4ngen mit der Lichtgeschwindigkeit:\u00a0<\/p>\n<p style=\"padding-left: 60px;\">Wikipedia schreibt \u00fcber optische Abstandsmessungen:\u00a0<\/p>\n<p style=\"padding-left: 90px;\">Die optische Abstandsmessung (auch: Laserentfernungsmessung) wird benutzt um die Distanz zwischen einem Abstandssensor und einem Objekt zu messen. Die Pr\u00e4zision h\u00e4ngt von verschiedenen Faktoren ab:<\/p>\n<p style=\"padding-left: 90px;\">\u2022 von der Oberfl\u00e4che der beiden Objekte (Material, Farbe)<br \/>\n\u2022 von der zu messenden Distanz<br \/>\n\u2022 von Umwelteinfl\u00fcssen\n<\/p>\n<p style=\"padding-left: 60px;\">Aus diesen Informationen geht meiner Meinung nach eindeutig hervor, dass auch bei der Messung von L\u00e4ngen mit der Lichtgeschwindigkeit eine Wechselwirkung zwischen der Materie des Messinstruments und der Materie des zu messenden Objekts stattfindet, und sogar dass die Pr\u00e4zision der Messung u.a. auch davon abh\u00e4ngt:\u00a0\u201e<em>Die Pr\u00e4zision h\u00e4ngt [\u2026] von der Oberfl\u00e4che der beiden Objekte (Material, Farbe) ab.<\/em>\u201c<\/p>\n<p style=\"padding-left: 60px;\">Sehen Sie es auch so?<\/p>\n","protected":false},"excerpt":{"rendered":"<p>Ich bin am 20.04. 11 in die Diskussion\u00a0Einstein verstehen: Ein Blogexperiment, Teil I\u00a0von Dr. Markus P\u00f6ssel, Mitarbeiter vom Albert Einstein Institut und Erfinder der Initiative Einstein online\u00a0eingestiegen, um eine strittige Frage \u00fcber die Messung von L\u00e4ngen von ihm kl\u00e4ren zu lassen: 20.04.11 \u2013 Zitat Jocelyne Lopez: @ Dr. Markus P\u00f6ssel Aus meiner Sicht ist noch [&hellip;]<\/p>\n","protected":false},"author":3,"featured_media":0,"comment_status":"closed","ping_status":"open","sticky":false,"template":"","format":"standard","meta":{"om_disable_all_campaigns":false,"_monsterinsights_skip_tracking":false,"_monsterinsights_sitenote_active":false,"_monsterinsights_sitenote_note":"","_monsterinsights_sitenote_category":0,"ngg_post_thumbnail":0,"footnotes":""},"categories":[13],"tags":[41,1336,183],"class_list":["post-4866","post","type-post","status-publish","format-standard","hentry","category-kritik-der-relativitatstheorie","tag-albert-einstein-institut","tag-kritik-der-relativitatstheorie","tag-markus-possel"],"aioseo_notices":[],"_links":{"self":[{"href":"https:\/\/www.jocelyne-lopez.de\/blog\/wp-json\/wp\/v2\/posts\/4866"}],"collection":[{"href":"https:\/\/www.jocelyne-lopez.de\/blog\/wp-json\/wp\/v2\/posts"}],"about":[{"href":"https:\/\/www.jocelyne-lopez.de\/blog\/wp-json\/wp\/v2\/types\/post"}],"author":[{"embeddable":true,"href":"https:\/\/www.jocelyne-lopez.de\/blog\/wp-json\/wp\/v2\/users\/3"}],"replies":[{"embeddable":true,"href":"https:\/\/www.jocelyne-lopez.de\/blog\/wp-json\/wp\/v2\/comments?post=4866"}],"version-history":[{"count":0,"href":"https:\/\/www.jocelyne-lopez.de\/blog\/wp-json\/wp\/v2\/posts\/4866\/revisions"}],"wp:attachment":[{"href":"https:\/\/www.jocelyne-lopez.de\/blog\/wp-json\/wp\/v2\/media?parent=4866"}],"wp:term":[{"taxonomy":"category","embeddable":true,"href":"https:\/\/www.jocelyne-lopez.de\/blog\/wp-json\/wp\/v2\/categories?post=4866"},{"taxonomy":"post_tag","embeddable":true,"href":"https:\/\/www.jocelyne-lopez.de\/blog\/wp-json\/wp\/v2\/tags?post=4866"}],"curies":[{"name":"wp","href":"https:\/\/api.w.org\/{rel}","templated":true}]}}