{"id":4852,"date":"2011-04-10T07:30:34","date_gmt":"2011-04-10T06:30:34","guid":{"rendered":"https:\/\/www.jocelyne-lopez.de\/blog\/?p=4852"},"modified":"2012-06-25T19:55:55","modified_gmt":"2012-06-25T18:55:55","slug":"plagiate-und-unredlichkeit-um-die-relativitatstheorie-werden-der-offentlichkeit-vorenthalten","status":"publish","type":"post","link":"https:\/\/www.jocelyne-lopez.de\/blog\/2011\/04\/plagiate-und-unredlichkeit-um-die-relativitatstheorie-werden-der-offentlichkeit-vorenthalten\/","title":{"rendered":"Plagiate und Unredlichkeit um die Relativit\u00e4tstheorie werden der \u00d6ffentlichkeit vorenthalten"},"content":{"rendered":"<p>Ich verweise auf meinen Blog-Eintrag <a href=\"https:\/\/www.jocelyne-lopez.de\/blog\/2011\/03\/einstein-der-groste-plagiator-aller-zeiten\/\" target=\"_blank\">Einstein, der gr\u00f6\u00dfte Plagiator aller Zeiten?<\/a>\u00a0und auf den dort verlinkten Artikel des Physikers <a href=\"http:\/\/www.peter-ripota.de\/einstein\/index.php\" target=\"_blank\">Peter Ripota<\/a> \u00fcber diverse Plagiate seitens Albert Einstein von verschiedenen Wissenschaftlern, zum Beispiel vom \u00a0Franzose Henri Poincar\u00e9, vom Deutsche David Hilbert und vom Franzose Eli Cartan.<\/p>\n<p>\u00dcber das Plagiat von Eli Cartan durch Albert Einstein schreibt Peter Ripota in seinem Artikel <a href=\"https:\/\/www.jocelyne-lopez.de\/blog\/2009\/08\/peter-ripota-einstein-der-grose-plagiator-%e2%80%93-teil-3\/\" target=\"_blank\">Einstein der gro\u00dfe Plagiator \u2013 Teil 3<\/a>:<\/p>\n<p style=\"padding-left: 60px;\">Beim dritten Vorfall war es wieder ein Mathematiker, dem Einstein die Ideen klaute, wieder ein Franzose. Eli Cartan hatte die Idee gehabt, den Raum nicht nur zu kr\u00fcmmen, sondern die Kr\u00fcmmungsf\u00e4den auch noch zu verdrillen, woraus sich zus\u00e4tzlich zur Schwerkraft auch noch die Tr\u00e4gheit rein mathematisch ergeben sollte. Man nennt das \u201cFernparallelismus\u201c.<\/p>\n<p style=\"padding-left: 60px;\">Einstein, seit 1920 bis zu seinem Tod 1955 auf der Suche nach der Weltformel, griff die Ideen begierig auf und bastelte sich daraus eine Theorie \u2013 unter eigenem Namen. Cartan wies ihn auf einer Konferenz auf seine Ideen-Priorit\u00e4t hin, doch Einstein konnte sich an nichts erinnern. Cartan zeigte ihm einen Brief, den ihm Einstein geschrieben hatte, worin er sich f\u00fcr die Ideen des Herrn Cartan bedankte. Einstein konnte nun nicht mehr leugnen und versprach dem jungen Mathematiker, ihm in seinem n\u00e4chsten Sammelband die Ehre der Priorit\u00e4t zu erweisen.<\/p>\n<p style=\"padding-left: 60px;\">Und Einstein r\u00e4chte sich f\u00fcr Cartans Unversch\u00e4mtheit, ihm die Wahrheit gesagt zu haben: Im n\u00e4chsten Sammelband war kein einziger Beitrag von Cartan. Die Urheberschaft f\u00fcr die Theorie des Fernparallelismus wurde von Einstein jemand anderem zugeschrieben, und der aufm\u00fcpfige franz\u00f6sische Mathematiker wurde auch wieder erw\u00e4hnt. Heute kennt ihn keiner.<\/p>\n<p>Diese Umst\u00e4nde werden mit sehr gro\u00dfer &#8222;Diskretion&#8220; gegen\u00fcber der breiten \u00d6ffentlichkeit von der akademischen Physik behandelt, obwohl sie sehr wohl bekannt und dokumen-tiert sind wie weitere Recherchen von Peter Ripota es zeigen, zum Beispiel die Aufarbeitung einer Publikation des Max Planck Instituts f\u00fcr Gravitationsphysik:<\/p>\n<p style=\"padding-left: 60px;\"><a href=\"http:\/\/relativity.livingreviews.org\/Articles\/lrr-2004-2\/download\/lrr-2004-2BW.pdf\" target=\"_blank\">Hubert F. M. Goenner (University of G\u00f6ttingen, Institut f\u00fcr Theoretische Physik): On the History of Unified Field Theories. Living Reviews in Relativity, 7, (2004), 2. \u00a9 Max Planck Institute for Gravitational Physics<br \/>\nISSN 1433-8351. Aff\u00e4re Cartan ab Kapitel 6.4, S. 73.<\/a>\n<\/p>\n<p style=\"padding-left: 60px;\">Einstein admitted Cartan\u2019s priority &#8230; (S. 74)<\/p>\n<p style=\"padding-left: 60px;\">&#8222;It is not for the first time that such spaces are envisaged. From a purely mathematical point of view they were studied previously. M. Cartan was so amiable as to write a note for the Mathematische Annalen exposing the various phases in the formal development of these concepts.\u201d214 ([92], p. 4). Note that Einstein does not say that it was Cartan who first \u201cenvisaged\u201d these spaces before.<\/p>\n<p style=\"padding-left: 60px;\">Later in the paper, he comes closer to the point: \u201cThis type of space had been envisaged before me by mathematicians, notably by WEITZENB\u00d6CK, EISENHART et CARTAN [&#8230;].\u201d215 [92]. Again, he held back in his support of Cartan\u2019s priority claim. (S. 82)<\/p>\n<p style=\"padding-left: 60px;\">He then gave a proof of the compatibility of his field equations: \u201cThe proof of the compatibility, as given in my paper in the Mathematische Annalen, has been somewhat simplified due to a communication which I owe to a letter of Mr. CARTAN (cf. S3, [16]).\u201d The reader had to make out for himself what Cartan\u2019s contribution really was. (S. 83)<\/p>\n<p>Man fragt sich, warum die akademische Physik, die eine Lobeshymne \u00fcber die Theorie nach der anderen massiv verbreitet und einen quasi hysterischen Pers\u00f6nlichkeitskult um Albert Einstein in der breiten \u00d6ffentlichkeit pflegt und f\u00f6rdert, solche wichtige Hinter-grundinformationen \u00fcber Plagiate und Unredlichkeit\u00a0bei der Entstehung der Relativit\u00e4tstheorie der breiten \u00d6ffentlichkeit vorenth\u00e4lt.<\/p>\n<p>Auch der Leiter des Max Planck Instituts f\u00fcr Wissenschaftsgeschichte, Prof. Dr. J\u00fcrgen Renn, hat offensichtlich kein Interesse die un\u00fcbersichtlichen historischen Gegebenheiten der Entstehung und der Durchsetzung der Relativit\u00e4tstheorie objektiv zu durchleuchten und zu kommunizieren, wie es seine Aufgabe w\u00e4re, er ist wohl zu sehr damit besch\u00e4ftigt, die Theorie in der \u00d6ffentlichkeit hochzujubeln, siehe zum Beispiel sein Buch<a href=\"https:\/\/www.jocelyne-lopez.de\/blog\/2009\/08\/und-sie-tragen-die-schleppe-die-gar-nicht-da-ist\/\" target=\"_blank\"> Albert Einstein Ingenieur des Universums &#8211; 100 Autoren f\u00fcr Einstein<\/a>, wobei seine Mitarbeiterin Milena Wazeck sich als Strategie auferlegt hat, die Kritiker der Relativit\u00e4ts-theorie\u00a0durch \u201c<em><a href=\"https:\/\/www.jocelyne-lopez.de\/blog\/2009\/09\/die-gute-milena-wazeck-folgt-brav-die-strategie-%e2%80%9emarginalisierung-durch-nichtbeachtung%e2%80%9c\/\" target=\"_blank\">Nichtbeachtung zu marginalisieren<\/a><\/em>\u201c.<\/p>\n<p>\u00a0<\/p>\n<p>&#8212;&#8212;&#8212;&#8212;&#8212;&#8212;&#8212;-<br \/>\nSiehe auch:<\/p>\n<p><a href=\"https:\/\/www.jocelyne-lopez.de\/blog\/2008\/09\/jocelyne-lopez-schreibt-an-frau-milena-wazeck-mitarbeiterin-des-max-planck-instituts-fur-wissenschaftsgeschichte\/\" target=\"_blank\">Jocelyne Lopez schreibt an Frau Milena Wazeck, Mitarbeiterin des Max-Planck-Instituts f\u00fcr Wissenschaftsgeschichte<\/a><\/p>\n<p><a href=\"http:\/\/www.kritik-relativitaetstheorie.de\/2010\/10\/bitte-um-prufung-an-herrn-prof-dr-wolfgang-sandner\/\" target=\"_blank\">Bitte um Pr\u00fcfung an Herrn Prof. Dr. Wolfgang Sandner<\/a><\/p>\n","protected":false},"excerpt":{"rendered":"<p>Ich verweise auf meinen Blog-Eintrag Einstein, der gr\u00f6\u00dfte Plagiator aller Zeiten?\u00a0und auf den dort verlinkten Artikel des Physikers Peter Ripota \u00fcber diverse Plagiate seitens Albert Einstein von verschiedenen Wissenschaftlern, zum Beispiel vom \u00a0Franzose Henri Poincar\u00e9, vom Deutsche David Hilbert und vom Franzose Eli Cartan. \u00dcber das Plagiat von Eli Cartan durch Albert Einstein schreibt Peter [&hellip;]<\/p>\n","protected":false},"author":3,"featured_media":0,"comment_status":"closed","ping_status":"open","sticky":false,"template":"","format":"standard","meta":{"om_disable_all_campaigns":false,"_monsterinsights_skip_tracking":false,"_monsterinsights_sitenote_active":false,"_monsterinsights_sitenote_note":"","_monsterinsights_sitenote_category":0,"ngg_post_thumbnail":0,"footnotes":""},"categories":[13],"tags":[713,557,1336,437,177],"class_list":["post-4852","post","type-post","status-publish","format-standard","hentry","category-kritik-der-relativitatstheorie","tag-hubert-goenner","tag-jurgen-renn","tag-kritik-der-relativitatstheorie","tag-milena-wazeck","tag-peter-ripota"],"aioseo_notices":[],"_links":{"self":[{"href":"https:\/\/www.jocelyne-lopez.de\/blog\/wp-json\/wp\/v2\/posts\/4852"}],"collection":[{"href":"https:\/\/www.jocelyne-lopez.de\/blog\/wp-json\/wp\/v2\/posts"}],"about":[{"href":"https:\/\/www.jocelyne-lopez.de\/blog\/wp-json\/wp\/v2\/types\/post"}],"author":[{"embeddable":true,"href":"https:\/\/www.jocelyne-lopez.de\/blog\/wp-json\/wp\/v2\/users\/3"}],"replies":[{"embeddable":true,"href":"https:\/\/www.jocelyne-lopez.de\/blog\/wp-json\/wp\/v2\/comments?post=4852"}],"version-history":[{"count":0,"href":"https:\/\/www.jocelyne-lopez.de\/blog\/wp-json\/wp\/v2\/posts\/4852\/revisions"}],"wp:attachment":[{"href":"https:\/\/www.jocelyne-lopez.de\/blog\/wp-json\/wp\/v2\/media?parent=4852"}],"wp:term":[{"taxonomy":"category","embeddable":true,"href":"https:\/\/www.jocelyne-lopez.de\/blog\/wp-json\/wp\/v2\/categories?post=4852"},{"taxonomy":"post_tag","embeddable":true,"href":"https:\/\/www.jocelyne-lopez.de\/blog\/wp-json\/wp\/v2\/tags?post=4852"}],"curies":[{"name":"wp","href":"https:\/\/api.w.org\/{rel}","templated":true}]}}