{"id":4845,"date":"2011-03-20T10:33:12","date_gmt":"2011-03-20T09:33:12","guid":{"rendered":"https:\/\/www.jocelyne-lopez.de\/blog\/?p=4845"},"modified":"2011-03-20T10:33:12","modified_gmt":"2011-03-20T09:33:12","slug":"peter-rosch-die-einstein-falschung","status":"publish","type":"post","link":"https:\/\/www.jocelyne-lopez.de\/blog\/2011\/03\/peter-rosch-die-einstein-falschung\/","title":{"rendered":"Peter R\u00f6sch: Die Einstein-F\u00e4lschung."},"content":{"rendered":"<p>Ich verweise auf die Buchempfehlung in diesem Blog <a href=\"https:\/\/www.jocelyne-lopez.de\/blog\/2007\/12\/peter-rosch-%e2%80%9eich-war-einstein\/\" target=\"_blank\">&#8222;Ich war Einstein&#8220;<\/a> von Peter R\u00f6sch und stelle heute seinen Artikel \u201e<em><strong>Die Einstein-F\u00e4lschung<\/strong><\/em>\u201c vor:\u00a0<\/p>\n<p style=\"text-align: justify; padding-left: 60px;\">&#8222;Die Zeit&#8220; wird gedehnt, &#8222;der Raum&#8220; gestaucht, und es biegen sich die Balken: so geschieht es in der Einsteinschen Relativit\u00e4tstheorie bei lichtschneller Fort-bewegung. Zum Auftakt der Einsteinfeierlichkeiten 2005 hatte der damalige Bundeskanzler Schr\u00f6der in Berlin dar\u00fcber referiert. Leider wurden die wesent-lichen Fragen \u00fcbergangen, obwohl schon bei oberfl\u00e4chlichem Befassen mit dem Einstein-Thema allerlei Ungereimtheiten auffallen:<\/p>\n<p style=\"text-align: justify; padding-left: 60px;\"><em>Wie kommt es, da\u00df die Einstein-Biographie einerseits sehr detailliert erforscht ist, andererseits aber ausgerechnet bei der Entstehungsgeschichte der Rela-tivit\u00e4tstheorie von 1905 gro\u00dfe L\u00fccken verbleiben? Wie vertr\u00e4gt sich die Genialit\u00e4t der Relativit\u00e4tstheorie des Jahres 1905 damit, da\u00df in Einsteins Werdegang bis dato eher Leistungsschw\u00e4chen auffallen? Wie konnte der 26-j\u00e4hrige vollzeitbesch\u00e4ftigte Patentamtstechniker, der am Anfang seiner Lauf-bahn stand und auch schon eine Familie zu versorgen hatte, innerhalb von<br \/>\n6 Wochen einen Aufsatz verfertigen, der die theoretische Physik das ganze 20. Jahrhundert hindurch besch\u00e4ftigte? Wie vertr\u00e4gt sich der hochanspruchs-volle Mathematisierungsgrad der Relativit\u00e4tstheorie damit, da\u00df Einstein keine Ausbildung genossen hatte, die ihm die Methoden h\u00e4tte vermitteln k\u00f6nnen? Wieso wurde der Aufsatz zur Relativit\u00e4tstheorie zur Ver\u00f6ffentlichung ange-nommen, wenn er selbst gegen wissenschaftspublizistische Grundregeln wie korrektes Nachweisen der Quellen sowie orthographisch und arithmetisch richtiges Darstellen verstie\u00df? Wie kommt es, da\u00df der v\u00f6llige fachliche und akademische Au\u00dfenseiter Einstein den Beitrag gleich in der angesehensten Physikerzeitschrift unterbringen konnte? Wieso ist das im Juni bei der Redaktion eingegangene Manuskript erst nach damals un\u00fcblich langer Warte-zeit Ende September 1905 erschienen? Wieso schied der verantwortliche Redakteur bald darauf gewaltsam aus dem Leben? Wieso verschwand das Manuskript unter ungekl\u00e4rten Umst\u00e4nden? Wieso wurden die Zeitschriften-b\u00e4nde, die Einsteins Artikel enthielten, aus den \u00f6ffentlich zug\u00e4nglichen Bibliotheksregalen genommen?<\/em>\n<\/p>\n<p style=\"padding-left: 60px;\"><a href=\"http:\/\/www.wissenschaftliche-physik.com\/Anhaenge\/Peter%20Roesch%20Einstein%20Faelschung.pdf\" target=\"_blank\">den ganzen Artikel hier lesen\u2026<\/a><\/p>\n<p style=\"padding-left: 60px;\">\u00a0<\/p>\n","protected":false},"excerpt":{"rendered":"<p>Ich verweise auf die Buchempfehlung in diesem Blog &#8222;Ich war Einstein&#8220; von Peter R\u00f6sch und stelle heute seinen Artikel \u201eDie Einstein-F\u00e4lschung\u201c vor:\u00a0 &#8222;Die Zeit&#8220; wird gedehnt, &#8222;der Raum&#8220; gestaucht, und es biegen sich die Balken: so geschieht es in der Einsteinschen Relativit\u00e4tstheorie bei lichtschneller Fort-bewegung. Zum Auftakt der Einsteinfeierlichkeiten 2005 hatte der damalige Bundeskanzler Schr\u00f6der [&hellip;]<\/p>\n","protected":false},"author":3,"featured_media":0,"comment_status":"closed","ping_status":"open","sticky":false,"template":"","format":"standard","meta":{"om_disable_all_campaigns":false,"_monsterinsights_skip_tracking":false,"_monsterinsights_sitenote_active":false,"_monsterinsights_sitenote_note":"","_monsterinsights_sitenote_category":0,"ngg_post_thumbnail":0,"footnotes":""},"categories":[13],"tags":[1336,164],"class_list":["post-4845","post","type-post","status-publish","format-standard","hentry","category-kritik-der-relativitatstheorie","tag-kritik-der-relativitatstheorie","tag-peter-rosch"],"aioseo_notices":[],"_links":{"self":[{"href":"https:\/\/www.jocelyne-lopez.de\/blog\/wp-json\/wp\/v2\/posts\/4845"}],"collection":[{"href":"https:\/\/www.jocelyne-lopez.de\/blog\/wp-json\/wp\/v2\/posts"}],"about":[{"href":"https:\/\/www.jocelyne-lopez.de\/blog\/wp-json\/wp\/v2\/types\/post"}],"author":[{"embeddable":true,"href":"https:\/\/www.jocelyne-lopez.de\/blog\/wp-json\/wp\/v2\/users\/3"}],"replies":[{"embeddable":true,"href":"https:\/\/www.jocelyne-lopez.de\/blog\/wp-json\/wp\/v2\/comments?post=4845"}],"version-history":[{"count":0,"href":"https:\/\/www.jocelyne-lopez.de\/blog\/wp-json\/wp\/v2\/posts\/4845\/revisions"}],"wp:attachment":[{"href":"https:\/\/www.jocelyne-lopez.de\/blog\/wp-json\/wp\/v2\/media?parent=4845"}],"wp:term":[{"taxonomy":"category","embeddable":true,"href":"https:\/\/www.jocelyne-lopez.de\/blog\/wp-json\/wp\/v2\/categories?post=4845"},{"taxonomy":"post_tag","embeddable":true,"href":"https:\/\/www.jocelyne-lopez.de\/blog\/wp-json\/wp\/v2\/tags?post=4845"}],"curies":[{"name":"wp","href":"https:\/\/api.w.org\/{rel}","templated":true}]}}