{"id":4787,"date":"2010-12-12T16:01:43","date_gmt":"2010-12-12T15:01:43","guid":{"rendered":"https:\/\/www.jocelyne-lopez.de\/blog\/?p=4787"},"modified":"2010-12-12T16:01:43","modified_gmt":"2010-12-12T15:01:43","slug":"am-albert-einstein-institut-dreht-man-daumchen-und-tauscht-man-die-offentlichkeit-mit-steuergeld","status":"publish","type":"post","link":"https:\/\/www.jocelyne-lopez.de\/blog\/2010\/12\/am-albert-einstein-institut-dreht-man-daumchen-und-tauscht-man-die-offentlichkeit-mit-steuergeld\/","title":{"rendered":"Am Albert Einstein Institut dreht man D\u00e4umchen und t\u00e4uscht man die \u00d6ffentlichkeit mit Steuergeld"},"content":{"rendered":"<p>Ich gebe Austausche aus einer Diskussion im MAHAG-Forum wieder:<\/p>\n<p>\u00a0<\/p>\n<p><a href=\"http:\/\/www.mahag.com\/neufor\/viewtopic.php?f=6&amp;t=330&amp;start=280#p20004\" target=\"_blank\">11.12.10 &#8211; Zitat von Ernst<\/a>:<\/p>\n<p>Aber Du vermischt hier unsere Diskussion \u00fcber das Relativit\u00e4tsprinzip mit der Auseinandersetzung mit der Relativit\u00e4tstheorie. Zur letzteren hatte ich ja vor einiger Zeit auf den rein kinematischen Ansatz der Speziellen Relativit\u00e4tstheorie \u00a0hingewiesen und daraus Symmetrie im Zwillingsparadoxon \u00a0abgeleitet. Was reflexartig die aktuellen Bellereien des ber\u00fcchtigten &#8222;Starmoderators&#8220; im Forum Alpha Centauri alias RK ausgel\u00f6st hat.<br \/>\nIch kopier\u00b4s hier mal rein, weil\u00b4s bei ihm so unendliche \u00c4ngste und Bedrohungen geweckt hat (Hervorhebung von mir).<\/p>\n<p style=\"padding-left: 60px;\">Mit seinem <span style=\"text-decoration: underline;\">sturen<\/span> Beharren darauf, dass kinematisch die Rolle der beiden Zwillinge symmetrisch sei und die Dynamik nicht angewendet werden d\u00fcrfe, weil die SRT eine &#8222;kinematische&#8220; Theorie sei, hat sich Ernst allerdings als <span style=\"text-decoration: underline;\">arglistiger T\u00e4uscher <\/span>geoutet. Sein Verhalten ist daher als <span style=\"text-decoration: underline;\">unredlich<\/span> einzustufen, was <span style=\"text-decoration: underline;\">schlimmer ist, als aus Dummheit Unsinn <\/span>zu verbreiten<\/p>\n<p>Damit hat aber das klassische Relativit\u00e4tsprinzip nichts zu tun. Oder nur insofern, als es in die Spezielle Relativit\u00e4tstheorie integriert ist. Die Gemengelage dort kommt erst durch die Hinzuf\u00fcgung des Postulats der Konstanz der Lichtgeschwindigkeit zustande.<\/p>\n<p>\u00a0<\/p>\n<p><a href=\"http:\/\/www.mahag.com\/neufor\/viewtopic.php?f=6&amp;t=330&amp;start=280#p20005\" target=\"_blank\">11.12.10 &#8211; Zitat von Jocelyne Lopez<\/a>:<\/p>\n<p style=\"padding-left: 60px;\"><em>&#8222;Damit hat aber das klassische Relativit\u00e4tsprinzip nichts zu tun. Oder nur insofern, als es in die Spezielle Relativit\u00e4tstheorie integriert ist. Die Gemengelage dort kommt erst durch die Hinzuf\u00fcgung des Postulats der Konstanz der Lichtgeschwindigkeit zustande.&#8220;<\/em><\/p>\n<p>Sehe ich auch so. Das klassische Relativit\u00e4tsprinzip wurde zwar in die Spezielle Relativit\u00e4tstheorie von Einstein als 1. Postulat integriert (wozu \u00fcberhaupt??), jedoch ist dieses Prinzip nicht verantwortlich f\u00fcr die Schieflage der Theorie: Daf\u00fcr ist nur das 2. Postulat der absoluten Konstanz der Lichtgeschwindigkeit verantwortlich.<\/p>\n<p>\u00a0<\/p>\n<p><a href=\"http:\/\/www.mahag.com\/neufor\/viewtopic.php?f=6&amp;t=330&amp;start=280#p20006\" target=\"_blank\">11.12.10 &#8211; Zitat von Hannes<\/a>:<\/p>\n<p>Das Gleiche habe ich dir schon \u00f6fters gesagt,ohne dass du auf meine Argumente eingegangen bist. Aber Bewusstseinsbildung dauert eben seine Zeit. Albert Einstein\u00a0hat genau gewusst, dass die Lichtgeschwindigkeit\u00a0 nicht konstant ist. Damit er aber eine konstante Rechengr\u00f6\u00dfe erhalten hat (mit c konstant) hat er Zeit und Raum aufgeweicht.Schau dir den Kommentar Ljudmils an, mit dem er mir seinen Standpunkt erkl\u00e4rt hat.<br \/>\nDie Invarianz ist eine konstruierte Rechengr\u00f6\u00dfe, aber keine Naturkonstante.<br \/>\nErst wenn dieser Standpunkt akzeptiert ist, kann man \u00fcber andere Details weiterreden.<\/p>\n<p>\u00a0<\/p>\n<p><a href=\"http:\/\/www.mahag.com\/neufor\/viewtopic.php?f=6&amp;t=330&amp;start=300#p20032\" target=\"_blank\">12.12.10 \u2013 Zitat von Jocelyne Lopez<\/a>:<\/p>\n<p>Dieser Standpunkt wird aber von der etablierten Physik grunds\u00e4tzlich nicht akzeptiert: Die paar streng dogmatischen Relativisten, die die Deutungshoheit \u00fcber die Spezielle Relativit\u00e4tstheorie\u00a0haben, wie zum Beispiel beim Albert Einstein Institut, werden nie im Leben zugeben, dass die Lichtgeschwindigkeit\u00a0nicht konstant ist, sondern dass nur an die beiden Parameter &#8222;<em>Zeit<\/em>&#8220; und &#8222;<em>Strecke<\/em>&#8220; aufwendig gebastelt wurde, um die Lichtgeschwindigkeit\u00a0k\u00fcnstlich konstant zu erhalten &#8211; mit entsprechender Manipulation der Ma\u00dfeinheit \u201e<em>Meter<\/em>\u201c, siehe <a href=\"https:\/\/www.jocelyne-lopez.de\/blog\/2010\/01\/wir-basteln-uns-eine-naturkonstante\/\" target=\"_blank\">Wir basteln uns eine Naturkonstante<\/a>. Zuzugeben, dass die Lichtgeschwindigkeit\u00a0nicht konstant ist, bedeutet n\u00e4mlich das Todesurteil der Speziellen Relativit\u00e4tstheorie. Also werden sie es nie zugeben, erstens um sich nicht zu blamieren, zweitens wegen Angst um ihre Jobs: Das sind zwei starke menschliche Regungen, die extrem viel individuelle und solidarische Energie freisetzen k\u00f6nnen, um zu verhindern, dass Klarheit \u00fcber die Theorie herbeigef\u00fchrt wird.<\/p>\n<p>Was sollen sie sonst alle den ganzen Tag in <a href=\"http:\/\/www.aei.mpg.de\/english\/contemporaryIssues\/members\/db_members\/index.php\" target=\"_blank\">Potsdam<\/a> und in <a href=\"http:\/\/www.aei.mpg.de\/hannover-de\/09-mitarbeiter\/index.html\" target=\"_blank\">Hannover<\/a> noch f\u00fcr die Theorie \u201e<em>forschen<\/em>\u201c und \u201e<em>beweisen<\/em>\u201c, die vielen Damen und Herren vom Albert Einstein Institut, wenn die Lichtgeschwindigkeit\u00a0als nicht konstant erkl\u00e4rt wird? Man fragt sich sowieso jetzt schon, was sie alle den ganzen langen Tag f\u00fcr die seit Jahrzehnten angeblich bestbewiesene Theorie der Geschichte der Wissenschaft alles noch \u201e<em>forschen<\/em>\u201c und \u201e<em>beweisen<\/em>\u201c, die vielen Damen und Herren vom Albert Einstein Institut in Potsdam und Hannover, wo doch zum Beispiel die Deutsche Physikalische Gesellschaft, die die Lektion sehr gut gekaut hat, jedem fragenden B\u00fcrger <a href=\"https:\/\/www.jocelyne-lopez.de\/blog\/2008\/08\/august-2008-antwort-vom-prasidenten-der-deutsche-physikalischen-gesellschaft-auf-die-anfrage-von-ekkehard-friebe-zum-experiment-hafelekeating\/\" target=\"_blank\">verh\u00f6hnt und erz\u00e4hlt<\/a>, dass \u201e<em>es nicht den leisesten Zweifel gibt, dass die Ergebnisse der Speziellen und Allgemeinen Relativit\u00e4tstheorie falsch sein k\u00f6nnten.[\u2026] Viele Technologien des t\u00e4glichen Lebens funktionieren nur, weil die Spezielle und Allgemeine Relativit\u00e4tstheorie richtig ber\u00fccksichtigt wurde. Es kann keinen Zweifel an der G\u00fcltigkeit dieser Theorien im Rahmen der heutigen Messgenauigkeit geben<\/em>.\u201c<\/p>\n<p>Was haben sie also noch den ganzen langen Tag zu \u201e<em>forschen<\/em>\u201c und zu \u201e<em>beweisen<\/em>\u201c, die vielen Damen und Herren vom Albert Einstein Institut in Potsdam und Hannover? Naheliegend ist vielmehr, dass sie aus ihren gut gesch\u00fctzten und mit Steuergeld bezahlten Positionen beim Albert Einstein Institut\u00a0t\u00fcchtig D\u00e4umchen drehen. Was sonst? Ein paar davon sind wohl haupts\u00e4chlich mit der Vermarktung der Theorie besch\u00e4ftigt, wie zum Beispiel Dr. Markus P\u00f6ssel, der monatelang keine Zeit finden kann um eine seit Jahrzehnten umstrittene Kernfrage gezielt zu kl\u00e4ren &#8211; deren Antwort er sich doch als \u201e<em>Experte<\/em>\u201c der Theorie in zwei Minuten aus dem \u00c4rmel sch\u00fctteln k\u00f6nnte &#8211; weil bei seinem Job leider <a href=\"https:\/\/www.jocelyne-lopez.de\/blog\/2010\/06\/austausch-mit-dr-markus-possel-vom-15-16-06-2010\/\" target=\"_blank\">\u201e<em>eine Veranstaltung die n\u00e4chste jagt<\/em>\u201c<\/a>, eine sehr wichtige Priorit\u00e4t&#8230;<\/p>\n<p>Dabei haben allein zwei zeitgen\u00f6ssische Kritiker dokumentiert, Peter Ripota aus Deutschland und Gertrud Walton aus Gro\u00dfbritannien, dass mindestens 30 Autoren der Relativistik verschiedene Auslegungen der Natur der relativistischen L\u00e4ngenkontraktion vertreten, also dass diese Frage unbedingt einer Kl\u00e4rung bedarf, siehe: <a href=\"https:\/\/www.jocelyne-lopez.de\/blog\/2010\/10\/albert-einstein-institut-die-offentlichkeit-hat-ein-recht-auf-verbindliche-informationen-und-auf-rechenschaft\/\" target=\"_blank\">Albert Einstein Institut: Die \u00d6ffentlichkeit hat ein Recht auf verbindliche Informationen und auf Rechenschaft<\/a>.<\/p>\n<p>Dagegen findet Dr. Markus P\u00f6ssel erstaunlich viel Zeit, um Diskussionsforen im Internet\u00a0zu lesen und mich unterschwellig mit gerichtlichen Folgen zu drohen wegen angeblicher Sinnentstellung &#8222;<em>im WWW<\/em>&#8220; seiner unmissverst\u00e4ndlichen Aussage, dass die L\u00e4ngenkontraktion in der Speziellen Relativit\u00e4tstheorie\u00a0nicht materieller Natur ist, siehe <a href=\"https:\/\/www.jocelyne-lopez.de\/blog\/2010\/07\/dr-markus-possel-bricht-die-korrespondenz-ab\/\" target=\"_blank\">Dr. Markus P\u00f6ssel bricht die Korrespondenz ab<\/a>.<\/p>\n<p>Viel Zeit findet auch Dr. Markus P\u00f6ssel, der keine Zeit hat eine gezielte, seit Jahrzehnten umstrittene Frage fachlich zu kl\u00e4ren, um die Kritiker wochenlang am Pranger mit ad hominen Argumenten in seinem Blog zu setzen, siehe seine <a href=\"http:\/\/www.wissenslogs.de\/wblogs\/blog\/relativ-einfach\/zweifelhaftes\/2010-07-17\/kritiker-diskussionen\" target=\"_blank\">Diskussion mit unorthodoxen Kritikern<\/a>.<\/p>\n<p>Viel Zeit findet auch der arme Dr. Markus P\u00f6ssel, der keine Zeit findet um eine gezielte, fachliche Frage zu kl\u00e4ren, um illegale Denunziationsportale wie Esowatch und Alpha Centauri zu lesen, die gegen Kritiker der Relativit\u00e4tstheorie seit Jahren hetzen, und sich daf\u00fcr zu bedanken, siehe <a href=\"https:\/\/www.jocelyne-lopez.de\/blog\/2010\/08\/dr-markus-possel-macht-sich-verleumdungen-und-beleidigungen-von-illegalen-denunziationsportalen-zu-eigen\/\" target=\"_blank\">Dr. Markus P\u00f6ssel macht sich Verleumdungen und Beleidigungen von illegalen Denunziationsportalen zu eigen<\/a>.<\/p>\n<p>Alles ist also nur eine Frage der Priorit\u00e4tssetzung bei einer &#8222;wissenschaftlichen&#8220; T\u00e4tigkeit in Forschung und Lehre, nicht wahr?<\/p>\n<p>Ein anderer Mitarbeiter vom Albert Einstein Institut in Hannover, Dr. Marc-Rainer Brinkmann, hatte auch neben seiner Forschung am Teilchenbeschleuniger GANIL in Frankreich sowiel Zeit \u00fcbrig, um sich zusammen mit einem Praktikanten an Beleidi-gungen und Hetze Herrn Ekkehard Friebe und mir gegen\u00fcber in Diskussionsforen zu beteiligen (siehe <a href=\"https:\/\/www.jocelyne-lopez.de\/blog\/2010\/10\/hat-sich-dr-markus-possel-mit-seiner-fristsetzung-schlecht-beraten-lassen\/\" target=\"_blank\">Hat sich Dr. Markus P\u00f6ssel mit seiner Fristsetzung schlecht beraten lassen?<\/a>).<\/p>\n<p>Das sind so nachgewiesene Aktivit\u00e4ten von Mitarbeitern vom Albert Einstein Institut &#8211; neben D\u00e4umchen drehen, sich \u00fcber die bestbewiesene Theorie aller Zeiten jeden Tag neu zu freuen und die \u00d6ffentlichkeit \u00fcber den wahren Status der Theorie als inkonsistent, irrelevant und \u00fcberfl\u00fcssig zu t\u00e4uschen.<\/p>\n<p>\u00a0<\/p>\n<p>&#8212;&#8212;&#8212;&#8212;&#8212;&#8212;&#8212;&#8212;&#8212;&#8212;&#8212;&#8212;-<br \/>\nSiehe auch:<\/p>\n<p><a href=\"http:\/\/wissenschaftliche-physik.com\/2010\/11\/beschwerde-an-das-albert-einstein-institut\/\" target=\"_blank\">Beschwerde an das Albert Einstein Institut<\/a><br \/>\n<a href=\"https:\/\/www.jocelyne-lopez.de\/blog\/2010\/11\/mahnung-zu-meiner-beschwerde-an-das-albert-einstein-institut\/\" target=\"_blank\">Mahnung zu meiner Beschwerde an das Albert Einstein Institut<\/a><br \/>\n<a href=\"http:\/\/wissenschaftliche-physik.com\/2009\/07\/ansprache-an-das-bundesministerium-fur-bildung-und-forschung\/\" target=\"_blank\">Ansprache an das Bundesministerium f\u00fcr Bildung und Forschung<\/a><\/p>\n","protected":false},"excerpt":{"rendered":"<p>Ich gebe Austausche aus einer Diskussion im MAHAG-Forum wieder: \u00a0 11.12.10 &#8211; Zitat von Ernst: Aber Du vermischt hier unsere Diskussion \u00fcber das Relativit\u00e4tsprinzip mit der Auseinandersetzung mit der Relativit\u00e4tstheorie. Zur letzteren hatte ich ja vor einiger Zeit auf den rein kinematischen Ansatz der Speziellen Relativit\u00e4tstheorie \u00a0hingewiesen und daraus Symmetrie im Zwillingsparadoxon \u00a0abgeleitet. Was reflexartig [&hellip;]<\/p>\n","protected":false},"author":3,"featured_media":0,"comment_status":"closed","ping_status":"open","sticky":false,"template":"","format":"standard","meta":{"om_disable_all_campaigns":false,"_monsterinsights_skip_tracking":false,"_monsterinsights_sitenote_active":false,"_monsterinsights_sitenote_note":"","_monsterinsights_sitenote_category":0,"ngg_post_thumbnail":0,"footnotes":""},"categories":[13],"tags":[41,206,563,488,288,689,249,248,1336,685,183],"class_list":["post-4787","post","type-post","status-publish","format-standard","hentry","category-kritik-der-relativitatstheorie","tag-albert-einstein-institut","tag-alpha-centauri","tag-bernard-schutz","tag-esowatch","tag-ganil","tag-gerhard-huisken","tag-hermann-nicolai","tag-jurgen-ehlers","tag-kritik-der-relativitatstheorie","tag-marc-rainer-brinkmann","tag-markus-possel"],"aioseo_notices":[],"_links":{"self":[{"href":"https:\/\/www.jocelyne-lopez.de\/blog\/wp-json\/wp\/v2\/posts\/4787"}],"collection":[{"href":"https:\/\/www.jocelyne-lopez.de\/blog\/wp-json\/wp\/v2\/posts"}],"about":[{"href":"https:\/\/www.jocelyne-lopez.de\/blog\/wp-json\/wp\/v2\/types\/post"}],"author":[{"embeddable":true,"href":"https:\/\/www.jocelyne-lopez.de\/blog\/wp-json\/wp\/v2\/users\/3"}],"replies":[{"embeddable":true,"href":"https:\/\/www.jocelyne-lopez.de\/blog\/wp-json\/wp\/v2\/comments?post=4787"}],"version-history":[{"count":0,"href":"https:\/\/www.jocelyne-lopez.de\/blog\/wp-json\/wp\/v2\/posts\/4787\/revisions"}],"wp:attachment":[{"href":"https:\/\/www.jocelyne-lopez.de\/blog\/wp-json\/wp\/v2\/media?parent=4787"}],"wp:term":[{"taxonomy":"category","embeddable":true,"href":"https:\/\/www.jocelyne-lopez.de\/blog\/wp-json\/wp\/v2\/categories?post=4787"},{"taxonomy":"post_tag","embeddable":true,"href":"https:\/\/www.jocelyne-lopez.de\/blog\/wp-json\/wp\/v2\/tags?post=4787"}],"curies":[{"name":"wp","href":"https:\/\/api.w.org\/{rel}","templated":true}]}}