{"id":4770,"date":"2010-11-19T11:07:42","date_gmt":"2010-11-19T10:07:42","guid":{"rendered":"https:\/\/www.jocelyne-lopez.de\/blog\/?p=4770"},"modified":"2010-11-19T11:13:06","modified_gmt":"2010-11-19T10:13:06","slug":"spezielle-relativitatstheorie-scharlatanerie-und-esoterikkram-in-den-schulen","status":"publish","type":"post","link":"https:\/\/www.jocelyne-lopez.de\/blog\/2010\/11\/spezielle-relativitatstheorie-scharlatanerie-und-esoterikkram-in-den-schulen\/","title":{"rendered":"Spezielle Relativit\u00e4tstheorie: Scharlatanerie und Esoterikkram in den Schulen"},"content":{"rendered":"<p>Ich verweise auf weitere Austausche aus der Diskussion <a href=\"http:\/\/www.mahag.com\/neufor\/viewtopic.php?f=6&amp;t=324\" target=\"_blank\">L\u00e4ngenkontrahierter Zug<\/a>\u00a0im MAHAG-Forum \u00fcber die besonderen Denkweisen, die der Speziellen Relativit\u00e4tstheorie zugrunde legen:<\/p>\n<p>\u00a0<\/p>\n<p><a href=\"http:\/\/www.mahag.com\/neufor\/viewtopic.php?f=6&amp;t=324&amp;start=520#p18896\" target=\"_blank\">11.11.10 \u2013 Zitat Gerhard Kemme<\/a>:<\/p>\n<p>Wenn ich deinen Beitr\u00e4gen auch oftmals zustimme, so widerspreche ich immer etwas, wenn so nebenbei andere Fachgebiete mit Hilfe der Speziellen Relativit\u00e4tstheorie\u00a0abgewertet werden &#8211; ohne dass eine weitere Untersuchung des Sachverhaltes erfolgt ist. [\u2026] Weiter kannst du Magisches Denken und Esoterik nur mit der Begr\u00fcndung ablehnen, dass dein Denkapparat so konstruiert ist, dass du keine direkten Informationen dazu gewinnen kannst. Dies schlie\u00dft allerdings nicht aus, dass die Geistkonstruktion anderer Menschen von deiner abweicht, d.h. von diesen Menschen v\u00f6llig andere Dinge gesehen werden, als du sie siehst.<\/p>\n<p>\u00a0<\/p>\n<p><a href=\"http:\/\/www.mahag.com\/neufor\/viewtopic.php?f=6&amp;t=324&amp;start=520#p18898\" target=\"_blank\">12.11.0 \u2013 Zitat Jocelyne Lopez<\/a>:<\/p>\n<p>Mir liegt fern, das magische Denken abzuwerten oder abzulehnen. Wie k\u00f6nnte ich das? Es geh\u00f6rt in der Tat zum Denkapparat des Menschen, man kann es von daher weder abwerten noch ablehnen. Auch habe ich \u00fcberhaupt nichts gegen Science-Fiction-Stories, obwohl ich im Bereich der Fantasieerz\u00e4hlungen pers\u00f6nlich lieber M\u00e4rchen, Legenden und Sagen vorziehe &#8211; ist nur eine Geschmackssache. Das magische Denken geh\u00f6rt unzertrennlich zum Denkapparat des Menschen, genauso wie sein rationales Denken, und zwar in allen Kulturen der Welt so weit man in die Vergangenheit zur\u00fcckforschen kann bis heute noch beim modernen Mensch in allen Kulturen der Welt. Das magische Denken ist eine ganz normale und gesunde Form des Denkens des Menschen und steht nicht in Widerspruch oder in Konflikt zu seinem logischen Denken, solange die Trennung der beiden Denkarten einem bewu\u00dft bleibt. Die F\u00e4higkeit zwischen dem magischen und dem rationalen Denken zu trennen ist nat\u00fcrlich und braucht nicht gelernt zu werden, sie verfestigt sich wohl schon in der fr\u00fchen Kindheit, hier habe ich z.B. einen Fall geschildert, wo es ersichtlich war, dass ein gesundes Kleinkind noch die beiden Denkarten vermischte: <a href=\"https:\/\/www.jocelyne-lopez.de\/maenner\/erfinderisches.html\" target=\"_blank\">Erfinderisches<\/a>.<\/p>\n<p>Die Naturwissenschaften besch\u00e4ftigen sich aber ausschlie\u00dflich mit dem rationalen Denken des Menschen und mit seiner logischen Wahrnehmung der Welt \u2013 anders als andere Wissenschaften wie Philosophie, Erkenntniswissenschaft, Psychologie oder Medizin. Es ist von daher nicht zu begr\u00fcnden und nicht zu verantworten, wenn Naturwissenschaftler auf einmal stillschweigend unter dem Deckmantel der Naturwissenschaften magische und fantastische Vorstellungen der Welt als rational gewonnene Erkenntnisse verkaufen wollen, wie zum Beispiel Dr. Markus P\u00f6ssel es hier in den Medien tut: <a href=\"https:\/\/www.jocelyne-lopez.de\/blog\/2010\/11\/spezielle-relativitatstheorie-ein-intellektueller-betrug\/\" target=\"_blank\">Spezielle Relativit\u00e4tstheorie: Ein intellektueller Betrug<\/a>.<\/p>\n<p>Dass ich langsamer altere, wenn meine mitgef\u00fchrte Uhr auf einmal langsamer tickt geh\u00f6rt zum magischen Denken.<br \/>\nDass ein Objekt sich verk\u00fcrzt, wenn ich davor vorbeilaufe geh\u00f6rt zum magischen Denken.<br \/>\nDie Spezielle Relativit\u00e4tstheorie basiert 100%ig mit ihren Kernaussagen &#8222;<em>L\u00e4ngen-kontraktion<\/em>&#8220; und &#8222;<em>Zeitdilatation<\/em>&#8220; auf magischem Denken.<\/p>\n<p>Dr. P\u00f6ssel darf solange er will in einem Fernsehstudio mit \u201e<em>Wurml\u00f6chern<\/em>\u201c in einer Papiert\u00fcte oder mit gebasteltem Raumschiff im Namen der Naturwissenschaft vor der Kamera rumhampeln: Er betreibt keine Naturwissenschaft, sondern intellektuellen Betrug und Scharlatanerie im Namen der Naturwissenschaft.<\/p>\n<p>\u00a0<\/p>\n<p>&#8212;&#8212;&#8212;&#8212;&#8212;&#8212;&#8212;&#8212;&#8212;&#8212;&#8212;&#8212;&#8212;&#8211;<br \/>\nSiehe auch:<br \/>\n<span style=\"COLOR: #0b2441\"><a href=\"http:\/\/wissenschaftliche-physik.com\/2010\/11\/beschwerde-an-das-albert-einstein-institut\/\" target=\"_blank\">Beschwerde an das Albert Einstein Institut<\/a><\/span><br \/>\n<a href=\"https:\/\/www.jocelyne-lopez.de\/blog\/2010\/11\/mahnung-zu-meiner-beschwerde-an-das-albert-einstein-institut\/\" target=\"_blank\">Mahnung zu meiner Beschwerde an das Albert Einstein Institut<\/a><br \/>\n<a href=\"http:\/\/wissenschaftliche-physik.com\/2009\/07\/ansprache-an-das-bundesministerium-fur-bildung-und-forschung\/\" target=\"_blank\">Ansprache an das Bundesministerium f\u00fcr Bildung und Forschung<\/a><\/p>\n","protected":false},"excerpt":{"rendered":"<p>Ich verweise auf weitere Austausche aus der Diskussion L\u00e4ngenkontrahierter Zug\u00a0im MAHAG-Forum \u00fcber die besonderen Denkweisen, die der Speziellen Relativit\u00e4tstheorie zugrunde legen: \u00a0 11.11.10 \u2013 Zitat Gerhard Kemme: Wenn ich deinen Beitr\u00e4gen auch oftmals zustimme, so widerspreche ich immer etwas, wenn so nebenbei andere Fachgebiete mit Hilfe der Speziellen Relativit\u00e4tstheorie\u00a0abgewertet werden &#8211; ohne dass eine weitere [&hellip;]<\/p>\n","protected":false},"author":3,"featured_media":0,"comment_status":"closed","ping_status":"open","sticky":false,"template":"","format":"standard","meta":{"om_disable_all_campaigns":false,"_monsterinsights_skip_tracking":false,"_monsterinsights_sitenote_active":false,"_monsterinsights_sitenote_note":"","_monsterinsights_sitenote_category":0,"ngg_post_thumbnail":0,"footnotes":""},"categories":[13],"tags":[41,563,689,249,1336,183],"class_list":["post-4770","post","type-post","status-publish","format-standard","hentry","category-kritik-der-relativitatstheorie","tag-albert-einstein-institut","tag-bernard-schutz","tag-gerhard-huisken","tag-hermann-nicolai","tag-kritik-der-relativitatstheorie","tag-markus-possel"],"aioseo_notices":[],"_links":{"self":[{"href":"https:\/\/www.jocelyne-lopez.de\/blog\/wp-json\/wp\/v2\/posts\/4770"}],"collection":[{"href":"https:\/\/www.jocelyne-lopez.de\/blog\/wp-json\/wp\/v2\/posts"}],"about":[{"href":"https:\/\/www.jocelyne-lopez.de\/blog\/wp-json\/wp\/v2\/types\/post"}],"author":[{"embeddable":true,"href":"https:\/\/www.jocelyne-lopez.de\/blog\/wp-json\/wp\/v2\/users\/3"}],"replies":[{"embeddable":true,"href":"https:\/\/www.jocelyne-lopez.de\/blog\/wp-json\/wp\/v2\/comments?post=4770"}],"version-history":[{"count":0,"href":"https:\/\/www.jocelyne-lopez.de\/blog\/wp-json\/wp\/v2\/posts\/4770\/revisions"}],"wp:attachment":[{"href":"https:\/\/www.jocelyne-lopez.de\/blog\/wp-json\/wp\/v2\/media?parent=4770"}],"wp:term":[{"taxonomy":"category","embeddable":true,"href":"https:\/\/www.jocelyne-lopez.de\/blog\/wp-json\/wp\/v2\/categories?post=4770"},{"taxonomy":"post_tag","embeddable":true,"href":"https:\/\/www.jocelyne-lopez.de\/blog\/wp-json\/wp\/v2\/tags?post=4770"}],"curies":[{"name":"wp","href":"https:\/\/api.w.org\/{rel}","templated":true}]}}