{"id":4767,"date":"2010-11-12T07:51:05","date_gmt":"2010-11-12T06:51:05","guid":{"rendered":"https:\/\/www.jocelyne-lopez.de\/blog\/?p=4767"},"modified":"2010-12-19T17:33:53","modified_gmt":"2010-12-19T16:33:53","slug":"spezielle-relativitatstheorie-ein-intellektueller-betrug","status":"publish","type":"post","link":"https:\/\/www.jocelyne-lopez.de\/blog\/2010\/11\/spezielle-relativitatstheorie-ein-intellektueller-betrug\/","title":{"rendered":"Spezielle Relativit\u00e4tstheorie: Ein intellektueller Betrug"},"content":{"rendered":"<p>Dr. Markus P\u00f6ssel vom Albert Einstein Institut hat zwar keine Zeit und keine Motivation, die seit Jahrzehnten anstehenden Fragen zu den relativistischen Effekten &#8222;<em>L\u00e4ngenkontraktion&#8220;<\/em> und <em>&#8222;Zeitdilatation&#8220;<\/em> eindeutig zu beantworten (siehe zum Beispiel hier <a href=\"https:\/\/www.jocelyne-lopez.de\/blog\/2010\/11\/dr-markus-possel-wir-brauchen-keine-%e2%80%9eeinfuhrung%e2%80%9c-in-die-relativitatstheorie-sondern-die-klare-beantwortung-von-fragen\/\" target=\"_blank\">Dr. Markus P\u00f6ssel, wir brauchen keine \u201e<em>Einf\u00fchrung<\/em>\u201c in die Relativit\u00e4tstheorie, sondern die klare Beantwortung von Fragen<\/a>), jedoch hat er Zeit und Motivation genug um haneb\u00fcchenen Unsinn in den Medien auf Kosten der Steuerzahler zu erz\u00e4hlen und die \u00d6ffentlichkeit dabei f\u00fcr dumm zu verkaufen:<\/p>\n<p style=\"padding-left: 60px;\"><strong><a href=\"http:\/\/www.google.de\/imgres?imgurl=http:\/\/www.dw-world.de\/image\/0,,1590555_1,00.jpg&amp;imgrefurl=http:\/\/www.dw-world.de\/dw\/article\/0,,1587234,00.html&amp;h=143&amp;w=194&amp;sz=5&amp;tbnid=Qy0Uif0pjdcmWM:&amp;tbnh=76&amp;tbnw=103&amp;prev=\/images%3Fq%3Dmarkus%2Bp%25C3%25B6ssel&amp;zoom=0&amp;q=markus+p%C3%B6ssel&amp;hl=de&amp;usg=__yNVbBNl8TR5_ZmYVrkWwl5FFD34=&amp;sa=X&amp;ei=LfbYTNanCMjJswbgy53oBw&amp;ved=0CC4Q9QEwBg\" target=\"_blank\">Projekt Zukunft &#8211; Studiogast: Markus P\u00f6ssel<\/a><\/strong><\/p>\n<p>Dr. Markus P\u00f6ssel glaubt an Zeitreisen und betreibt Science-Fiction und Esoterik in der \u00d6ffentlichkeit im Namen der Wissenschaft.<\/p>\n<p>Das halte ich f\u00fcr einen intellektuellen Betrug, der auch von dem \u00f6ffentlichen Bildung und Forschungssystem finanziert und gef\u00f6rdert wird \u2013 das zu dieser Anh\u00e4ufung von Unsinnigkeiten und zu diesem Betrug schweigt, siehe z.B.\u00a0<a href=\"http:\/\/wissenschaftliche-physik.com\/2009\/07\/ansprache-an-das-bundesministerium-fur-bildung-und-forschung\/\" target=\"_blank\">Ansprache an das Bundes-ministerium f\u00fcr Bildung und Forschung<\/a>.<\/p>\n<p>Ich erinnere, dass der ehemalige Vorgesetzte von Dr. Markus P\u00f6ssel am Albert Einstein Institut noch 2005 in den Medien erz\u00e4hlt hatte, dass f\u00fcr Reisende und Zur\u00fcckbleibende \u201e<em>genau dieselbe Dehnung der Zeit<\/em>\u201c gelten w\u00fcrde, siehe <a href=\"http:\/\/wissenschaftliche-physik.com\/2010\/07\/prof-dr-jurgen-ehlers-steuergeld-fur-frohliche-wissenschaft\/\" target=\"_blank\">Prof. Dr. J\u00fcrgen Ehlers: \u201c<em>Steuergeld f\u00fcr fr\u00f6hliche Wissenschaft?<\/em>\u201d<\/a>.<\/p>\n<p>K\u00f6nnten sich die sogenannten \u201e<em>Experten<\/em>\u201c der Relativit\u00e4tstheorie vom Albert Einstein Institut zumindest dar\u00fcber einmal einigen, was f\u00fcr einen Unsinn sie den Steuerzahlern mit der Speziellen Relativit\u00e4tstheorie erz\u00e4hlen wollen?\u00a0<\/p>\n<p>Jocelyne Lopez<\/p>\n<p>&#8212;&#8212;&#8212;&#8212;&#8212;&#8212;&#8212;&#8212;&#8212;&#8212;&#8212;&#8212;&#8212;&#8211;<br \/>\nSiehe auch:<\/p>\n<p><a href=\"http:\/\/wissenschaftliche-physik.com\/2010\/11\/beschwerde-an-das-albert-einstein-institut\/\" target=\"_blank\">Beschwerde an das Albert Einstein Institut<\/a><br \/>\n<a rel=\"bookmark\" href=\"https:\/\/www.jocelyne-lopez.de\/blog\/2010\/11\/mahnung-zu-meiner-beschwerde-an-das-albert-einstein-institut\/\" target=\"_blank\">Mahnung zu meiner Beschwerde an das Albert Einstein Institut <\/a><\/p>\n","protected":false},"excerpt":{"rendered":"<p>Dr. Markus P\u00f6ssel vom Albert Einstein Institut hat zwar keine Zeit und keine Motivation, die seit Jahrzehnten anstehenden Fragen zu den relativistischen Effekten &#8222;L\u00e4ngenkontraktion&#8220; und &#8222;Zeitdilatation&#8220; eindeutig zu beantworten (siehe zum Beispiel hier Dr. Markus P\u00f6ssel, wir brauchen keine \u201eEinf\u00fchrung\u201c in die Relativit\u00e4tstheorie, sondern die klare Beantwortung von Fragen), jedoch hat er Zeit und Motivation [&hellip;]<\/p>\n","protected":false},"author":3,"featured_media":0,"comment_status":"closed","ping_status":"open","sticky":false,"template":"","format":"standard","meta":{"om_disable_all_campaigns":false,"_monsterinsights_skip_tracking":false,"_monsterinsights_sitenote_active":false,"_monsterinsights_sitenote_note":"","_monsterinsights_sitenote_category":0,"ngg_post_thumbnail":0,"footnotes":""},"categories":[13],"tags":[41,563,689,249,248,183],"class_list":["post-4767","post","type-post","status-publish","format-standard","hentry","category-kritik-der-relativitatstheorie","tag-albert-einstein-institut","tag-bernard-schutz","tag-gerhard-huisken","tag-hermann-nicolai","tag-jurgen-ehlers","tag-markus-possel"],"aioseo_notices":[],"_links":{"self":[{"href":"https:\/\/www.jocelyne-lopez.de\/blog\/wp-json\/wp\/v2\/posts\/4767"}],"collection":[{"href":"https:\/\/www.jocelyne-lopez.de\/blog\/wp-json\/wp\/v2\/posts"}],"about":[{"href":"https:\/\/www.jocelyne-lopez.de\/blog\/wp-json\/wp\/v2\/types\/post"}],"author":[{"embeddable":true,"href":"https:\/\/www.jocelyne-lopez.de\/blog\/wp-json\/wp\/v2\/users\/3"}],"replies":[{"embeddable":true,"href":"https:\/\/www.jocelyne-lopez.de\/blog\/wp-json\/wp\/v2\/comments?post=4767"}],"version-history":[{"count":0,"href":"https:\/\/www.jocelyne-lopez.de\/blog\/wp-json\/wp\/v2\/posts\/4767\/revisions"}],"wp:attachment":[{"href":"https:\/\/www.jocelyne-lopez.de\/blog\/wp-json\/wp\/v2\/media?parent=4767"}],"wp:term":[{"taxonomy":"category","embeddable":true,"href":"https:\/\/www.jocelyne-lopez.de\/blog\/wp-json\/wp\/v2\/categories?post=4767"},{"taxonomy":"post_tag","embeddable":true,"href":"https:\/\/www.jocelyne-lopez.de\/blog\/wp-json\/wp\/v2\/tags?post=4767"}],"curies":[{"name":"wp","href":"https:\/\/api.w.org\/{rel}","templated":true}]}}