{"id":4749,"date":"2010-10-02T09:13:45","date_gmt":"2010-10-02T08:13:45","guid":{"rendered":"https:\/\/www.jocelyne-lopez.de\/blog\/?p=4749"},"modified":"2010-10-02T09:17:35","modified_gmt":"2010-10-02T08:17:35","slug":"albert-einstein-institut-die-offentlichkeit-hat-ein-recht-auf-verbindliche-informationen-und-auf-rechenschaft","status":"publish","type":"post","link":"https:\/\/www.jocelyne-lopez.de\/blog\/2010\/10\/albert-einstein-institut-die-offentlichkeit-hat-ein-recht-auf-verbindliche-informationen-und-auf-rechenschaft\/","title":{"rendered":"Albert Einstein Institut: Die \u00d6ffentlichkeit hat ein Recht auf verbindliche Informationen und auf Rechenschaft"},"content":{"rendered":"<p>Ich verweise auf meine Anfrage vom 28.04.10 \u00fcber die L\u00e4ngenkontraktion an das Albert Einstein Institut <a href=\"https:\/\/www.jocelyne-lopez.de\/blog\/2010\/04\/bitte-um-klarung-an-dr-markus-possel\/\" target=\"_blank\"><strong>Bitte um Kl\u00e4rung an Dr. Markus P\u00f6ssel<\/strong><\/a>, sowie auf die Diskussion <a href=\"http:\/\/www.mahag.com\/neufor\/viewtopic.php?f=6&amp;t=324\" target=\"_blank\">L\u00e4ngenkontrahierter Zug<\/a> im MAHAG-Forum und gebe einen Austausch wieder:<em>\u00a0<\/em><\/p>\n<p><em>\u00a0<\/em><\/p>\n<p><a href=\"http:\/\/www.mahag.com\/neufor\/viewtopic.php?f=6&amp;t=324&amp;start=30#p18056\" target=\"_blank\">30.09.10 &#8211; Zitat von Harald Maurer<\/a>:<\/p>\n<p>Es ist vorerst also naheliegend, dass die Spezielle Relativit\u00e4tstheorie\u00a0keinesfalls eine konkrete Ver\u00e4nderung einer L\u00e4nge im bewegten Inertialsystem im Sinn haben kann (keine &#8222;materielle&#8220; Ver\u00e4nderung). Alle ontologisierten Auslegungen samt den Paradoxa, die sich daraus konstruieren lassen, sind m.E. Unsinn aufgrund missverstandener Spezielle Relativit\u00e4tstheorie.<br \/>\n[\u2026]<br \/>\nWas Dr. P\u00f6ssel gesagt hat, ist richtig bzw. konsistent mit der Speziellen Relativit\u00e4ts-theorie. Und Jocelyne hat nichts falsch verstanden, sondern den richtigen Schluss gezogen, dass die L\u00e4ngenkontraktion keine physikalische Relevanz hat.<\/p>\n<p>\u00a0<\/p>\n<p><a href=\"http:\/\/www.mahag.com\/neufor\/viewtopic.php?f=6&amp;t=324&amp;start=40#p18062\" target=\"_blank\">30.09.10 \u2013 Zitat von Jocelyne Lopez<\/a>:<\/p>\n<p>Dass Dr. Markus P\u00f6ssel als Vertreter der offiziellen Position vom Albert Einstein Institut aussagt, dass die L\u00e4ngenkontraktion keine materielle Ver\u00e4nderung der bewegten Objekte bedeutet ist sehr zu begr\u00fc\u00dfen, diese Auslegung rette doch in Abwesenheit von jeglicher physikalischer Kausalit\u00e4t die Vernunft und die Logik und beseitige doch alle Paradoxa. Genauso ist es sehr zu begr\u00fc\u00dfen, dass der ehemalige Vorgesetzter von Dr. P\u00f6ssel und Gr\u00fcndungsdirektor am Albert Einstein Institut, Prof. Dr. J\u00fcrgen Ehlers, auch \u00f6ffentlich ausgesagt hat, dass die \u201e<em>gleiche Dehnung der Zeit<\/em>\u201c zwischen bewegten und ruhenden Personen gilt: siehe <a href=\"https:\/\/www.jocelyne-lopez.de\/blog\/2010\/07\/wer-entscheidet-uber-interpretationen-der-relativitatstheorie\/\" target=\"_blank\">hier<\/a>. Jedoch k\u00f6nnen diese beiden kl\u00e4renden Experten-Aussagen seitens des Albert Einstein Instituts nicht \u00fcber die groteske Uneinigkeit hinwegt\u00e4uschen, die zwischen den Autoren der Relativistik seit 100 Jahren bis heute noch besteht!<\/p>\n<p>Immerhin hat Albert Einstein selbst an die Realisierung in der Natur der Effekte <em>L\u00e4ngenkontraktion<\/em> und <em>Zeitdilatation<\/em> geglaubt, wie er es mit seinem <a href=\"https:\/\/www.jocelyne-lopez.de\/blog\/2008\/05\/das-geheimnis-der-ewigen-jugend\/\" target=\"_blank\">K\u00e4fer-Paradoxon<\/a> aus dem Jahr 1911 bezeugt.<\/p>\n<p>Auch haben eine ganze Reihe von Bef\u00fcrwortern der Relativit\u00e4tstheorie, und nicht nur die Kritiker, selbst Paradoxa mit der Theorie konstruiert, wie z.B. das Zwillingsparadoxon, und sich um L\u00f6sungen nach der Speziellen Relativit\u00e4tstheorie bem\u00fcht. Solche Paradoxa werden auch im Bildungssystem behandelt.<\/p>\n<p>Genauso\u00a0ist es dokumentiert, dass eine ganze Reihe von Autoren der Relativistik sich v\u00f6llig uneinig \u00fcber die reale oder scheinbare Natur der relativistischen Effekte sind, so dass die offizielle Auslegung vom Albert Einstein Institut aus eigenen Reihen drastisch in Frage gestellt bzw. entkr\u00e4ftet wird. G.O. Mueller hat zum Beispiel diesen seltsamen Umstand herausgearbeitet und namenhafte Autoren zitiert, die widerspr\u00fcchliche Auslegungen der Theorie vertreten, siehe <a href=\"https:\/\/www.jocelyne-lopez.de\/blog\/2008\/04\/koennten-sich-vielleicht-die-relativisten-daruber-einigen-ob-der-relativistische-effekt-langenkontraktion-anschein-oder-realitat-sein-soll\/\" target=\"_blank\">hier<\/a>:<\/p>\n<p style=\"padding-left: 60px;\">Wendet man sich diesen beiden grundlegenden Effekten zu, so st\u00f6\u00dft man auf eine Frage, die man bei einer angeblich best\u00e4tigten und allgemein akzeptierten Theorie nicht mehr vermuten w\u00fcrde: n\u00e4mlich ob die behaupteten Effekte wirklich seien oder nur Scheineffekte.<\/p>\n<p style=\"padding-left: 60px;\">Die Sachlage wird noch bunter dadurch, da\u00df in dieser Frage eine groteske Uneinigkeit der Relativistik-Autoren festzustellen ist, so da\u00df man zweckm\u00e4\u00dfigerweise besser von zwei Theorien sprechen sollte, von einer Theorie mit Scheineffekten und einer Theorie mit Realeffekten.<\/p>\n<p style=\"padding-left: 60px;\">Man darf allerdings nicht erwarten, da\u00df die Autoren sich nach reiflicher \u00dcberlegung eine begr\u00fcndete Auffassung gebildet, jeder seine Entscheidung in dieser Frage getroffen und sich auf eine der beiden Seiten geschlagen hat. Vielmehr wechseln manche Autoren ihre Entscheidung von einer Darstellung zur n\u00e4chsten, ohne ein Wort dar\u00fcber zu verlieren, und viele schwanken in demselben Buch zwischen beiden Positionen hin und her, wie es ihnen gerade gelegen erscheint.<\/p>\n<p style=\"padding-left: 60px;\">Wenn schon unter den Anh\u00e4ngern der Theorie derartig gravierende Widerspr\u00fcche auch heute noch bestehen, dann ist dies ein sicherer Hinweis darauf, da\u00df irgendetwas mit der Theorie nicht stimmt.<\/p>\n<p style=\"padding-left: 60px;\">(G.O. Mueller)<\/p>\n<p>\u00a0<br \/>\nAllein zwei zeitgen\u00f6ssische Kritiker, Peter Ripota aus Deutschland und Gertrud Walton aus Gro\u00dfbritannien, haben dokumentiert, dass mindestens 30 Autoren der Relativistik verschiedene Auslegungen der Natur der relativistischen L\u00e4ngenkontraktion vertreten, siehe:<\/p>\n<p style=\"padding-left: 60px;\"><a href=\"https:\/\/www.jocelyne-lopez.de\/blog\/2010\/06\/anfrage-von-peter-ripota-an-dr-markus-possel\/\" target=\"_blank\">Anfrage von Peter Ripota an Dr. Markus P\u00f6ssel<\/a><br \/>\n<a href=\"http:\/\/ekkehard-friebe.de\/blog\/gertrud-walton-%e2%80%9eon-the-nature-of-relativistic-effects\/\" target=\"_blank\">Gertrud Walton: \u201e<em>On the nature of relativistic effects<\/em>\u201d<\/a>\n<\/p>\n<p style=\"padding-left: 60px;\">\u00a0<\/p>\n<p>Wer also missversteht hier was? Wieso k\u00f6nnen die \u201e<em>orthodoxen<\/em>\u201c Experten der etablierten Physik sich nicht \u00fcber solche Grundfragen einigen? Wieso richtet sich Dr. P\u00f6ssel immer an Kritiker und kritische Laien mit dem Argument, sie haben ja die Theorie leider missverstanden, wenn selbst in der Reihe der Experten der Relativit\u00e4tstheorie jeder etwas Anderes aus der Theorie versteht und jeder sie nach gusto anders auslegt? Warum k\u00fcmmert sich das Albert Einstein Institut nicht um eine Aufkl\u00e4rung in eigenen Reihen? Kann Dr. P\u00f6ssel die Existenz der Autoren-Widerspr\u00fcche bestreiten? Die Anfrage von Herrn Peter Ripota hat er bezeichnenderweise nicht beantwortet. Und was h\u00e4lt er denn von den Widerspr\u00fcchen? Was besagen diese Widerspr\u00fcche \u00fcber die Theorie? Warum darf Dr. P\u00f6ssel \u00fcber eine \u00f6ffentliche Einrichtung wie \u201e<em>Einstein Online<\/em>\u201c einseitiges Unterricht an die \u00d6ffentlichkeit erteilen, die angeblich die Theorie leicht missverstehen kann, wenn die Grundlagen der Theorie intern nicht mal gekl\u00e4rt wurden, und warum sieht er nach seinen eigenen Aussagen keinen Anlass wissenschaftliche Diskussionen unter Relativisten selbst zu f\u00fchren, die jedoch nachweislich einiges missverstehen und dringend Aufkl\u00e4rung bed\u00fcrfen? Wieso wird eine Theorie mit einer gewaltigen und teuren Maschinerie aus Steuergeldern an die \u00d6ffentlichkeit dogmatisch und autorit\u00e4r verkauft, wor\u00fcber immer noch nach 100 Jahren ein riesiger Kl\u00e4rungsbedarf auf der Ebene der Experten selbst besteht? Warum wird im \u00f6ffentlichen Bildungssystem eine Auslegung <span style=\"text-decoration: underline;\">mit Realisierung der Effekte<\/span> gelehrt (siehe zum Beispiel <a href=\"http:\/\/wissenschaftliche-physik.com\/2009\/07\/ansprache-an-das-bundesministerium-fur-bildung-und-forschung\/\" target=\"_blank\">Ansprache an das Bundesministerium f\u00fcr Bildung und Forschung<\/a>), obwohl das Ministerium f\u00fcr Bildung und Forschung mich darauf hingewiesen hat, dass die Experten der Relativit\u00e4tstheorie beim Albert Einstein Institut sitzen, das wiederum eine Theorie <span style=\"text-decoration: underline;\">ohne Realisierung der Effekte<\/span> vertritt?<\/p>\n<p>Diese Fragen muss die F\u00fchrung der \u00f6ffentlichen Institution Albert Einstein Institut beantworten, wenn Dr. P\u00f6ssel sie nicht beantworten will. Die B\u00fcrger haben hier ein Recht auf verbindliche Informationen und auf Rechenschaft &#8211; \u00f6ffentliche Forschung und Bildung sind keine privaten Veranstaltungen.<\/p>\n<p>\u00a0<\/p>\n<p>&#8212;&#8212;&#8212;&#8212;&#8212;&#8212;&#8212;-<br \/>\nSiehe auch:<br \/>\n<strong><a href=\"https:\/\/www.jocelyne-lopez.de\/blog\/2010\/07\/wer-entscheidet-uber-interpretationen-der-relativitatstheorie\/\" target=\"_blank\">Wer entscheidet \u00fcber Interpretationen der Relativit\u00e4tstheorie? <\/a><\/strong><strong><br \/>\n<\/strong><a href=\"https:\/\/www.jocelyne-lopez.de\/blog\/2010\/02\/dr-markus-possel-endlich-eine-eindeutige-aufklarung\/\" target=\"_blank\">Dr. Markus P\u00f6ssel: Endlich eine eindeutige Aufkl\u00e4rung<br \/>\n<\/a><a href=\"https:\/\/www.jocelyne-lopez.de\/blog\/2010\/03\/im-bildungssystem-wird-eine-falsche-auslegung-der-speziellen-relativitatstheorie-gelehrt\/\" target=\"_blank\">Im Bildungssystem wird eine falsche Auslegung der Speziellen Relativit\u00e4tstheorie gelehrt <\/a><br \/>\n<a href=\"https:\/\/www.jocelyne-lopez.de\/blog\/2010\/05\/widerspruche-der-speziellen-relativitatstheorie-werden-nicht-ausgeraumt\/\" target=\"_blank\">Widerspr\u00fcche der Speziellen Relativit\u00e4tstheorie werden nicht ausger\u00e4umt<\/a><br \/>\n<strong><a href=\"https:\/\/www.jocelyne-lopez.de\/blog\/2010\/04\/das-offentliche-bildungssystem-ist-keine-private-veranstaltung\/\" target=\"_blank\">Das \u00f6ffentliche Bildungssystem ist keine private Veranstaltung <\/a><\/strong><\/p>\n","protected":false},"excerpt":{"rendered":"<p>Ich verweise auf meine Anfrage vom 28.04.10 \u00fcber die L\u00e4ngenkontraktion an das Albert Einstein Institut Bitte um Kl\u00e4rung an Dr. Markus P\u00f6ssel, sowie auf die Diskussion L\u00e4ngenkontrahierter Zug im MAHAG-Forum und gebe einen Austausch wieder:\u00a0 \u00a0 30.09.10 &#8211; Zitat von Harald Maurer: Es ist vorerst also naheliegend, dass die Spezielle Relativit\u00e4tstheorie\u00a0keinesfalls eine konkrete Ver\u00e4nderung einer [&hellip;]<\/p>\n","protected":false},"author":3,"featured_media":0,"comment_status":"closed","ping_status":"open","sticky":false,"template":"","format":"standard","meta":{"om_disable_all_campaigns":false,"_monsterinsights_skip_tracking":false,"_monsterinsights_sitenote_active":false,"_monsterinsights_sitenote_note":"","_monsterinsights_sitenote_category":0,"ngg_post_thumbnail":0,"footnotes":""},"categories":[11,13],"tags":[1335,16,1336,183],"class_list":["post-4749","post","type-post","status-publish","format-standard","hentry","category-go-mueller","category-kritik-der-relativitatstheorie","tag-go-mueller","tag-gom-projekt","tag-kritik-der-relativitatstheorie","tag-markus-possel"],"aioseo_notices":[],"_links":{"self":[{"href":"https:\/\/www.jocelyne-lopez.de\/blog\/wp-json\/wp\/v2\/posts\/4749"}],"collection":[{"href":"https:\/\/www.jocelyne-lopez.de\/blog\/wp-json\/wp\/v2\/posts"}],"about":[{"href":"https:\/\/www.jocelyne-lopez.de\/blog\/wp-json\/wp\/v2\/types\/post"}],"author":[{"embeddable":true,"href":"https:\/\/www.jocelyne-lopez.de\/blog\/wp-json\/wp\/v2\/users\/3"}],"replies":[{"embeddable":true,"href":"https:\/\/www.jocelyne-lopez.de\/blog\/wp-json\/wp\/v2\/comments?post=4749"}],"version-history":[{"count":0,"href":"https:\/\/www.jocelyne-lopez.de\/blog\/wp-json\/wp\/v2\/posts\/4749\/revisions"}],"wp:attachment":[{"href":"https:\/\/www.jocelyne-lopez.de\/blog\/wp-json\/wp\/v2\/media?parent=4749"}],"wp:term":[{"taxonomy":"category","embeddable":true,"href":"https:\/\/www.jocelyne-lopez.de\/blog\/wp-json\/wp\/v2\/categories?post=4749"},{"taxonomy":"post_tag","embeddable":true,"href":"https:\/\/www.jocelyne-lopez.de\/blog\/wp-json\/wp\/v2\/tags?post=4749"}],"curies":[{"name":"wp","href":"https:\/\/api.w.org\/{rel}","templated":true}]}}