{"id":4745,"date":"2010-09-17T07:52:36","date_gmt":"2010-09-17T06:52:36","guid":{"rendered":"https:\/\/www.jocelyne-lopez.de\/blog\/?p=4745"},"modified":"2010-09-17T10:34:53","modified_gmt":"2010-09-17T09:34:53","slug":"die-fehlleistung-des-herrn-dr-markus-possel","status":"publish","type":"post","link":"https:\/\/www.jocelyne-lopez.de\/blog\/2010\/09\/die-fehlleistung-des-herrn-dr-markus-possel\/","title":{"rendered":"Die Fehlleistung des Herrn Dr. Markus P\u00f6ssel"},"content":{"rendered":"<p>Ich verweise auf meine Anfrage vom 28.04.10 an das Albert Einstein Institut <a href=\"https:\/\/www.jocelyne-lopez.de\/blog\/2010\/04\/bitte-um-klarung-an-dr-markus-possel\/\" target=\"_blank\"><strong>Bitte um Kl\u00e4rung an Dr. Markus P\u00f6ssel<\/strong><\/a>\u00a0und auf einen Austausch aus dem MAHAG-Forum:<\/p>\n<p>\u00a0<\/p>\n<p><a href=\"http:\/\/www.mahag.com\/neufor\/viewtopic.php?f=6&amp;t=296&amp;start=1240#p17729\" target=\"_blank\">16.09.10 \u2013 Zitat von galactic32<\/a>:<\/p>\n<p>Als Lernender mu\u00df man auch zu fragen wissen, w\u00fcrde ich unterstreichen.<\/p>\n<p>\u00a0<\/p>\n<p><a href=\"http:\/\/www.mahag.com\/neufor\/viewtopic.php?f=6&amp;t=296&amp;start=1240#p17733\" target=\"_blank\">16.09.10 \u2013 Zitat von Jocelyne Lopez<\/a>:<\/p>\n<p>W\u00fcrde ich auch unterstreichen.<\/p>\n<p>Und ich w\u00fcrde sagen, dass ich mit meinem sehr langen Anlauf \u00fcber die Bundestags-abgeordneten ab 2006 um eine Frage an einen Verantwortlichen stellen zu d\u00fcrfen, sowie mit meiner einfachen Frage an das Albert Einstein Institut, ob die L\u00e4ngenkontraktion materiell ist oder nicht so ziemlich die richtige Frage gestellt habe.\u00a0 ; -)<br \/>\nSo sehr, dass Dr. P\u00f6ssel die Korrespondenz abbricht und mich wegen seiner Aussage, dass die L\u00e4ngenkontraktion nicht materiell ist, sogar droht <a href=\"https:\/\/www.jocelyne-lopez.de\/blog\/2010\/07\/fristsetzung-durch-dr-markus-possel\/\" target=\"_blank\">vor Gericht zu ziehen<\/a>&#8230;<\/p>\n<p>Und man kann auch verstehen, dass er diese Aussage in irgendeiner Weise zur\u00fcck-ziehen will, notfalls indem er sich einbildet oder verkaufen will, dass ich und die ganze Welt nicht in der Lage seien, den Sinn seiner Aussage zu verstehen und richtig zu interpretieren. Dabei hat sie jedermann schon auf Anhieb verstanden, der sie einmal gelesen hat, so einfach ist sie zu verstehen: &#8222;<em><a href=\"https:\/\/www.jocelyne-lopez.de\/blog\/2008\/08\/austausch-mit-herrn-dr-markus-poessel-vom-17190808\/\" target=\"_blank\">Die L\u00e4ngenkontraktion geht nicht mit materiellen Ver\u00e4nderungen des K\u00f6rpers einher<\/a><\/em>&#8222;. Diese Verst\u00e4ndlichkeit der Aussage war jedoch sozusagen eine Fehlleistung: Dr. Markus P\u00f6ssel ist n\u00e4mlich nicht da, um der \u00d6ffentlichkeit Fragen verst\u00e4ndlich zu beantworten, sondern im Gegenteil um zu verhindern, dass die \u00d6ffentlichkeit eine Antwort versteht bzw. Fragen stellt, die unerw\u00fcnscht sind und die G\u00fcltigkeit der Theorie gef\u00e4hrden.<\/p>\n<p>Als Lernender sollte man sich also nicht sch\u00e4men, einfache Fragen an hochqualifizierte Wissenschaftler zu stellen, man kann dabei Erstaunliches entdecken oder aufdecken.<\/p>\n<p>Nachstehend zum Beispiel eine erstaunliche Aussage \u00fcber das Grundverst\u00e4ndnis von Geschwindigkeiten bei hochqualifizierten Autoren, hier bei dem Physiker und Nobel-preistr\u00e4ger Paul Dirac auf die Frage der Kollisionsgeschwindigkeit zweier Photonen (oder Lichtstrahlen) &#8211; zitiert von Peter R\u00f6sch in seinem Buch \u201e<em><a href=\"https:\/\/www.jocelyne-lopez.de\/blog\/2007\/12\/peter-rosch-%e2%80%9eich-war-einstein\/\" target=\"_blank\">Ich war Einstein<\/a><\/em>\u201c, Seite 57:<\/p>\n<p style=\"PADDING-LEFT: 60px\"><em>&#8222;600.000 km\/s. Aber das ist keine echte Geschwindigkeit, sondern das sind zwei addierte Geschwindigkeiten.&#8220;<\/em><\/p>\n<p>Das ist genauso gut wie die Aussage vom Sir Arthur Eddington, Physiker und Astronom, <a href=\"https:\/\/www.jocelyne-lopez.de\/blog\/2010\/08\/die-langenkontraktion-ist-wahr-aber-nicht-wirklich-wahr%e2%80%a6\/\" target=\"_blank\">Die L\u00e4ngenkontraktion ist wahr, aber nicht wirklich wahr<\/a><\/p>\n<p style=\"PADDING-LEFT: 60px\"><em>\u201cThe shortening of the moving rod is true, but it is not really true.\u201d<\/em><\/p>\n<p>Arthur Eddington hat \u00fcbrigens &#8211; au\u00dfer dass er diese Perle produziert hat &#8211; die Ergebnisse der Beobachtung der Sonnenfinsternis 1919 gef\u00e4lscht, die die Spezielle Relativit\u00e4tstheorie\u00a0triumphal &#8222;<em>best\u00e4tigt<\/em>&#8220; haben, siehe:<\/p>\n<p style=\"PADDING-LEFT: 60px\"><a href=\"https:\/\/www.jocelyne-lopez.de\/blog\/2010\/05\/sonnenfinsternis-von-1919-nachgewiesene-falschung-der-ergebnisse\/\" target=\"_blank\">Sonnenfinsternis von 1919: Nachgewiesene F\u00e4lschung der Ergebnisse<\/a><br \/>\n<a href=\"https:\/\/www.jocelyne-lopez.de\/blog\/2009\/08\/peter-ripota-wie-man-heilige-erschafft\/\" target=\"_blank\">Peter Ripota: Wie man Heilige erschafft<\/a><br \/>\n<a href=\"https:\/\/www.jocelyne-lopez.de\/blog\/2008\/02\/sonnenfinsternis-ueber-die-theoretische-physik\/\" target=\"_blank\">Sonnenfinsternis \u00fcber die theoretische Physik?<\/a><\/p>\n<p>Was haben solche Informationen \u00fcber das Physikverst\u00e4ndnis und das Wissen von hochqualifizierten Wissenschaftlern und \u00fcber die G\u00fcltigkeit der Speziellen Relativit\u00e4tstheorie zu sagen? Eins steht nur fest: Dar\u00fcber antworten keine Relativisten, auch keine Forenrelativisten nat\u00fcrlich, wenn sie damit konfrontiert werden, sie schweigen und tun so, als ob sie von so etwas noch nie geh\u00f6rt h\u00e4tten. Was hat das Schweigen der Relativisten \u00fcber die Theorie zu sagen, wenn sie mit solchen Informationen konfrontiert werden?<\/p>\n<p>\u00a0<\/p>\n<p>&#8212;&#8212;&#8212;&#8212;&#8212;&#8212;&#8212;&#8212;&#8212;&#8212;&#8212;&#8212;&#8212;-<br \/>\nSiehe auch:<\/p>\n<p><strong><a href=\"https:\/\/www.jocelyne-lopez.de\/blog\/2010\/09\/dr-markus-possel-denkfehler-oder-sprachliche-verschleierung\/\" target=\"_blank\">Dr. Markus P\u00f6ssel: Denkfehler oder sprachliche Verschleierung?<br \/>\n<\/a><\/strong><strong><a href=\"https:\/\/www.jocelyne-lopez.de\/blog\/2010\/08\/relativitatstheorie-bewusste-pflege-von-missverstandnissen\/\" target=\"_blank\">Relativit\u00e4tstheorie: bewusste Pflege von Missverst\u00e4ndnissen <\/a><\/strong><strong><br \/>\n<\/strong><strong><a href=\"https:\/\/www.jocelyne-lopez.de\/blog\/2010\/08\/langenkontraktion-gewollter-wirrwar\/\" target=\"_blank\">L\u00e4ngenkontraktion: gewollter Wirrwarr?\u00a0<\/a><br \/>\n<\/strong><strong><a href=\"https:\/\/www.jocelyne-lopez.de\/blog\/2010\/07\/was-meint-dr-markus-possel-mit-real-und-materiell\/\" target=\"_blank\">Was meint Dr. Markus P\u00f6ssel mit \u201c<em>real<\/em>\u201d und \u201c<em>materiell<\/em>\u201d?<\/a><\/strong><br \/>\n<strong><a href=\"https:\/\/www.jocelyne-lopez.de\/blog\/2010\/08\/die-natur-der-langenkontraktion-soll-nicht-eindeutig-geklart-werden\/\" target=\"_blank\">Die Natur der L\u00e4ngenkontraktion soll nicht eindeutig gekl\u00e4rt werden<\/a><\/strong><strong><br \/>\n<\/strong><a href=\"https:\/\/www.jocelyne-lopez.de\/blog\/2010\/07\/langenkontraktion-die-relativisten-in-der-klemme\/\" target=\"_blank\">L\u00e4ngenkontraktion: Die Relativisten in der Klemme <\/a><br \/>\n<strong><a href=\"https:\/\/www.jocelyne-lopez.de\/blog\/2010\/07\/die-anhanger-der-relativitatstheorie-wollen-etwas-verschleiern\/\" target=\"_blank\">Die Anh\u00e4nger der Relativit\u00e4tstheorie wollen etwas verschleiern <\/a><\/strong><br \/>\n<strong><a href=\"https:\/\/www.jocelyne-lopez.de\/blog\/2010\/08\/ungultigkeit-der-speziellen-relativitatstheorie-nur-eine-frage-der-logik\/\" target=\"_blank\">Ung\u00fcltigkeit der Speziellen Relativit\u00e4tstheorie: Nur eine Frage der Logik <\/a><br \/>\n<a rel=\"bookmark\" href=\"https:\/\/www.jocelyne-lopez.de\/blog\/2010\/09\/vor-gericht-wegen-falscher-interpretation-der-relativitatstheorie\/\" target=\"_blank\">Vor Gericht wegen falscher Interpretation der Relativit\u00e4tstheorie? <\/a><\/strong><\/p>\n","protected":false},"excerpt":{"rendered":"<p>Ich verweise auf meine Anfrage vom 28.04.10 an das Albert Einstein Institut Bitte um Kl\u00e4rung an Dr. Markus P\u00f6ssel\u00a0und auf einen Austausch aus dem MAHAG-Forum: \u00a0 16.09.10 \u2013 Zitat von galactic32: Als Lernender mu\u00df man auch zu fragen wissen, w\u00fcrde ich unterstreichen. \u00a0 16.09.10 \u2013 Zitat von Jocelyne Lopez: W\u00fcrde ich auch unterstreichen. Und ich [&hellip;]<\/p>\n","protected":false},"author":3,"featured_media":0,"comment_status":"closed","ping_status":"open","sticky":false,"template":"","format":"standard","meta":{"om_disable_all_campaigns":false,"_monsterinsights_skip_tracking":false,"_monsterinsights_sitenote_active":false,"_monsterinsights_sitenote_note":"","_monsterinsights_sitenote_category":0,"ngg_post_thumbnail":0,"footnotes":""},"categories":[13],"tags":[1336,183],"class_list":["post-4745","post","type-post","status-publish","format-standard","hentry","category-kritik-der-relativitatstheorie","tag-kritik-der-relativitatstheorie","tag-markus-possel"],"aioseo_notices":[],"_links":{"self":[{"href":"https:\/\/www.jocelyne-lopez.de\/blog\/wp-json\/wp\/v2\/posts\/4745"}],"collection":[{"href":"https:\/\/www.jocelyne-lopez.de\/blog\/wp-json\/wp\/v2\/posts"}],"about":[{"href":"https:\/\/www.jocelyne-lopez.de\/blog\/wp-json\/wp\/v2\/types\/post"}],"author":[{"embeddable":true,"href":"https:\/\/www.jocelyne-lopez.de\/blog\/wp-json\/wp\/v2\/users\/3"}],"replies":[{"embeddable":true,"href":"https:\/\/www.jocelyne-lopez.de\/blog\/wp-json\/wp\/v2\/comments?post=4745"}],"version-history":[{"count":0,"href":"https:\/\/www.jocelyne-lopez.de\/blog\/wp-json\/wp\/v2\/posts\/4745\/revisions"}],"wp:attachment":[{"href":"https:\/\/www.jocelyne-lopez.de\/blog\/wp-json\/wp\/v2\/media?parent=4745"}],"wp:term":[{"taxonomy":"category","embeddable":true,"href":"https:\/\/www.jocelyne-lopez.de\/blog\/wp-json\/wp\/v2\/categories?post=4745"},{"taxonomy":"post_tag","embeddable":true,"href":"https:\/\/www.jocelyne-lopez.de\/blog\/wp-json\/wp\/v2\/tags?post=4745"}],"curies":[{"name":"wp","href":"https:\/\/api.w.org\/{rel}","templated":true}]}}