{"id":4696,"date":"2010-06-28T08:54:45","date_gmt":"2010-06-28T07:54:45","guid":{"rendered":"https:\/\/www.jocelyne-lopez.de\/blog\/?p=4696"},"modified":"2010-06-28T08:57:09","modified_gmt":"2010-06-28T07:57:09","slug":"prof-dr-jurgen-ehlers-%e2%80%9esteuergeld-fur-frohliche-wissenschaft%e2%80%9c","status":"publish","type":"post","link":"https:\/\/www.jocelyne-lopez.de\/blog\/2010\/06\/prof-dr-jurgen-ehlers-%e2%80%9esteuergeld-fur-frohliche-wissenschaft%e2%80%9c\/","title":{"rendered":"Prof. Dr. J\u00fcrgen Ehlers: \u201eSteuergeld f\u00fcr fr\u00f6hliche Wissenschaft?\u201c"},"content":{"rendered":"<p>Prof. Dr. J\u00fcrgen Ehlers schrieb am 27.07.2005 in der Frankfurter Allgemeine Zeitung anl\u00e4sslich des Einstein-Jahres in einem Artikel \u201e<em>Steuergeld f\u00fcr fr\u00f6hliche Wissenschaft?<\/em>\u201c als emeritierter Direktor des Max-Planck-lnstituts f\u00fcr Gravitationsphysik (Albert-Einstein-Institut):<\/p>\n<p style=\"padding-left: 60px;\">Unter dem Titel \u201e<em>Unser Beitrag zum Einsteinjahr: Einstein<\/em>&#8220; hat die Landesregierung von Baden-W\u00fcrttemberg in der Zeitschrift \u201e<em>Spektrum der Wissenschaft<\/em>&#8220; zwei Anzeigen ver\u00f6ffentlicht. In der ersten wird die Spezielle Relativit\u00e4tstheorie, deren hundertj\u00e4hriges Jubil\u00e4um allseits gefeiert wird, am Beispiel der Geschwindigkeits-Zeitdehnung erl\u00e4utert &#8211; bedauerlicherweise falsch. Es hei\u00dft dort, in einem Zug oder Flugzeug sei man mit einer Lekt\u00fcre schneller fertig, weil die Zeit bei schneller Bewegung langsamer vergehe. Tats\u00e4chlich gehen bewegte Uhren zwar, verk\u00fcrzt gesagt, gegen\u00fcber ruhenden Uhren nach; aber f\u00fcr den Herzschlag oder die Lesegeschwindigkeit eines Reisenden gilt genau dieselbe Dehnung der Zeit, so da\u00df sich f\u00fcr den Reisenden an der Lesedauer nichts \u00e4ndert. [&#8230;]<\/p>\n<p>Auch Prof. Dr. J\u00fcrgen Ehlers kl\u00e4rt hier eindeutig auf, dass die Zeitdilation der Speziellen Relativit\u00e4tstheorie kein realer Effekt sei, der sich auf die Biologie und die Aktivit\u00e4ten von Reisenden auswirken k\u00f6nne: \u201e<em>Aber f\u00fcr den Herzschlag oder die Lesegeschwindigkeit eines Reisenden gilt genau dieselbe Dehnung der Zeit<\/em>\u201c.\u00a0<\/p>\n<p>Dass Uhren schneller oder langsamer gehen hat also gem\u00e4\u00df Speziellen Relativit\u00e4ts-theorie\u00a0\u00fcberhaupt keinen Einflu\u00df auf die Geschwindigkeit der Ereignisse in der Welt, es existiert dabei keine Kausalit\u00e4tsbeziehung. Das leuchtet auch jedem ein und das ist auch die Argumentierung der Kritiker seit fast 100 Jahren&#8230; Der reisende Zwilling vom Zwillingsparadoxon \u201e<em>lebt<\/em>\u201c also genau so schnell wie sein auf der Erde zur\u00fcckgebliebener Bruder, weder ihre Aktivit\u00e4ten noch ihre biologischen Prozesse unterscheiden sich zeitlich und verlaufen langsamer bzw. schneller, auch wenn ihre jeweiligen Uhren nicht mehr synchron laufen. Das deckt sich \u00fcbrigens mit der Aussage von Dr. Markus P\u00f6ssel, auch Mitarbeiter vom Albert Einstein Institut, dass die L\u00e4ngenkontraktion (Pendant der Zeitdilatation) in der Speziellen Relativit\u00e4tstheorie lediglich ein Messeffekt ohne physikalische Realisierung ist.\u00a0<\/p>\n<p>Warum wird immer noch im \u00f6ffentlichen Bildungssystem gelehrt, dass der reisende Zwillingsbruder langsamer altert?<\/p>\n<p>Wann wird diese grobe Fehlinterpretation der Speziellen Relativit\u00e4tstheorie im Bildungssystem offiziell korrigiert, wenn schon die vom Staat genannten und autorisierten Experten vom Albert Einstein Institut sich die M\u00fche geben, sie in den Medien gelegentlich zu korrigieren?<\/p>\n<p>Wieso setzt sich das staatliche Albert Einstein Institut nicht ein, damit dieser Fehler in den Lehrinhalten der \u00f6ffentlichen Einrichtungen korrigiert wird und diese Berichtigung in der breiten \u00d6ffentlichkeit angemessen kommuniziert wird?<\/p>\n<p>Warum wird unser Steuergeld seit Jahrzehnten damit fehlinvestiert, dass man Sch\u00fclern und Studenten etwas lehrt, was gleicherma\u00dfen von Bef\u00fcrwortern und von Kritikern der Speziellen Relativit\u00e4tstheorie als falsch erkannt wird?<\/p>\n<p>Steuergeld f\u00fcr absurde Wissenschaft?\u00a0<\/p>\n<p>(Jocelyne Lopez)\u00a0<\/p>\n<p>&#8212;&#8212;&#8212;&#8212;&#8212;&#8212;&#8212;&#8212;&#8212;&#8212;&#8212;&#8212;&#8212;&#8212;&#8212;&#8212;-<\/p>\n<p>Siehe auch:\u00a0<\/p>\n<p><a href=\"https:\/\/www.jocelyne-lopez.de\/blog\/2010\/02\/dr-markus-possel-endlich-eine-eindeutige-aufklarung\/\" target=\"_blank\">Dr. Markus P\u00f6ssel: Endlich eine eindeutige Aufkl\u00e4rung <\/a><br \/>\n<a title=\"Permanenter Link zu Ansprache an das Bundesministerium f\u00fcr Bildung und Forschung\" href=\"http:\/\/wissenschaftliche-physik.com\/2009\/07\/ansprache-an-das-bundesministerium-fur-bildung-und-forschung\/\" target=\"_blank\">Ansprache an das Bundesministerium f\u00fcr Bildung und Forschung<\/a><br \/>\n<a href=\"https:\/\/www.jocelyne-lopez.de\/blog\/2010\/03\/im-bildungssystem-wird-eine-falsche-auslegung-der-speziellen-relativitatstheorie-gelehrt\/\" target=\"_blank\">Im Bildungssystem wird eine falsche Auslegung der Speziellen Relativit\u00e4tstheorie gelehrt <\/a><br \/>\n<a href=\"https:\/\/www.jocelyne-lopez.de\/blog\/2010\/05\/widerspruche-der-speziellen-relativitatstheorie-werden-nicht-ausgeraumt\/\" target=\"_blank\">Widerspr\u00fcche der Speziellen Relativit\u00e4tstheorie werden nicht ausger\u00e4umt <\/a><\/p>\n","protected":false},"excerpt":{"rendered":"<p>Prof. Dr. J\u00fcrgen Ehlers schrieb am 27.07.2005 in der Frankfurter Allgemeine Zeitung anl\u00e4sslich des Einstein-Jahres in einem Artikel \u201eSteuergeld f\u00fcr fr\u00f6hliche Wissenschaft?\u201c als emeritierter Direktor des Max-Planck-lnstituts f\u00fcr Gravitationsphysik (Albert-Einstein-Institut): Unter dem Titel \u201eUnser Beitrag zum Einsteinjahr: Einstein&#8220; hat die Landesregierung von Baden-W\u00fcrttemberg in der Zeitschrift \u201eSpektrum der Wissenschaft&#8220; zwei Anzeigen ver\u00f6ffentlicht. In der ersten [&hellip;]<\/p>\n","protected":false},"author":3,"featured_media":0,"comment_status":"closed","ping_status":"open","sticky":false,"template":"","format":"standard","meta":{"om_disable_all_campaigns":false,"_monsterinsights_skip_tracking":false,"_monsterinsights_sitenote_active":false,"_monsterinsights_sitenote_note":"","_monsterinsights_sitenote_category":0,"ngg_post_thumbnail":0,"footnotes":""},"categories":[13],"tags":[1336,183,673],"class_list":["post-4696","post","type-post","status-publish","format-standard","hentry","category-kritik-der-relativitatstheorie","tag-kritik-der-relativitatstheorie","tag-markus-possel","tag-prof-dr-jurgen-ehlers"],"aioseo_notices":[],"_links":{"self":[{"href":"https:\/\/www.jocelyne-lopez.de\/blog\/wp-json\/wp\/v2\/posts\/4696"}],"collection":[{"href":"https:\/\/www.jocelyne-lopez.de\/blog\/wp-json\/wp\/v2\/posts"}],"about":[{"href":"https:\/\/www.jocelyne-lopez.de\/blog\/wp-json\/wp\/v2\/types\/post"}],"author":[{"embeddable":true,"href":"https:\/\/www.jocelyne-lopez.de\/blog\/wp-json\/wp\/v2\/users\/3"}],"replies":[{"embeddable":true,"href":"https:\/\/www.jocelyne-lopez.de\/blog\/wp-json\/wp\/v2\/comments?post=4696"}],"version-history":[{"count":0,"href":"https:\/\/www.jocelyne-lopez.de\/blog\/wp-json\/wp\/v2\/posts\/4696\/revisions"}],"wp:attachment":[{"href":"https:\/\/www.jocelyne-lopez.de\/blog\/wp-json\/wp\/v2\/media?parent=4696"}],"wp:term":[{"taxonomy":"category","embeddable":true,"href":"https:\/\/www.jocelyne-lopez.de\/blog\/wp-json\/wp\/v2\/categories?post=4696"},{"taxonomy":"post_tag","embeddable":true,"href":"https:\/\/www.jocelyne-lopez.de\/blog\/wp-json\/wp\/v2\/tags?post=4696"}],"curies":[{"name":"wp","href":"https:\/\/api.w.org\/{rel}","templated":true}]}}