{"id":4691,"date":"2010-06-18T06:52:11","date_gmt":"2010-06-18T05:52:11","guid":{"rendered":"https:\/\/www.jocelyne-lopez.de\/blog\/?p=4691"},"modified":"2010-06-18T06:52:11","modified_gmt":"2010-06-18T05:52:11","slug":"austausch-mit-dr-markus-possel-vom-15-16-06-2010","status":"publish","type":"post","link":"https:\/\/www.jocelyne-lopez.de\/blog\/2010\/06\/austausch-mit-dr-markus-possel-vom-15-16-06-2010\/","title":{"rendered":"Austausch mit Dr. Markus P\u00f6ssel vom 15.\/16.06.2010"},"content":{"rendered":"<p>Ich gebe einen E-Mail-Austausch mit Dr. Markus P\u00f6ssel vom Albert Einstein Institut \/ Max Planck Gesellschaft f\u00fcr Gravitationsphysik im Rahmen meiner Anfrage <a href=\"https:\/\/www.jocelyne-lopez.de\/blog\/2010\/04\/bitte-um-klarung-an-dr-markus-possel\/\" target=\"_blank\">vom 28.04.10<\/a>\u00a0wieder:<\/p>\n<p>\u00a0<\/p>\n<blockquote>\n<div><span style=\"FONT-WEIGHT: bold\">Von Markus Poessel \u2013 AEI-MPG<br \/>\nAn Jocelyne Lopez<br \/>\nDatum: 15.06.10<br \/>\nBetr.: Re: Bitte um Kl\u00e4rung bzgl. Speziellen Relativit\u00e4tstheorie<\/span><\/div>\n<p>Sehr geehrte Frau Lopez,<\/p>\n<p>da hier derzeit eine Veranstaltung die naechste jagt, bin ich leider noch nicht einmal dazu gekommen, Ihre letzte Mail richtig zu lesen &#8211; ich hoffe, in der ersten Juliwoche dazu zu kommen, das nachzuholen und dann auch bald eine Antwort zu schreiben.<\/p>\n<p>Mit den besten Gruessen,<br \/>\nMarkus Poessel<\/p>\n<p>\u00a0<\/p><\/blockquote>\n<p>Nachfolgend meine Antwort:<\/p>\n<p>\u00a0<\/p>\n<blockquote>\n<div><span style=\"FONT-WEIGHT: bold\">Von Jocelyne Lopez<br \/>\nAn Markus P\u00f6ssel<br \/>\nDatum: 16.06.10<br \/>\nBetr.: Re: Bitte um Kl\u00e4rung bzgl. Speziellen Relativit\u00e4tstheorie<\/span><\/div>\n<p>Sehr geehrter Herr Dr. P\u00f6ssel,<\/p>\n<p>Vielen Dank f\u00fcr Ihren Zwischenbescheid!<\/p>\n<p>Als Experte der Relativit\u00e4tstheorie d\u00fcrfte es f\u00fcr Sie unabh\u00e4ngig von Ihren derzeitigen zeitlichen Engp\u00e4ssen ohne gro\u00dfen Aufwand durchaus m\u00f6glich sein, Grundsatzfragen \u00fcber die Relativit\u00e4tstheorie in angemessenen Abst\u00e4nden zu beantworten &#8211; das erfordert wahrscheinlich f\u00fcr einen seit vielen Jahren mit der Aufkl\u00e4rung der \u00d6ffentlichkeit \u00e4u\u00dferst erfahrenen Mitarbeiter des Albert Einstein Instituts wie Sie weder aufwendige Recherchen noch gro\u00dfe Anstrengungen.<\/p>\n<p>Sind m\u00f6glicherweise enge Zeitkapazit\u00e4ten psychologisch eher auf die Unlust zur\u00fcckzuf\u00fchren, sich mit Einw\u00e4nden und kritischen Gegenpositionen zu einer Theorie zu besch\u00e4ftigen, die seit \u00fcber 80 Jahren leider kritiklos tradiert wird? Falls es so w\u00e4re m\u00f6chte ich zum Beispiel auf Aussagen des anerkannten Erkenntnistheoretikers Karl Popper hinweisen:<\/p>\n<ul>\u201e<span style=\"FONT-STYLE: italic\">Auch in den am besten bew\u00e4hrten unter unseren Theorien k\u00f6nnen Fehler verborgen sein. Und es ist die spezifische Aufgabe des Wissenschaftlers, nach solchen Fehlern zu suchen. Die Feststellung, da\u00df eine gut bew\u00e4hrte Theorie oder ein viel verwendetes praktisches Verfahren fehlerhaft ist, kann eine wichtige Entdeckung sein. Wir m\u00fcssen deshalb unsere Einstellung zu unseren Fehlern \u00e4ndern. Es ist hier, wo unsere praktische ethische Reform beginnen mu\u00df<\/span>.\u201c<br \/>\n<!-- m --><a href=\"https:\/\/www.jocelyne-lopez.de\/blog\/2007\/12\/karl-popper-die-unmenschlichkeit-der-unfehlbarkeit\" target=\"_blank\">https:\/\/www.jocelyne-lopez.de\/blog\/2007\/12\/karl-popper-die-unmenschlichkeit-der-unfehlbarkeit<\/a><!-- m --><\/ul>\n<p>In diesem Sinne freue ich mich auf Ihre Antwort in der ersten Juliwoche und auf einen konstruktiven Austausch.<\/p>\n<p>Mit freundlichen Gr\u00fc\u00dfen<br \/>\nJocelyne Lopez<\/p><\/blockquote>\n","protected":false},"excerpt":{"rendered":"<p>Ich gebe einen E-Mail-Austausch mit Dr. Markus P\u00f6ssel vom Albert Einstein Institut \/ Max Planck Gesellschaft f\u00fcr Gravitationsphysik im Rahmen meiner Anfrage vom 28.04.10\u00a0wieder: \u00a0 Von Markus Poessel \u2013 AEI-MPG An Jocelyne Lopez Datum: 15.06.10 Betr.: Re: Bitte um Kl\u00e4rung bzgl. Speziellen Relativit\u00e4tstheorie Sehr geehrte Frau Lopez, da hier derzeit eine Veranstaltung die naechste jagt, [&hellip;]<\/p>\n","protected":false},"author":3,"featured_media":0,"comment_status":"closed","ping_status":"open","sticky":false,"template":"","format":"standard","meta":{"om_disable_all_campaigns":false,"_monsterinsights_skip_tracking":false,"_monsterinsights_sitenote_active":false,"_monsterinsights_sitenote_note":"","_monsterinsights_sitenote_category":0,"ngg_post_thumbnail":0,"footnotes":""},"categories":[13],"tags":[41,1336,183],"class_list":["post-4691","post","type-post","status-publish","format-standard","hentry","category-kritik-der-relativitatstheorie","tag-albert-einstein-institut","tag-kritik-der-relativitatstheorie","tag-markus-possel"],"aioseo_notices":[],"_links":{"self":[{"href":"https:\/\/www.jocelyne-lopez.de\/blog\/wp-json\/wp\/v2\/posts\/4691"}],"collection":[{"href":"https:\/\/www.jocelyne-lopez.de\/blog\/wp-json\/wp\/v2\/posts"}],"about":[{"href":"https:\/\/www.jocelyne-lopez.de\/blog\/wp-json\/wp\/v2\/types\/post"}],"author":[{"embeddable":true,"href":"https:\/\/www.jocelyne-lopez.de\/blog\/wp-json\/wp\/v2\/users\/3"}],"replies":[{"embeddable":true,"href":"https:\/\/www.jocelyne-lopez.de\/blog\/wp-json\/wp\/v2\/comments?post=4691"}],"version-history":[{"count":0,"href":"https:\/\/www.jocelyne-lopez.de\/blog\/wp-json\/wp\/v2\/posts\/4691\/revisions"}],"wp:attachment":[{"href":"https:\/\/www.jocelyne-lopez.de\/blog\/wp-json\/wp\/v2\/media?parent=4691"}],"wp:term":[{"taxonomy":"category","embeddable":true,"href":"https:\/\/www.jocelyne-lopez.de\/blog\/wp-json\/wp\/v2\/categories?post=4691"},{"taxonomy":"post_tag","embeddable":true,"href":"https:\/\/www.jocelyne-lopez.de\/blog\/wp-json\/wp\/v2\/tags?post=4691"}],"curies":[{"name":"wp","href":"https:\/\/api.w.org\/{rel}","templated":true}]}}