{"id":4673,"date":"2010-05-17T07:24:13","date_gmt":"2010-05-17T06:24:13","guid":{"rendered":"https:\/\/www.jocelyne-lopez.de\/blog\/?p=4673"},"modified":"2010-05-17T07:30:06","modified_gmt":"2010-05-17T06:30:06","slug":"widerspruche-der-speziellen-relativitatstheorie-werden-nicht-ausgeraumt","status":"publish","type":"post","link":"https:\/\/www.jocelyne-lopez.de\/blog\/2010\/05\/widerspruche-der-speziellen-relativitatstheorie-werden-nicht-ausgeraumt\/","title":{"rendered":"Widerspr\u00fcche der Speziellen Relativit\u00e4tstheorie werden nicht ausger\u00e4umt"},"content":{"rendered":"<p>Ich verweise auf meinen Eintrag <a href=\"https:\/\/www.jocelyne-lopez.de\/blog\/2010\/02\/dr-markus-possel-endlich-eine-eindeutige-aufklarung\/\" target=\"_blank\">Dr. Markus P\u00f6ssel: Endlich eine eindeutige Aufkl\u00e4rung<\/a>,\u00a0wonach ersichtlich ist, dass die Autoren der Relativistik sich untereinander in wesentlichen Punkten widersprechen, jedoch f\u00fcr keine \u00f6ffentliche Kl\u00e4rung bzw. Ausr\u00e4umung der Widerspr\u00fcche gesorgt wird:<\/p>\n<p>So kl\u00e4rt Dr. Markus P\u00f6ssel vom Albert Einstein Institut \u00fcber die Vermittlung vom Bundesministerium f\u00fcr Bildung und Forschung auf, dass die L\u00e4ngenkontraktion in der Speziellen Relativit\u00e4tstheorie nicht real im Sinne von materiell ist, wobei im Bildungssystem offensichtlich im Gegenteil gelehrt wird, dass sie materiell sei und zu realen physikalischen Auswirkungen und Vorhersagen f\u00fchre: Die \u00fcberwiegende Mehrheit der Anh\u00e4nger der Relativit\u00e4tstheorie in Diskussionsforen\u00a0sind davon fest \u00fcberzeugt, dass die relativistischen Effekte real und die relativistischen Vorhersagen physikalisch relevant seien. Dieser gravierende Widerspruch zwischen der Auffassung der Experten der Theorie vom Albert Einstein Institut und der Vermittlung der Theorie an Sch\u00fcler und Studenten im \u00f6ffentlichen Bildungssystem wird\u00a0totgeschwiegen.<\/p>\n<p>Dass wesentliche Widerspr\u00fcche in der Theorie nicht gekl\u00e4rt worden sind hat auch die Forschungsgruppe G.O. Mueller in seinem <a title=\"Kapitel 2, Fehler-Katalog\" href=\"http:\/\/www.ekkehard-friebe.de\/kap2.pdf\" target=\"_blank\">Kapitel 2, Fehler-Katalog<\/a>\u00a0herausgearbeitet:\u00a0<\/p>\n<p style=\"PADDING-LEFT: 60px\"><strong>S: Darstellungen \/ Fehler Nr. 1<\/strong><\/p>\n<p style=\"padding-left: 60px;\"><strong>Die Autoren der Relativistik widersprechen sich untereinander in wesentlichen Punkten, unterlassen jedoch sorgsam eine sonst \u00fcbliche Diskussion zur Kl\u00e4rung<\/strong><\/p>\n<p style=\"padding-left: 60px;\">Die wesentlichen Punkte, in denen sich die Autoren der Relativistik widersprechen, werden auch in mehreren Fehlern thematisiert; vgl. z.B. Fehler E 3 (starre oder nicht-starre K\u00f6rper), P 4 (Anschein oder Realit\u00e4t der Effekte), N 1 (Thermodynamik). \u2013 Hier geht es um die thematische Breite der Widerspr\u00fcche zwischen den Darstellungen verschiedener Autoren und um den ganz ungew\u00f6hnlichen Umgang der Relativisten mit dieser ihrer eigenen Angelegenheit: sie \u00fcbergehen sie n\u00e4mlich, in absoluter Verschwiegenheit, als ob Widerspr\u00fcche nicht vorhanden w\u00e4ren. Es ist derselbe Umgang wie mit der Kritik, nach dem Grundsatz: wor\u00fcber nicht gesprochen wird, das existiert nicht.<\/p>\n<p style=\"PADDING-LEFT: 60px\">Normalerweise w\u00fcrde wie z. B. im Falle des Fehlers E 3 (nach Albert Einstein 1905 st\u00fctzt sich die SRT auf starre K\u00f6rper, nach Max v. Laue ist die Annahme von starren K\u00f6rpern mit der SRT unvertr\u00e4glich, und dieser Widerspruch datiert erst seit v. Laues 2. Auflage 1913), der schlie\u00dflich keine Kleinigkeit betrifft, in Zeitschriftenbeitr\u00e4gen und selbst\u00e4ndigen Abhandlungen die Frage des starren K\u00f6rpers aufgegriffen. Die verschiedenen Autoren w\u00fcrden sich f\u00fcr einen der beiden Standpunkte erkl\u00e4ren, jede Seite w\u00fcrde die Konsequenzen der anderen Auffassung er\u00f6rtern und zu widerlegen versuchen, so da\u00df sich am Ende wenigsten eine klare Mehrheitsmeinung und eine Minderheitsmeinung oder sogar, im Idealfalle, ein neuer Konsens herausbilden k\u00f6nnte.<\/p>\n<p style=\"PADDING-LEFT: 60px\">Im Beispielfall ist seit 1913 nichts dergleichen geschehen. Die Autoren der Relativistikscheinen diesen grundlegenden Widerspruch (was w\u00e4re eine SRT ohne starren K\u00f6rper? Und wie sollte sie ohne ihn konstruiert werden?) nicht zu kennen oder wollen ihn nicht zur Kenntnisnehmen; er fehlt einfach in ihren Darstellungen, damit kennt ihn das breite Fachpublikum nicht, und die Kleinmeister und das fachferne Publikum haben wegen fehlender Detailkenntnis ohnehin keine Chance. Folglich k\u00f6nnen sie auch nicht wissen, warum v. Laue als ein getreuer Gefolgsmann Albert Einsteins der ersten Stunde einen so erstaunlich krassen Widerspruch in seine Monographie hineinschreibt: v. Laue argumentiert mehrfach mit der Elastizit\u00e4t der K\u00f6rper, u. a. um die L\u00e4ngenkontraktion zu erkl\u00e4ren, was f\u00fcr einen als starr angenommenen K\u00f6rper nicht gelten k\u00f6nnte. Wer also diesen Grundwiderspruch zwischen Albert Einstein und Max v. Laue er\u00f6rtern wollte, k\u00e4me nicht umhin, zugleich die Frage nach der Ursache der Effekte zu diskutieren. Er bef\u00e4nde sich mitten im Problemzentrum der Theorie, w\u00e4re mit den Widerspr\u00fcchen konfrontiert und m\u00fc\u00dfte dazu Stellung nehmen.<\/p>\n<p style=\"PADDING-LEFT: 60px\">Die ganze thematische Breite der Widerspr\u00fcche enth\u00fcllt sich jedem Leser, der auch nur mehr als zwei Darstellungen der Theorie zur Hand nimmt. Die Widerspr\u00fcche ergeben sich auch in den Passagen der Darstellungen, wo die Autoren nur Albert Einsteins Erlebnisse mit Eisenbahnz\u00fcgen nacherz\u00e4hlen. Ursache sind teils die Unf\u00e4higkeit zu korrekter Wiedergabe, teils aber auch das Bem\u00fchen, in den Eisenbahngeschichten entdeckte M\u00e4ngel oder Fehler zu berichtigen und damit die Theorie zu verbessern. Auf diese Weise entsteht als ma\u00dfgebliche Fachliteratur ein Fleckenteppich von Varianten und Versionen, und \u2013 Wunder \u00fcber Wunder \u2013 noch nie will ein Relativist diesen Fleckenteppich bemerkt haben, von den Wissenschaftshistorikern ganz zu schweigen, weil die sich ohnehin keinerlei unfromme Gedanken erlauben d\u00fcrfen, wenn sie auch k\u00fcnftighin zu Einstein-Archiven, Symposien und Relativit\u00e4ts-Kongressen eingeladen werden wollen (was andernfalls f\u00fcr sie einem Berufsverbot auf dem Felde der theoretischen Physik gleichk\u00e4me); auch der investigative, so kritische Wissenschaftsjournalismus ist noch nie f\u00fcndig geworden, sondern berichtet lieber von vertraulichen Kamingespr\u00e4chen mit den Gro\u00df-Koryph\u00e4en und den gro\u00dfartigen Ausblicken auf die Zukunft.<\/p>\n<p style=\"PADDING-LEFT: 60px\">Die Unterlassung auch der notwendigen internen Diskussion der Kl\u00e4rung bedeutet eine Behinderung der Forschung, die schon seit Jahrzehnten zur Unerkennbarkeit und Sterilit\u00e4t der Theorie gef\u00fchrt hat.<\/p>\n<p style=\"PADDING-LEFT: 60px\">Nat\u00fcrlich wissen die Relativisten, da\u00df jede Diskussion der gegenseitigen widerspr\u00fcchlichen Behauptungen jederzeit zu einer allgemeinen Kritik der Theorie f\u00fchren k\u00f6nnte, so da\u00df sie sie aus Selbsterhaltungstrieb unbedingt vermeiden m\u00fcssen. Die begr\u00fcndete Furcht vor jeglicher Kritik f\u00fchrt auf diese Weise zu einer Verhinderung auch der theorieinternen Kl\u00e4rung. So kommt zu der Unterdr\u00fcckung nach drau\u00dfen (gegen die Kritiker) eine selbst auferlegte, subtil wirkende Zensur auch nach innen (gegen die eigenen Theorieanh\u00e4nger).<\/p>\n<p style=\"PADDING-LEFT: 60px\">(G.O. Mueller)<\/p>\n<p>\u00a0<\/p>\n<p>Siehe auch mein Eintrag <a href=\"https:\/\/www.jocelyne-lopez.de\/blog\/2010\/03\/im-bildungssystem-wird-eine-falsche-auslegung-der-speziellen-relativitatstheorie-gelehrt\/\" target=\"_blank\"><strong>Im Bildungssystem wird eine falsche Auslegung der Speziellen Relativit\u00e4tstheorie gelehrt,<\/strong><\/a><strong>\u00a0<\/strong>sowie meine <a href=\"http:\/\/wissenschaftliche-physik.com\/2009\/07\/ansprache-an-das-bundesministerium-fur-bildung-und-forschung\/\" target=\"_blank\">Ansprache<\/a> an das Bundesministerium f\u00fcr Bildung und Forschung, die ignoriert wurde, obwohl ausgerechnet das Bundesministerium f\u00fcr Bildung und Forschung mir die Experten vom Albert Einstein Institut genannt hat, um Kl\u00e4rung bei wissenschaftlichem Meinungsstreit zu erhalten.<\/p>\n<p>(Jocelyne Lopez)<\/p>\n<p>&#8212;&#8212;&#8212;&#8212;&#8212;&#8212;&#8212;&#8212;&#8212;&#8212;&#8212;&#8212;&#8212;&#8211;<\/p>\n<p>Siehe auch:<br \/>\n<a href=\"https:\/\/www.jocelyne-lopez.de\/blog\/2009\/07\/irrtumer-werden-im-offentlichen-bildungssystem-seit-jahrzehnten-gelehrt\/\" target=\"_blank\">Irrt\u00fcmer werden im \u00f6ffentlichen Bildungssystem seit Jahrzehnten gelehrt <\/a><br \/>\n<a href=\"https:\/\/www.jocelyne-lopez.de\/blog\/2010\/04\/bitte-um-klarung-an-dr-markus-possel\/\" target=\"_blank\">Bitte um Kl\u00e4rung an Dr. Markus P\u00f6ssel <\/a><\/p>\n","protected":false},"excerpt":{"rendered":"<p>Ich verweise auf meinen Eintrag Dr. Markus P\u00f6ssel: Endlich eine eindeutige Aufkl\u00e4rung,\u00a0wonach ersichtlich ist, dass die Autoren der Relativistik sich untereinander in wesentlichen Punkten widersprechen, jedoch f\u00fcr keine \u00f6ffentliche Kl\u00e4rung bzw. Ausr\u00e4umung der Widerspr\u00fcche gesorgt wird: So kl\u00e4rt Dr. Markus P\u00f6ssel vom Albert Einstein Institut \u00fcber die Vermittlung vom Bundesministerium f\u00fcr Bildung und Forschung auf, [&hellip;]<\/p>\n","protected":false},"author":3,"featured_media":0,"comment_status":"closed","ping_status":"open","sticky":false,"template":"","format":"standard","meta":{"om_disable_all_campaigns":false,"_monsterinsights_skip_tracking":false,"_monsterinsights_sitenote_active":false,"_monsterinsights_sitenote_note":"","_monsterinsights_sitenote_category":0,"ngg_post_thumbnail":0,"footnotes":""},"categories":[11,13],"tags":[1335,16,1336,183,129],"class_list":["post-4673","post","type-post","status-publish","format-standard","hentry","category-go-mueller","category-kritik-der-relativitatstheorie","tag-go-mueller","tag-gom-projekt","tag-kritik-der-relativitatstheorie","tag-markus-possel","tag-prof-dr-jurgen-richter"],"aioseo_notices":[],"_links":{"self":[{"href":"https:\/\/www.jocelyne-lopez.de\/blog\/wp-json\/wp\/v2\/posts\/4673"}],"collection":[{"href":"https:\/\/www.jocelyne-lopez.de\/blog\/wp-json\/wp\/v2\/posts"}],"about":[{"href":"https:\/\/www.jocelyne-lopez.de\/blog\/wp-json\/wp\/v2\/types\/post"}],"author":[{"embeddable":true,"href":"https:\/\/www.jocelyne-lopez.de\/blog\/wp-json\/wp\/v2\/users\/3"}],"replies":[{"embeddable":true,"href":"https:\/\/www.jocelyne-lopez.de\/blog\/wp-json\/wp\/v2\/comments?post=4673"}],"version-history":[{"count":0,"href":"https:\/\/www.jocelyne-lopez.de\/blog\/wp-json\/wp\/v2\/posts\/4673\/revisions"}],"wp:attachment":[{"href":"https:\/\/www.jocelyne-lopez.de\/blog\/wp-json\/wp\/v2\/media?parent=4673"}],"wp:term":[{"taxonomy":"category","embeddable":true,"href":"https:\/\/www.jocelyne-lopez.de\/blog\/wp-json\/wp\/v2\/categories?post=4673"},{"taxonomy":"post_tag","embeddable":true,"href":"https:\/\/www.jocelyne-lopez.de\/blog\/wp-json\/wp\/v2\/tags?post=4673"}],"curies":[{"name":"wp","href":"https:\/\/api.w.org\/{rel}","templated":true}]}}