{"id":467,"date":"2008-11-03T12:39:41","date_gmt":"2008-11-03T11:39:41","guid":{"rendered":"https:\/\/www.jocelyne-lopez.de\/blog\/?p=467"},"modified":"2008-11-03T12:40:13","modified_gmt":"2008-11-03T11:40:13","slug":"austausch-mit-herrn-dr-markus-poessel-vom-02031108","status":"publish","type":"post","link":"https:\/\/www.jocelyne-lopez.de\/blog\/2008\/11\/austausch-mit-herrn-dr-markus-poessel-vom-02031108\/","title":{"rendered":"Austausch mit Herrn Dr. Markus Poessel vom 02.\/03.11.08"},"content":{"rendered":"<h3><a href=\"https:\/\/www.jocelyne-lopez.de\/blog\/?p=461\"><\/a><\/h3>\n<p>Ich erhielt im Zusammenhang mit dem <a target=\"_blank\" href=\"https:\/\/www.jocelyne-lopez.de\/blog\/?p=461\">Austausch mit Herrn Dr. Markus P\u00f6ssel von 26.10.08<\/a> folgende E-Mail-Antwort:<\/p>\n<blockquote>\n<blockquote><p><strong>Von Markus P\u00f6ssel<\/strong><strong><br \/>\n<strong>An Jocelyne Lopez<\/strong><br \/>\n<strong>Datum: 02.11.08<\/strong><br \/>\n<strong>Betr.: Re: Fragen zur Speziellen Relativit\u00e4tstheorie<\/strong><\/strong><\/p>\n<p>Sehr geehrte Frau Lopez,<\/p>\n<p>unser Briefwechsel scheint sich an dieser Stelle festgefahren zu haben.<\/p>\n<p>Wie ich Ihrer letzten E-mail entnehme, sind Sie der Meinung, ausreichende Kenntnisse in Sachen Spezielle Relativitaetstheorie zu besitzen. Meine weitergehenden Erklaerungen halten Sie daher fuer unnoetig, und Sie betrachten sie als ein Ausweichen vor Ihren konkreten Fragen.<\/p>\n<p>Ich fuer meinen Teil kann dagegen aus den inhaltlichen Aussagen in Ihren bisherigen E-mails nur schliessen, dass Sie leider nur sehr unzureichende Kenntnisse der Speziellen Relativitaetstheorie besitzen, und dass Sie insbesondere einer Reihe von Missverstaendnissen unterliegen, was die Grundlagen und Aussagen der Theorie betrifft. Auch die konkreten Fragen, die Sie stellten, sind in wesentlichen Teilen von Fehlvorstellungen darueber gepraegt, was die Theorie aussagt und was nicht; ich kann sie daher nicht sinnvoll beantworten, ohne mit den damit verknuepften Fehlvorstellungen aufzuraeumen und auf die entsprechenden Hintergruende und Grundlagen einzugehen.<\/p>\n<p>Wie gehen wir in dieser Situation am besten vor?<\/p>\n<p>Ich bin nach wie vor der Meinung, dass der Ausgangspunkt fuer eine<br \/>\nsinnvolle weitere Diskussion die Frage ist, warum Sie bezueglich der<br \/>\nRelativitaet der Laenge zwar meine Annahmen und Definitionen, aber nicht meine Schlussfolgerung akzeptieren. Ist die Relativitaet der Laenge einmal richtig verstanden, dann lassen sich aus meiner Sicht auch die Probleme bei der Formulierung Ihres Strandbeispiels und Ihre weiteren Verstaendnisprobleme bezueglich der Laengenkontraktion direkt aufloesen.<\/p>\n<p>Mit den besten Gruessen,<br \/>\nMarkus Poessel<br \/>\n<font color=\"#ffffff\">&#8212;&#8212;&#8212;-<\/font><\/p><\/blockquote>\n<\/blockquote>\n<p>Dazu meine Antwort am 03.11.08:<\/p>\n<blockquote>\n<blockquote><p><strong>Von Jocelyne Lopez<br \/>\nAn Markus P\u00f6ssel<br \/>\nDatum: 03.11.08<br \/>\nBetr.: Re: Fragen zur Speziellen Relativit\u00e4tstheorie<\/strong><\/p>\n<p>Sehr geehrter Herr Dr. P\u00f6ssel,<\/p>\n<p>Vielen Dank f\u00fcr Ihre E-Mail vom 02.11.08.<br \/>\nSie schreiben:<\/p>\n<blockquote>\n<blockquote><p>Wie ich Ihrer letzten E-mail entnehme, sind Sie der Meinung, ausreichende Kenntnisse in Sachen Spezielle Relativitaetstheorie zu besitzen.<\/p>\n<p><font color=\"#ffffff\">&#8212;<\/font><\/p><\/blockquote>\n<\/blockquote>\n<p>So ist das. Ich bin in der Tat der Meinung, ausreichende Kenntnisse in Sachen Spezielle Relativit\u00e4tstheorie durch meine jahrelange Besch\u00e4ftigung mit dieser Theorie zu besitzen. Auf jeden Fall genug Kenntnisse, um sie sinnvoll zu hinterfragen &#8211; vorausgesetzt, dass ich einen Gespr\u00e4chspartner finde, der bereit bzw. in der Lage ist, sie \u00fcberhaupt zu hinterfragen oder eine Hinterfragung zuzulassen. Hinterfragung ist ein ausgesprochen wissenschaftlicher Vorgang, das wissen Sie vielleicht. Den Eindruck kann man jedoch mit bestem Willen bei Ihnen nicht gewinnen, was sehr bedauerlich ist, wenn man in Ihrer Position als Mitarbeiter des Albert Einstein Instituts und Redakteur der Webseite \u201e<em>Einstein online<\/em>&#8220; in Anspruch nimmt, ein Publikum von naturwissenschaftlich interessierten B\u00fcrgern \u00fcber eine Theorie aufzukl\u00e4ren bzw. ihre Hinterfragung aufzunehmen. Oder sind Sie vielleicht der Meinung, dass es eine Theorie geben kann, die \u00fcber alle Kritik erhaben ist und wo keine Hinterfragung gerechtfertig sein kann?<\/p>\n<p>Sie schreiben:<\/p>\n<blockquote>\n<blockquote><p>Ich fuer meinen Teil kann dagegen aus den inhaltlichen Aussagen in Ihren bisherigen E-mails nur schliessen, dass Sie leider nur sehr unzureichende Kenntnisse der Speziellen Relativitaetstheorie besitzen, und dass Sie insbesondere einer Reihe von Missverstaendnissen unterliegen, was die Grundlagen und Aussagen der Theorie betrifft. Auch die konkreten Fragen, die Sie stellten, sind in wesentlichen Teilen von Fehlvorstellungen darueber gepraegt, was die Theorie aussagt und was nicht; ich kann sie daher nicht sinnvoll beantworten, ohne mit den damit verknuepften Fehlvorstellungen aufzuraeumen und auf die entsprechenden Hintergruende und Grundlagen einzugehen.<\/p>\n<p><font color=\"#ffffff\">&#8212;<\/font><\/p><\/blockquote>\n<\/blockquote>\n<p>Dass Sie aus meinen inhaltlichen Aussagen schlie\u00dfen, ich w\u00fcrde nur sehr unzureichende Kenntnisse der Speziellen Relativit\u00e4tstheorie besitzen, zeigt aus meiner Sicht allein Ihr Widerstreben, eine Hinterfragung dieser Theorie &#8211; womit Sie sich offensichtlich pers\u00f6nlich v\u00f6llig identifizieren &#8211; zu akzeptieren. Dies ist in meinen Augen ein schweres Defizit f\u00fcr einen Wissenschaftler, zumal meine inhaltlichen Aussagen zum \u00fcberwiegenden Teil nicht direkt von mir stammen, sondern von einer gro\u00dfen Anzahl von hoch qualifizierten Kollegen von Ihnen, die diese Theorie weltweit seit \u00fcber 100 Jahren untersuchen und kritisieren. Sie sagten mir, Sie haben sich \u201e<em>bereits vor laengerer Zeit sowohl mit der historischen Rezeptionsgeschichte der Relativitaetstheorie als auch mit den Thesen zeitgenoessischer Relativitaetskritiker auseinandergesetzt<\/em>&#8222;. Vor dem Hintergrund Ihres offensichtlichen Unverst\u00e4ndnisses meiner Hinterfragung &#8211; ausgerechnet bei den Zentralaussagen der Theorie und bei den Kernfragen der Kritik &#8211; kann ich \u00fcberhaupt nicht den Eindruck gewinnen, dass Sie sich tats\u00e4chlich mit den Thesen der Relativit\u00e4tskritiker auseinandergesetzt haben. Ich empfehle Ihnen daher noch einmal, sich zum Beispiel mit der umfassenden und einmaligen Dokumentation der Forschungsgruppe G.O. Mueller eingehend zu befassen, die die Kritik der Relativit\u00e4tstheorie weltweit seit 95 Jahren dokumentiert, mit Nachweis von 3789 kritischen Arbeiten von ca. 1300 Autoren (von Professoren, Doktoren, Ingenieuren, Technikern, Philosophen, Lehrern, Gelehrten und sogar Nobelpreistr\u00e4gern):<\/p>\n<p><strong><a target=\"_blank\" href=\"http:\/\/www.ekkehard-friebe.de\/buch.pdf\">G. O. Mueller<br \/>\n<\/a><\/strong><a target=\"_blank\" href=\"http:\/\/www.ekkehard-friebe.de\/buch.pdf\"><strong>\u00dcber die absolute Gr\u00f6\u00dfe der Speziellen Relativit\u00e4tstheorie<\/strong><strong><br \/>\n<\/strong><strong>Ein dokumentarisches Gedankenexperiment \u00fcber 95 Jahre Kritik (1908-2003)<\/strong><\/a><strong>\u00a0<\/strong><strong><a target=\"_blank\" href=\"http:\/\/www.ekkehard-friebe.de\/buch.pdf\">mit Nachweis von 3789 kritischen Arbeiten<\/a>\u00a0&#8211; <a target=\"_blank\" href=\"http:\/\/www.ekkehard-friebe.de\/buch.pdf\">Textversion 1.2 Juni 2004<\/a><br \/>\n<\/strong><br \/>\n<a target=\"_blank\" href=\"http:\/\/www.ekkehard-friebe.de\/kap0.pdf\">Kapitel 0: <strong>\u00dcber die absolute Gr\u00f6\u00dfe der Speziellen Relativit\u00e4tstheorie<\/strong><\/a><br \/>\n<a target=\"_blank\" href=\"http:\/\/www.ekkehard-friebe.de\/kap1.pdf\">Kapitel 1: <strong>Einleitung (Das Selbstbildnis der Relativistik usw.)<\/strong><\/a><br \/>\n<a target=\"_blank\" href=\"http:\/\/www.ekkehard-friebe.de\/kap2.pdf\">Kapitel 2: <strong>Fehler-Katalog zu beiden Relativit\u00e4tstheorien<\/strong><\/a><u> <\/u><br \/>\n<a target=\"_blank\" href=\"http:\/\/www.ekkehard-friebe.de\/kap3.pdf\">Kapitel 3: <strong>Das Relativit\u00e4tsm\u00e4rchen und die Fakten<\/strong><\/a><u> <\/u><br \/>\n<a target=\"_blank\" href=\"http:\/\/www.ekkehard-friebe.de\/kap4.pdf\">Kapitel 4: <strong>Dokumentation der kritischen Ver\u00f6ffentlichungen<\/strong><\/a><br \/>\n<a target=\"_blank\" href=\"http:\/\/www.ekkehard-friebe.de\/kap5.pdf\">Kapitel 5: <strong>Kritische Monographien und Sammelwerke<\/strong><\/a><br \/>\n<a target=\"_blank\" href=\"http:\/\/www.ekkehard-friebe.de\/kap6.pdf\">Kapitel 6: <strong>Zeitschriften u. a. mit ihren kritischen Aufs\u00e4tzen<\/strong><\/a><br \/>\n<a target=\"_blank\" href=\"http:\/\/www.ekkehard-friebe.de\/kap7.pdf\">Kapitel 7: <strong>Chronologie s\u00e4mtlicher kritischer Ver\u00f6ffentlichungen<\/strong><\/a><u> <\/u><br \/>\n<a target=\"_blank\" href=\"http:\/\/www.ekkehard-friebe.de\/kap8.pdf\">Kapitel 8: <strong>Kritische Ver\u00f6ffentlichungen nach Sprachen<\/strong><\/a><\/p>\n<p>Oder w\u00fcrden Sie vielleicht behaupten, dass auch diese zahlreichen und hoch qualifizierten Autoren \u201e<em>leider nur sehr unzureichende Kenntnisse der Speziellen Relativitaetstheorie besitzen, und dass [sie] insbesondere einer Reihe von Missverstaendnissen unterliegen, was die Grundlagen und Aussagen der Theorie betrifft<\/em>&#8222;?<\/p>\n<p>Sie schreiben:<\/p>\n<blockquote>\n<blockquote><p>Meine weitergehenden Erklaerungen halten Sie daher fuer unnoetig, und Sie betrachten sie als ein Ausweichen vor Ihren konkreten Fragen.<br \/>\nWie gehen wir in dieser Situation am besten vor?<\/p>\n<p><font color=\"#ffffff\">&#8212;<\/font><\/p><\/blockquote>\n<\/blockquote>\n<p>Ich schlage vor, dass Sie am besten meinen Fragen nicht weiter ausweichen, und dass Sie endlich gezielte Antworten zu meinen gezielten Fragen geben.<\/p>\n<p>Mit freundlichen Gr\u00fc\u00dfen<br \/>\nJocelyne Lopez<\/p><\/blockquote>\n<\/blockquote>\n<blockquote>\n<blockquote><\/blockquote>\n<\/blockquote>\n","protected":false},"excerpt":{"rendered":"<p>Ich erhielt im Zusammenhang mit dem Austausch mit Herrn Dr. Markus P\u00f6ssel von 26.10.08 folgende E-Mail-Antwort: Von Markus P\u00f6ssel An Jocelyne Lopez Datum: 02.11.08 Betr.: Re: Fragen zur Speziellen Relativit\u00e4tstheorie Sehr geehrte Frau Lopez, unser Briefwechsel scheint sich an dieser Stelle festgefahren zu haben. Wie ich Ihrer letzten E-mail entnehme, sind Sie der Meinung, ausreichende [&hellip;]<\/p>\n","protected":false},"author":3,"featured_media":0,"comment_status":"closed","ping_status":"open","sticky":false,"template":"","format":"standard","meta":{"om_disable_all_campaigns":false,"_monsterinsights_skip_tracking":false,"_monsterinsights_sitenote_active":false,"_monsterinsights_sitenote_note":"","_monsterinsights_sitenote_category":0,"ngg_post_thumbnail":0,"footnotes":""},"categories":[11,13],"tags":[39,28,16,357,1336,183,258],"class_list":["post-467","post","type-post","status-publish","format-standard","hentry","category-go-mueller","category-kritik-der-relativitatstheorie","tag-dr-markus-possel","tag-forschungsgruppe-go-mueller","tag-gom-projekt","tag-jahr-der-mathematik","tag-kritik-der-relativitatstheorie","tag-markus-possel","tag-relativitatstheorie"],"aioseo_notices":[],"_links":{"self":[{"href":"https:\/\/www.jocelyne-lopez.de\/blog\/wp-json\/wp\/v2\/posts\/467"}],"collection":[{"href":"https:\/\/www.jocelyne-lopez.de\/blog\/wp-json\/wp\/v2\/posts"}],"about":[{"href":"https:\/\/www.jocelyne-lopez.de\/blog\/wp-json\/wp\/v2\/types\/post"}],"author":[{"embeddable":true,"href":"https:\/\/www.jocelyne-lopez.de\/blog\/wp-json\/wp\/v2\/users\/3"}],"replies":[{"embeddable":true,"href":"https:\/\/www.jocelyne-lopez.de\/blog\/wp-json\/wp\/v2\/comments?post=467"}],"version-history":[{"count":0,"href":"https:\/\/www.jocelyne-lopez.de\/blog\/wp-json\/wp\/v2\/posts\/467\/revisions"}],"wp:attachment":[{"href":"https:\/\/www.jocelyne-lopez.de\/blog\/wp-json\/wp\/v2\/media?parent=467"}],"wp:term":[{"taxonomy":"category","embeddable":true,"href":"https:\/\/www.jocelyne-lopez.de\/blog\/wp-json\/wp\/v2\/categories?post=467"},{"taxonomy":"post_tag","embeddable":true,"href":"https:\/\/www.jocelyne-lopez.de\/blog\/wp-json\/wp\/v2\/tags?post=467"}],"curies":[{"name":"wp","href":"https:\/\/api.w.org\/{rel}","templated":true}]}}