{"id":4659,"date":"2010-05-02T19:33:51","date_gmt":"2010-05-02T18:33:51","guid":{"rendered":"https:\/\/www.jocelyne-lopez.de\/blog\/?p=4659"},"modified":"2010-05-02T19:38:41","modified_gmt":"2010-05-02T18:38:41","slug":"unterdruckung-der-kritik-der-relativitatstheorie-eine-einfache-losung","status":"publish","type":"post","link":"https:\/\/www.jocelyne-lopez.de\/blog\/2010\/05\/unterdruckung-der-kritik-der-relativitatstheorie-eine-einfache-losung\/","title":{"rendered":"Unterdr\u00fcckung der Kritik der Relativit\u00e4tstheorie: Eine einfache L\u00f6sung"},"content":{"rendered":"<p>Ich verweise auf meinen Eintrag<strong> <a href=\"https:\/\/www.jocelyne-lopez.de\/blog\/2010\/04\/das-grundgesetz-schreibt-die-lehre-der-kritik-in-den-universitaten-vor\/\" target=\"_blank\">Das Grundgesetz schreibt die Lehre der Kritik in den Universit\u00e4ten vor <\/a><\/strong>und auf einen weiteren Austausch im Thread <a href=\"http:\/\/www.mahag.com\/neufor\/viewtopic.php?f=15&amp;t=272#p12006#p12006\" target=\"_blank\">Einzug der Kritik der RT in die Universit\u00e4ten<\/a> im MAHAG-Forum:<\/p>\n<p>\u00a0\u00a0<\/p>\n<p><a href=\"http:\/\/www.mahag.com\/neufor\/viewtopic.php?f=15&amp;t=272&amp;start=70#p13444\" target=\"_blank\">28.04.10 \u2013 Zitat von Gerhard Kemme<\/a>:<\/p>\n<p>Es ging um Lehrb\u00fccher f\u00fcr Schule oder Uni &#8211; und wenn ein solches Werk sich mit der Kritik der Relativit\u00e4tstheorie auseinandersetzt, dann muss das auch auf dem Buchtitel stehen. Wir sollten hier auch einfach ber\u00fccksichtigen, was in menschlichen Gesellschaft \u00fcblich ist, ein Thema, welches die real Machthabenden nicht wollen, wird systematisch von den Medien fern gehalten. Erst, wenn das Thema &#8222;freigegeben&#8220; ist, kann es als Buch \u00fcberhaupt ver\u00f6ffentlicht werden, wobei es dann noch ein weiter Weg ist, bis es die Anerkennung als Lehrbuch f\u00fcr Schule oder Uni findet.<br \/>\n[&#8230;]<br \/>\nWenn RT-Kritik Thema sein darf und es auch Lehrst\u00fchle geben w\u00fcrde, die Lehrveranstaltungen dazu anbieten, dann w\u00e4ren auch Verlage daran interessiert. Man k\u00f6nnte sich ja vorstellen, dass &#8222;von und zu meine Wenigkeit&#8220; ein Lehrbuch der RT-Kritik schreibt &#8211; und sich dabei am GOM-Buch orientiert &#8211; dann l\u00e4uft es &#8211; wenn \u00fcberhaupt m\u00f6glich im Selbstverlag oder bei einem Druckkostenzuschuss-Verlag, d.h. man sitzt als Autor eventuell &#8211; wenn das B\u00fcchlein 250 Seiten hat &#8211; mindestens 3000 Stunden an einem solchen Buch und kriegt nicht einen Cent, d.h. das Thema m\u00fcsste an anderer Stelle freigeschaltet sein, dass sich auch Verlage daf\u00fcr interessieren oder man das Buch zumindesten mit etwas Erfolg den Fachbereichen anbieten kann.<\/p>\n<p>\u00a0<\/p>\n<p><a href=\"http:\/\/www.mahag.com\/neufor\/viewtopic.php?f=15&amp;t=272&amp;start=80#p13463\" target=\"_blank\">29.04.10 \u2013 Zitat von Jocelyne Lopez<\/a>:<\/p>\n<p>Das ist meiner Meinung nach der springende Punkt: Erst wenn das Thema nicht mehr Tabu und in den Unis offiziell \u201e<em>freigegeben<\/em>\u201c w\u00e4re, w\u00fcrde sich das Problem der Unterdr\u00fcckung der Kritik der Relativit\u00e4tstheorie und der Diskriminierung ihrer\u00a0Kritiker ganz von allein im Selbstgang l\u00f6sen: Etablierte Verlage w\u00fcrden kritische B\u00fccher drucken, kritische B\u00fccher k\u00f6nnten als Schulb\u00fccher den Sch\u00fclern und Studenten empfohlen werden, sowie in allen Uni-Bibliotheken zu finden sein, kritische Autoren k\u00f6nnten zu Gastvortr\u00e4gen bei Seminaren eingeladen werden, kritische Thesen w\u00fcrden von der etablierten wissenschaftlichen Presse behandelt werden, Experimente von Kritikern w\u00fcrden in den Unis vorgestellt, vorgef\u00fchrt oder wiederholt werden, die \u00f6ffentliche Diffamierung und die Hetze gegen die Privatperson von Kritikern w\u00fcrde verp\u00f6nt sein und aufh\u00f6ren. Die theoretische Physik w\u00fcrde sich auf einmal im Selbstgang sanieren und ein normaler wissenschaftlicher Betrieb sich von allein einstellen. Das Problem der Unterdr\u00fcckung der Kritik der Relativit\u00e4tstheorie und der Diffamierung ihrer Kritiker ist also \u00e4u\u00dferst einfach und kosteng\u00fcnstig zu l\u00f6sen: Das Thema muss lediglich\u00a0in den Unis \u201e<em>freigegeben<\/em>\u201c werden.<\/p>\n<p>Es gibt laut dem Direktor vom Albert Einstein Institut <a href=\"https:\/\/www.jocelyne-lopez.de\/blog\/2008\/02\/hinter-der-glanzpapier-fassade-liegt-die-relativitatstheorie-schon-am-tropf\/\" target=\"_blank\">Prof. Dr. Hermann Nicolai<\/a> gegenw\u00e4rtig \u201e<em>zwei C4 (W3) Professuren an deutschen Universit\u00e4ten<\/em>\u201c f\u00fcr die Relativit\u00e4tstheorie. Man sollte also genau gleichberechtigt zwei C4 (W3) Professuren mit allem, was dazu geh\u00f6rt, f\u00fcr die Lehre der Kritik der Relativit\u00e4tstheorie ausschreiben, und die Sache ist geregelt. Eine kosteng\u00fcnstige und sachgerechte L\u00f6sung, die jedem nur Recht sein kann. Nur fanatischen und dogmatischen Relativisten k\u00f6nnten bei dieser Vorstellung auf die Palme gehen und tollw\u00fctig werden.<\/p>\n<p>\u00a0\u00a0<\/p>\n<p><a href=\"http:\/\/www.mahag.com\/neufor\/viewtopic.php?f=15&amp;t=272&amp;start=80#p13465\" target=\"_blank\">29.04.10 \u2013 Zitat von Mirko<\/a>:<\/p>\n<p>Was nur zeigt, wie wenig wichtig das Thema insgesamt eigentlich ist.<\/p>\n<p>\u00a0<\/p>\n<p><a href=\"http:\/\/www.mahag.com\/neufor\/viewtopic.php?f=15&amp;t=272&amp;start=80#p13466\" target=\"_blank\">29.04.10 \u2013 Zitat von Jocelyne Lopez<\/a>:<\/p>\n<p>hmm&#8230; w\u00fcrde ich nicht sagen&#8230;\u00a0 Allein den Schutz der Grundrechte einer Minderheit von andersdenkenden B\u00fcrgern kann man nicht als &#8222;<em>wenig wichtig<\/em>&#8220; einstufen, sondern im Gegenteil gem\u00e4\u00df Grundgesetz sehr wohl als sehr wichtig:\u00a0<\/p>\n<p style=\"padding-left: 60px;\"><strong>Grundgesetz Art. 1 &#8211; \u00a7 1<\/strong>:<\/p>\n<p style=\"padding-left: 60px;\">Die W\u00fcrde des Menschen ist unantastbar.<br \/>\nSie zu achten und zu sch\u00fctzen ist Verpflichtung aller staatlichen Gewalt.<\/p>\n<p>Dann geht es auch im Forschungsbereich um die Verteilung von Summen aus der Steuerkasse in Millionen und Milliardenh\u00f6hen.<\/p>\n<p>\u00a0<\/p>\n<p>\u00a0<\/p>\n<p>&#8212;&#8212;&#8212;&#8212;&#8212;&#8212;&#8212;<\/p>\n<p>Siehe auch:<\/p>\n<p><a rel=\"bookmark\" href=\"https:\/\/www.jocelyne-lopez.de\/blog\/2010\/04\/der-staat-mus-gemas-grundgesetz-auf-die-lehrinhalte-einflus-nehmen\/\" target=\"_blank\">Der Staat mu\u00df gem\u00e4\u00df Grundgesetz auf die Lehrinhalte Einflu\u00df nehmen<br \/>\n<\/a><a href=\"https:\/\/www.jocelyne-lopez.de\/blog\/2010\/03\/verantwortung-fur-die-universitare-ausbildung-ubernehmen\/\" target=\"_blank\">Verantwortung f\u00fcr die universit\u00e4re Ausbildung \u00fcbernehmen! <\/a><br \/>\n<strong><a href=\"https:\/\/www.jocelyne-lopez.de\/blog\/2010\/04\/das-offentliche-bildungssystem-ist-keine-private-veranstaltung\/\" target=\"_blank\">Das \u00f6ffentliche Bildungssystem ist keine private Veranstaltung <\/a><\/strong><\/p>\n","protected":false},"excerpt":{"rendered":"<p>Ich verweise auf meinen Eintrag Das Grundgesetz schreibt die Lehre der Kritik in den Universit\u00e4ten vor und auf einen weiteren Austausch im Thread Einzug der Kritik der RT in die Universit\u00e4ten im MAHAG-Forum: \u00a0\u00a0 28.04.10 \u2013 Zitat von Gerhard Kemme: Es ging um Lehrb\u00fccher f\u00fcr Schule oder Uni &#8211; und wenn ein solches Werk sich [&hellip;]<\/p>\n","protected":false},"author":3,"featured_media":0,"comment_status":"closed","ping_status":"open","sticky":false,"template":"","format":"standard","meta":{"om_disable_all_campaigns":false,"_monsterinsights_skip_tracking":false,"_monsterinsights_sitenote_active":false,"_monsterinsights_sitenote_note":"","_monsterinsights_sitenote_category":0,"ngg_post_thumbnail":0,"footnotes":""},"categories":[13],"tags":[16,1336],"class_list":["post-4659","post","type-post","status-publish","format-standard","hentry","category-kritik-der-relativitatstheorie","tag-gom-projekt","tag-kritik-der-relativitatstheorie"],"aioseo_notices":[],"_links":{"self":[{"href":"https:\/\/www.jocelyne-lopez.de\/blog\/wp-json\/wp\/v2\/posts\/4659"}],"collection":[{"href":"https:\/\/www.jocelyne-lopez.de\/blog\/wp-json\/wp\/v2\/posts"}],"about":[{"href":"https:\/\/www.jocelyne-lopez.de\/blog\/wp-json\/wp\/v2\/types\/post"}],"author":[{"embeddable":true,"href":"https:\/\/www.jocelyne-lopez.de\/blog\/wp-json\/wp\/v2\/users\/3"}],"replies":[{"embeddable":true,"href":"https:\/\/www.jocelyne-lopez.de\/blog\/wp-json\/wp\/v2\/comments?post=4659"}],"version-history":[{"count":0,"href":"https:\/\/www.jocelyne-lopez.de\/blog\/wp-json\/wp\/v2\/posts\/4659\/revisions"}],"wp:attachment":[{"href":"https:\/\/www.jocelyne-lopez.de\/blog\/wp-json\/wp\/v2\/media?parent=4659"}],"wp:term":[{"taxonomy":"category","embeddable":true,"href":"https:\/\/www.jocelyne-lopez.de\/blog\/wp-json\/wp\/v2\/categories?post=4659"},{"taxonomy":"post_tag","embeddable":true,"href":"https:\/\/www.jocelyne-lopez.de\/blog\/wp-json\/wp\/v2\/tags?post=4659"}],"curies":[{"name":"wp","href":"https:\/\/api.w.org\/{rel}","templated":true}]}}