{"id":4600,"date":"2010-01-12T11:42:59","date_gmt":"2010-01-12T10:42:59","guid":{"rendered":"https:\/\/www.jocelyne-lopez.de\/blog\/?p=4600"},"modified":"2010-01-12T18:11:52","modified_gmt":"2010-01-12T17:11:52","slug":"wie-lange-wollen-wir-uns-mit-dem-kaspartheater-der-relativitatstheorie-fur-dumm-verkaufen-lassen","status":"publish","type":"post","link":"https:\/\/www.jocelyne-lopez.de\/blog\/2010\/01\/wie-lange-wollen-wir-uns-mit-dem-kaspartheater-der-relativitatstheorie-fur-dumm-verkaufen-lassen\/","title":{"rendered":"Wie lange wollen wir uns mit dem Kaspertheater der Relativit\u00e4tstheorie f\u00fcr dumm verkaufen lassen?"},"content":{"rendered":"<p>W\u00e4hrend Albert Einstein bei der Bestimmung <a href=\"https:\/\/www.jocelyne-lopez.de\/blog\/2010\/01\/wie-man-mit-albert-einstein-gleichzeitig-15-jahre-und-20-jahre-alter-wird\/\" target=\"_blank\">des Alters von Menschen<\/a>\u00a0wohl v\u00f6llig am Schwimmen ist und seine eigene Theorie leider nicht versteht, da er die relativistischen Effekte als materiell ansieht, obwohl sie vom Albert Einstein Institut in Potsdam\u00a02008 als <a href=\"https:\/\/www.jocelyne-lopez.de\/blog\/2009\/06\/hat-dr-markus-possel-die-spezielle-relativitatstheorie-zum-fall-gebracht\/\" target=\"_blank\">nicht materiell erkl\u00e4rt wurden<\/a>, bittesch\u00f6n, und w\u00e4hrend Max Born uns einreden will, dass wir uns mit dem langsameren Altern des reisenden Zwillings ohne &#8222;<em>Deutelei&#8220;<\/em> <a href=\"https:\/\/www.jocelyne-lopez.de\/blog\/2010\/01\/zwillingsparadoxon-einstein-glaubte-fest-an-unsinn-max-born-fand-sich-damit-ab\/\" target=\"_blank\">abzufinden haben<\/a>, weil die Erde auch keine Scheibe ist und es Antipoden gibt, bittesch\u00f6n \u2013 l\u00e4sst der Autor Jay Orear die Grundlage der modernen Physik im Bildungssystem \u00fcben und die Zukunft vor der Vergangenheit ablaufen, bittesch\u00f6n:\u00a0<\/p>\n<p style=\"padding-left: 60px;\">\u201eBei geeigneter Wahl der Beobachtergeschwindigkeit k\u00f6nnen in solchen F\u00e4llen Ereignisse der \u201eZukunft\u201c vor den Ereignissen der \u201eVergangenheit\u201c ablaufen.\u201c\u00a0<\/p>\n<p style=\"padding-left: 60px;\">J. Orear: Programmiertes \u00dcbungsbuch zu den Grundlagen der modernen Physik. 1975. S. 181.<\/p>\n<p style=\"padding-left: 60px;\">(zitiert von G.O. Mueller, Kap. 3,\u00a0<a href=\"http:\/\/www.ekkehard-friebe.de\/kap3.pdf\" target=\"_blank\">Das Relativit\u00e4tsm\u00e4rchen und die Fakten<\/a>)<\/p>\n<p>\u00a0<\/p>\n<p>Die Frage ist nur: Wie lange sollen wir uns noch mit \u00a0diesem Kaspar-Theater der Speziellen Relativit\u00e4tstheorie f\u00fcr dumm verkaufen lassen?\u00a0<\/p>\n<p>(Jocelyne Lopez)<\/p>\n","protected":false},"excerpt":{"rendered":"<p>W\u00e4hrend Albert Einstein bei der Bestimmung des Alters von Menschen\u00a0wohl v\u00f6llig am Schwimmen ist und seine eigene Theorie leider nicht versteht, da er die relativistischen Effekte als materiell ansieht, obwohl sie vom Albert Einstein Institut in Potsdam\u00a02008 als nicht materiell erkl\u00e4rt wurden, bittesch\u00f6n, und w\u00e4hrend Max Born uns einreden will, dass wir uns mit dem [&hellip;]<\/p>\n","protected":false},"author":3,"featured_media":0,"comment_status":"closed","ping_status":"open","sticky":false,"template":"","format":"standard","meta":{"om_disable_all_campaigns":false,"_monsterinsights_skip_tracking":false,"_monsterinsights_sitenote_active":false,"_monsterinsights_sitenote_note":"","_monsterinsights_sitenote_category":0,"ngg_post_thumbnail":0,"footnotes":""},"categories":[13],"tags":[1335,16,636,1336],"class_list":["post-4600","post","type-post","status-publish","format-standard","hentry","category-kritik-der-relativitatstheorie","tag-go-mueller","tag-gom-projekt","tag-jay-orear","tag-kritik-der-relativitatstheorie"],"aioseo_notices":[],"_links":{"self":[{"href":"https:\/\/www.jocelyne-lopez.de\/blog\/wp-json\/wp\/v2\/posts\/4600"}],"collection":[{"href":"https:\/\/www.jocelyne-lopez.de\/blog\/wp-json\/wp\/v2\/posts"}],"about":[{"href":"https:\/\/www.jocelyne-lopez.de\/blog\/wp-json\/wp\/v2\/types\/post"}],"author":[{"embeddable":true,"href":"https:\/\/www.jocelyne-lopez.de\/blog\/wp-json\/wp\/v2\/users\/3"}],"replies":[{"embeddable":true,"href":"https:\/\/www.jocelyne-lopez.de\/blog\/wp-json\/wp\/v2\/comments?post=4600"}],"version-history":[{"count":0,"href":"https:\/\/www.jocelyne-lopez.de\/blog\/wp-json\/wp\/v2\/posts\/4600\/revisions"}],"wp:attachment":[{"href":"https:\/\/www.jocelyne-lopez.de\/blog\/wp-json\/wp\/v2\/media?parent=4600"}],"wp:term":[{"taxonomy":"category","embeddable":true,"href":"https:\/\/www.jocelyne-lopez.de\/blog\/wp-json\/wp\/v2\/categories?post=4600"},{"taxonomy":"post_tag","embeddable":true,"href":"https:\/\/www.jocelyne-lopez.de\/blog\/wp-json\/wp\/v2\/tags?post=4600"}],"curies":[{"name":"wp","href":"https:\/\/api.w.org\/{rel}","templated":true}]}}