{"id":4580,"date":"2009-12-04T06:58:33","date_gmt":"2009-12-04T05:58:33","guid":{"rendered":"https:\/\/www.jocelyne-lopez.de\/blog\/?p=4580"},"modified":"2009-12-04T06:59:52","modified_gmt":"2009-12-04T05:59:52","slug":"die-spezielle-relativitatstheorie-wird-nicht-widerlegt-sie-wird-entsorgt","status":"publish","type":"post","link":"https:\/\/www.jocelyne-lopez.de\/blog\/2009\/12\/die-spezielle-relativitatstheorie-wird-nicht-widerlegt-sie-wird-entsorgt\/","title":{"rendered":"Die Spezielle Relativit\u00e4tstheorie wird nicht widerlegt, sie wird entsorgt"},"content":{"rendered":"<p>Um wieder einmal meine pers\u00f6nlichen Motivationen bei meinem Einsatz klarzustellen: Ich w\u00fcnsche mir, dass die weltweite Kritik an der Speziellen Relativit\u00e4tstheorie seit 100 Jahren &#8211; durch Wissenschaftler, die nicht selten um ein Vielfaches fachlich qualifizierter sind als all die Anh\u00e4nger der Relativit\u00e4tstheorie zusammen, die man in der Forenlandschaft trifft &#8211; offen, frei und vor allem angstfrei vorgetragen wird, und ich w\u00fcnsche mir, dass die etablierte Physik und das Bildungs- und Forschungssystem sich mit der Kritik besch\u00e4ftigen und auseinandersetzen. Diesen Wunsch \u00a0halte ich f\u00fcr wissenschaftlich, legitim und moralisch.<\/p>\n<p>Dar\u00fcber hinaus vertrete ich schon lange die Auffassung &#8211; und das habe ich auch \u00f6fter geschrieben &#8211; dass kein Mensch je die Spezielle Relativit\u00e4tstheorie widerlegen wird, weil diese Theorie durch ihre Absurdit\u00e4t, ihre Unhaltbarkeit und ihre Irrelevanz sich selbst prinzipiell widerlegt. Es gibt also keinen Nobelpreis und keinen Ruhm f\u00fcr die Widerlegung der SRT zu vergeben. Die SRT wird nicht widerlegt, <strong>sie wird entsorgt<\/strong>. Und diese Entsorgung kann und wird nicht durch einen einzigen Mensch geschehen, sondern durch viele Menschen zusammen, und nicht nur durch Physiker und andere Wissenschaftler, sondern durch die Zusammenwirkung von vielen Menschen, \u00a0aus allen Bereichen der Gesellschaft und auch international. Die theoretische Physik ist ja seit 100 Jahren nicht in der Lage, sich selbst zu bereinigen und das Ding zu entsorgen. Das wird mit der entscheidenden Mitwirkung von Au\u00dfenseitern geschehen. Siehe zum Beispiel im Blog der GFWP die Auffassung eines Jura-Experten \u00fcber die Behandlung von \u201e<em><a href=\"http:\/\/wissenschaftliche-physik.com\/2009\/11\/was-sagen-die-jura-experten-zur-rechtlichen-untersuchung-von-%e2%80%9elug-und-trug-in-den-wissenschaften%e2%80%9c\/\" target=\"_blank\">Lug und Trug in den Wissenschaften<\/a><\/em>\u201c, wozu die Spezielle Relativit\u00e4tstheorie mit absoluter Sicherheit geh\u00f6rt:\u00a0<\/p>\n<p style=\"padding-left: 60px;\">Dahinter steht die Erkenntnis, die der Wissenschaftshistoriker Michael Hagner treffend auf den Punkt gebracht hat: \u201e<em>Die soziokulturelle Brisanz von Betrug und F\u00e4lschung besteht schlicht darin, dass wenn die Naturwissenschaften dieses Problem nicht in absehbarer Zeit von innen heraus l\u00f6sen k\u00f6nnen, dann werden es andere f\u00fcr sie tun<\/em>\u201c.<br \/>\n(Prof. Dr. Martin Schulte)<\/p>\n<p>\u00a0<\/p>\n<p>(Jocelyne Lopez)<\/p>\n","protected":false},"excerpt":{"rendered":"<p>Um wieder einmal meine pers\u00f6nlichen Motivationen bei meinem Einsatz klarzustellen: Ich w\u00fcnsche mir, dass die weltweite Kritik an der Speziellen Relativit\u00e4tstheorie seit 100 Jahren &#8211; durch Wissenschaftler, die nicht selten um ein Vielfaches fachlich qualifizierter sind als all die Anh\u00e4nger der Relativit\u00e4tstheorie zusammen, die man in der Forenlandschaft trifft &#8211; offen, frei und vor allem [&hellip;]<\/p>\n","protected":false},"author":3,"featured_media":0,"comment_status":"closed","ping_status":"open","sticky":false,"template":"","format":"standard","meta":{"om_disable_all_campaigns":false,"_monsterinsights_skip_tracking":false,"ngg_post_thumbnail":0,"footnotes":""},"categories":[13],"tags":[166,1336,314],"class_list":["post-4580","post","type-post","status-publish","format-standard","hentry","category-kritik-der-relativitatstheorie","tag-gfwp","tag-kritik-der-relativitatstheorie","tag-prof-dr-martin-schulte"],"aioseo_notices":[],"_links":{"self":[{"href":"https:\/\/www.jocelyne-lopez.de\/blog\/wp-json\/wp\/v2\/posts\/4580"}],"collection":[{"href":"https:\/\/www.jocelyne-lopez.de\/blog\/wp-json\/wp\/v2\/posts"}],"about":[{"href":"https:\/\/www.jocelyne-lopez.de\/blog\/wp-json\/wp\/v2\/types\/post"}],"author":[{"embeddable":true,"href":"https:\/\/www.jocelyne-lopez.de\/blog\/wp-json\/wp\/v2\/users\/3"}],"replies":[{"embeddable":true,"href":"https:\/\/www.jocelyne-lopez.de\/blog\/wp-json\/wp\/v2\/comments?post=4580"}],"version-history":[{"count":0,"href":"https:\/\/www.jocelyne-lopez.de\/blog\/wp-json\/wp\/v2\/posts\/4580\/revisions"}],"wp:attachment":[{"href":"https:\/\/www.jocelyne-lopez.de\/blog\/wp-json\/wp\/v2\/media?parent=4580"}],"wp:term":[{"taxonomy":"category","embeddable":true,"href":"https:\/\/www.jocelyne-lopez.de\/blog\/wp-json\/wp\/v2\/categories?post=4580"},{"taxonomy":"post_tag","embeddable":true,"href":"https:\/\/www.jocelyne-lopez.de\/blog\/wp-json\/wp\/v2\/tags?post=4580"}],"curies":[{"name":"wp","href":"https:\/\/api.w.org\/{rel}","templated":true}]}}