{"id":4557,"date":"2010-04-09T06:49:41","date_gmt":"2010-04-09T05:49:41","guid":{"rendered":"https:\/\/www.jocelyne-lopez.de\/blog\/?p=4557"},"modified":"2010-04-09T06:58:07","modified_gmt":"2010-04-09T05:58:07","slug":"prof-dr-christoph-markschies-das-freie-wort-ist-fur-eine-universitat-und-gesellschaft-essentiell","status":"publish","type":"post","link":"https:\/\/www.jocelyne-lopez.de\/blog\/2010\/04\/prof-dr-christoph-markschies-das-freie-wort-ist-fur-eine-universitat-und-gesellschaft-essentiell\/","title":{"rendered":"Prof. Dr. Christoph Markschies: Das freie Wort ist f\u00fcr eine Universit\u00e4t und Gesellschaft essentiell"},"content":{"rendered":"<p>Ich komme auf meinen Eintrag <a href=\"https:\/\/www.jocelyne-lopez.de\/blog\/2009\/11\/g-o-mueller-die-konkreten-folgen-der-unfreiheit-in-der-theoretischen-physik\/\" target=\"_blank\">Die konkreten Folgen der Unfreiheit in der theoretischen Physik <\/a>zur\u00fcck und zitiere\u00a0weiter aus dem Brief von G.O. Mueller vom M\u00e4rz 2007 <a href=\"http:\/\/www.ekkehard-friebe.de\/01_professoren_berlin_dresden.pdf\" target=\"_blank\">an 100 Professoren der Humboldt-Universit\u00e4t Berlin und an 100 Professoren der Technischen Universit\u00e4t Dresden:\u00a0<\/a>\u00a0<\/p>\n<p style=\"padding-left: 60px;\">\u00a0<br \/>\n<strong>HU-Pr\u00e4sident : \u201cdas freie Wort [ist] f\u00fcr eine Universit\u00e4t und Gesellschaft essentiell\u201d<\/strong>\n<\/p>\n<p style=\"padding-left: 60px;\">Der Pr\u00e4sident der Humboldt-Universit\u00e4t, Herr Professor Markschies, hat am 19.2.07 im TAGESSPIEGEL unter dem Titel <strong>\u201c<\/strong><em><strong>Freiheit<\/strong><\/em>\u201d einen Beitrag ver\u00f6ffentlicht, aus dem wir im folgenden auszugsweise zitieren:<\/p>\n<p style=\"padding-left: 120px;\">[&#8230;] Denn der leidenschaftliche Hinweis auf die Bedeutung von Freiheit f\u00fcr Universit\u00e4t und Gesellschaft pr\u00e4gt ja nicht nur die Tradition der Berliner Universit\u00e4t \u2013 Hermann Ludwig Ferdinand <strong>von Helmholtz <\/strong>nennt sie 1877 das spezifische Kennzeichen deutscher Universit\u00e4ten \u2026 und unter dem n\u00e4mlichen Stichwort Freiheit verlie\u00dfen 1948 viele Professoren und Studierende die Universit\u00e4t in der Stadtmitte, um <strong>in Dahlem eine Freie Universit\u00e4t zu gr\u00fcnden<\/strong>.<\/p>\n<p style=\"padding-left: 120px;\">Nein, von der Freiheit war in den letzten Wochen an der Humboldt-Universit\u00e4t stets mit unmittelbarer Gegenwartsrelevanz die Rede. Die Ehrenpromotion von <strong>Marcel Reich-Ranicki <\/strong>an derjenigen Universit\u00e4t, die ihn einst als Juden nicht zum Studium zulie\u00df, machte deutlich, dass zun\u00e4chst einmal <strong>ganz schlicht das freie Wort f\u00fcr eine Universit\u00e4t und Gesellschaft essentiell ist<\/strong>: Wenn Studierende nicht mehr dazu erzogen werden, ihre <strong>abweichenden Meinungen frei und offen zu \u00e4u\u00dfern<\/strong>, wenn potentielle kritische Geister gleich gar nicht zugelassen werden, dann decken laute Mi\u00dft\u00f6ne den Silberton zu [Bezugnahme auf eine eingangs zitierte Zeile von Montesquieu: &#8222;<em>O Freiheit, Silberton dem Ohre<\/em> &#8230;&#8220;]. Und <strong>Heinrich August Winkler <\/strong>hat in seiner Abschiedsvorlesung noch einmal deutlich gemacht, wie lange es in Europa und insbesondere hierzulande brauchte, bevor man sich nachhaltig und glaubw\u00fcrdig zur <strong>Freiheit bekannte, die Winkler als zentrales Element der westlichen Wertegemeinschaft <\/strong>vorstellte.<br \/>\n[&#8230;]<br \/>\nWenn in den Universit\u00e4ten also dann und wann sehr emphatisch von Freiheit gesprochen wird, dann ist das keine r\u00fchrselige R\u00fcckschau auf die Vergangenheit und auch kein abstraktes Beschw\u00f6ren von hehren Idealen, sondern ein unmittelbar <strong>gegenwartsrelevanter Hinweis auf die bedrohte akademische Freiheit<\/strong>. [Zitatende; Hervorhebungen von uns]\n<\/p>\n<p style=\"padding-left: 60px;\">Herr Professor Markschies spricht, als ob er unseren vorliegenden \u201c<em>Offenen Brief<\/em>\u201d vorausgeahnt hat. Er ruft H. Helmholtz und H. A. Winkler als <strong>Kronzeugen f\u00fcr unsere Sache <\/strong>auf, verweist auf den aktuell gewordenen Vorgang von Studiumsausschlu\u00df und Ehrenpromotion in der Person M. Reich-Ranickis, aus dem <strong>wir f\u00fcr die 80 Jahre lang ausgeschlossenen Kritiker der theoretischen Physik \u2013 in begrenzter Analogie \u2013 nur ihre schlichte Wiederzulassung <\/strong>fordern.<\/p>\n<p style=\"padding-left: 60px;\">Die Grundrechte unseres Grundgesetzes, die Kommentatoren des Grundgesetzes, Hermann Helmholtz, Heinrich August Winkler und der Pr\u00e4sident der Humboldt-Universit\u00e4t stehen mit ihren Worten auf seiten der Kritiker. Wo werden sie mit ihren Taten stehen?<\/p>\n<p style=\"padding-left: 60px;\">(G.O. Mueller)<\/p>\n<p>&#8212;&#8212;&#8212;&#8212;&#8212;&#8212;&#8212;&#8212;-<br \/>\nSiehe auch:<\/p>\n<p><a title=\"Permanenter Link zu Einzug der Kritik der Relativit\u00e4tstheorie in die Universit\u00e4ten\" href=\"http:\/\/wissenschaftliche-physik.com\/2010\/03\/einzug-der-kritik-der-relativitatstheorie-in-die-universitaten\/\" target=\"_blank\"><span style=\"color: #8e1600;\">Einzug der Kritik der Relativit\u00e4tstheorie in die Universit\u00e4ten<\/span><\/a><\/p>\n<p><a href=\"https:\/\/www.jocelyne-lopez.de\/blog\/2010\/03\/verantwortung-fur-die-universitare-ausbildung-ubernehmen\/\" target=\"_blank\"><span style=\"color: #8e1600;\">Verantwortung f\u00fcr die universit\u00e4re Ausbildung \u00fcbernehmen! <\/span><\/a><\/p>\n<p><a href=\"https:\/\/www.jocelyne-lopez.de\/blog\/2008\/03\/karl-popper-die-kritische-einstellung-ist-das-wesentliche-in-der-wissenschaft\/\" target=\"_blank\"><span style=\"color: #8e1600;\">Karl Popper: Die kritische Einstellung ist das Wesentliche in der Wissenschaft <\/span><\/a><\/p>\n<p><a href=\"https:\/\/www.jocelyne-lopez.de\/blog\/2010\/02\/die-verantwortung-des-herrn-prof-dr-jurgen-richter\/\" target=\"_blank\">Die Verantwortung des Herrn Prof. Dr. J\u00fcrgen Richter <\/a><\/p>\n","protected":false},"excerpt":{"rendered":"<p>Ich komme auf meinen Eintrag Die konkreten Folgen der Unfreiheit in der theoretischen Physik zur\u00fcck und zitiere\u00a0weiter aus dem Brief von G.O. Mueller vom M\u00e4rz 2007 an 100 Professoren der Humboldt-Universit\u00e4t Berlin und an 100 Professoren der Technischen Universit\u00e4t Dresden:\u00a0\u00a0 \u00a0 HU-Pr\u00e4sident : \u201cdas freie Wort [ist] f\u00fcr eine Universit\u00e4t und Gesellschaft essentiell\u201d Der Pr\u00e4sident [&hellip;]<\/p>\n","protected":false},"author":3,"featured_media":0,"comment_status":"closed","ping_status":"open","sticky":false,"template":"","format":"standard","meta":{"om_disable_all_campaigns":false,"_monsterinsights_skip_tracking":false,"_monsterinsights_sitenote_active":false,"_monsterinsights_sitenote_note":"","_monsterinsights_sitenote_category":0,"ngg_post_thumbnail":0,"footnotes":""},"categories":[11,13],"tags":[116,1335,16,1336],"class_list":["post-4557","post","type-post","status-publish","format-standard","hentry","category-go-mueller","category-kritik-der-relativitatstheorie","tag-christoph-markschies","tag-go-mueller","tag-gom-projekt","tag-kritik-der-relativitatstheorie"],"aioseo_notices":[],"_links":{"self":[{"href":"https:\/\/www.jocelyne-lopez.de\/blog\/wp-json\/wp\/v2\/posts\/4557"}],"collection":[{"href":"https:\/\/www.jocelyne-lopez.de\/blog\/wp-json\/wp\/v2\/posts"}],"about":[{"href":"https:\/\/www.jocelyne-lopez.de\/blog\/wp-json\/wp\/v2\/types\/post"}],"author":[{"embeddable":true,"href":"https:\/\/www.jocelyne-lopez.de\/blog\/wp-json\/wp\/v2\/users\/3"}],"replies":[{"embeddable":true,"href":"https:\/\/www.jocelyne-lopez.de\/blog\/wp-json\/wp\/v2\/comments?post=4557"}],"version-history":[{"count":0,"href":"https:\/\/www.jocelyne-lopez.de\/blog\/wp-json\/wp\/v2\/posts\/4557\/revisions"}],"wp:attachment":[{"href":"https:\/\/www.jocelyne-lopez.de\/blog\/wp-json\/wp\/v2\/media?parent=4557"}],"wp:term":[{"taxonomy":"category","embeddable":true,"href":"https:\/\/www.jocelyne-lopez.de\/blog\/wp-json\/wp\/v2\/categories?post=4557"},{"taxonomy":"post_tag","embeddable":true,"href":"https:\/\/www.jocelyne-lopez.de\/blog\/wp-json\/wp\/v2\/tags?post=4557"}],"curies":[{"name":"wp","href":"https:\/\/api.w.org\/{rel}","templated":true}]}}